{"id":1395,"date":"2022-02-15T15:24:02","date_gmt":"2022-02-15T14:24:02","guid":{"rendered":"https:\/\/us.edu.pl\/t4e\/?p=1395"},"modified":"2022-02-15T16:44:18","modified_gmt":"2022-02-15T15:44:18","slug":"transform4europe-chair-exchange-lista-osob-ktore-poprowadza-zajecia-w-uczelniach-sojuszu","status":"publish","type":"post","link":"https:\/\/us.edu.pl\/t4e\/transform4europe-chair-exchange-lista-osob-ktore-poprowadza-zajecia-w-uczelniach-sojuszu\/","title":{"rendered":"Transform4Europe Chair Exchange | lista os\u00f3b, kt\u00f3re poprowadz\u0105 zaj\u0119cia w uczelniach sojuszu"},"content":{"rendered":"<p>[vc_row css=&#8221;.vc_custom_1628696935370{margin-bottom: 0px !important;border-bottom-width: 0px !important;padding-bottom: 0px !important;}&#8221;][vc_column width=&#8221;2\/3&#8243; css=&#8221;.vc_custom_1628676746787{margin-bottom: 0px !important;border-bottom-width: 0px !important;padding-bottom: 0px !important;}&#8221;]\r\n                <div class=\"text-modules\">\r\n                    <div class=\"container\">\r\n                        \r\n                        <div class=\"text-modules__content\"><\/p>\n<p style=\"line-height: 0.9; color: #000000; font-family: 'PT Sans Narrow'; font-size: 2.5em;\"><strong>TRANSFORM4EUROPE<br \/>\nCHAIR EXCHANGE<\/strong><\/p>\n<p style=\"line-height: 1.2; color: #000000; font-family: 'PT Sans';\">WYNIKI NABORU<\/p>\n<p style=\"line-height: 0.9; color: #000000; font-family: 'PT Sans Narrow';\"><strong>SEMESTR LETNI 2021\/2022<br \/>\n<\/strong><\/p>\n<p>\n<\/div>\r\n                    <\/div>\r\n                <\/div>[vc_empty_space height=&#8221;16px&#8221;][vc_row_inner][vc_column_inner width=&#8221;2\/3&#8243;][vc_empty_space height=&#8221;1px&#8221; css=&#8221;.vc_custom_1628690988868{background-color: #71af3a !important;}&#8221;][\/vc_column_inner][vc_column_inner width=&#8221;1\/3&#8243;][\/vc_column_inner][\/vc_row_inner][\/vc_column][vc_column width=&#8221;1\/3&#8243;][\/vc_column][\/vc_row][vc_row el_class=&#8221;container&#8221;][vc_column][vc_empty_space height=&#8221;48px&#8221;]\r\n                <div class=\"text-modules\">\r\n                    <div class=\"container\">\r\n                        \r\n                        <div class=\"text-modules__content\"><\/p>\n<p style=\"line-height: 0.9; color: #000000; font-family: 'PT Sans Narrow'; font-size: 1.8em;\"><strong>INFORMACJA<\/strong><\/p>\n<p>\n<\/div>\r\n                    <\/div>\r\n                <\/div>[\/vc_column][\/vc_row][vc_row el_class=&#8221;container font-content&#8221;][vc_column width=&#8221;1\/4&#8243;][\/vc_column][vc_column width=&#8221;3\/4&#8243;]\r\n                <div class=\"text-modules\">\r\n                    <div class=\"container\">\r\n                        \r\n                        <div class=\"text-modules__content\"><p>Dobieg\u0142 ko\u0144ca nab\u00f3r do pierwszej edycji konkursu Transform4Europe Chair Exchange. Z uwagi na du\u017ce zainteresowanie oraz doskona\u0142e wnioski, wsp\u00f3lny Komitet Selekcyjny podj\u0105\u0142 decyzj\u0119, aby przyj\u0105\u0107 wszystkich, kt\u00f3rzy spe\u0142niali wymogi programu.<\/p>\n<p>Poni\u017cej znajduje si\u0119 lista uczestnik\u00f3w programu przyj\u0119tych na poszczeg\u00f3lne uniwersytety.<\/p>\n<\/div>\r\n                    <\/div>\r\n                <\/div>[\/vc_column][\/vc_row][vc_row el_class=&#8221;container&#8221;][vc_column][vc_separator color=&#8221;custom&#8221; accent_color=&#8221;#71af3a&#8221;][\/vc_column][\/vc_row][vc_row el_class=&#8221;container&#8221;][vc_column][vc_empty_space height=&#8221;16px&#8221;]\r\n                <div class=\"text-modules\">\r\n                    <div class=\"container\">\r\n                        \r\n                        <div class=\"text-modules__content\"><\/p>\n<p style=\"line-height: 0.9; color: #000000; font-family: 'PT Sans Narrow'; font-size: 1.8em;\"><strong>LISTA UCZESTNIK\u00d3W<\/strong><\/p>\n<p>\n<\/div>\r\n                    <\/div>\r\n                <\/div>[\/vc_column][\/vc_row][vc_row el_class=&#8221;container font-content&#8221;][vc_column width=&#8221;1\/4&#8243;][\/vc_column][vc_column width=&#8221;3\/4&#8243;]\r\n                <div class=\"text-modules\">\r\n                    <div class=\"container\">\r\n                        \r\n                        <div class=\"text-modules__content\"><p><strong>Uniwersytet Kraju Saary (Niemcy):<\/strong><\/p>\n<ul>\n<li>dr hab. Zbigniew Feliszewski, prof. U\u015a; Uniwersytet \u015al\u0105ski.<br \/>\nObszar priorytetowy sojuszu Transform4Europe: transformacja spo\u0142eczna, budowanie spo\u0142ecze\u0144stwa oraz inkluzja;<\/li>\n<li>Prof. Dr. Kalin Kalinov; Uniwersytet Sofijski im. \u015bw. Klemensa z Ochrydy.<br \/>\nObszar priorytetowy sojuszu Transform4Europe: transformacja cyfrowa i inteligentne regiony.<\/li>\n<\/ul>\n<p><strong>Uniwersytet w Alicante (Hiszpania):<\/strong><\/p>\n<ul>\n<li>dr hab. Agnieszka Nowak-Brzezi\u0144ska, prof. U\u015a; Uniwersytet \u015al\u0105ski.<br \/>\nObszar priorytetowy sojuszu Transform4Europe: transformacja cyfrowa i inteligentne regiony;<\/li>\n<\/ul>\n<p><strong>Uniwersytet \u015al\u0105ski w Katowicach (Polska):<\/strong><\/p>\n<ul>\n<li>Prof. Dr. Milena Dobreva; Uniwersytet Sofijski im. \u015bw. Klemensa z Ochrydy.<br \/>\nObszar priorytetowy sojuszu Transform4Europe: transformacja cyfrowa i inteligentne regiony;<\/li>\n<li>Prof. Dr. Habil. \u0160ar\u016bnas Liekis; Uniwersytet Witolda Wielkiego.<br \/>\nObszar priorytetowy sojuszu Transform4Europe: transformacja spo\u0142eczna, budowanie spo\u0142ecze\u0144stwa oraz inkluzja;<\/li>\n<li>Assoc. Prof. Dr. Genovaite Liobikiene; Uniwersytet Witolda Wielkiego.<br \/>\nObszar priorytetowy sojuszu Transform4Europe: transformacja \u015brodowiskowa oraz zr\u00f3wnowa\u017cony rozw\u00f3j.<\/li>\n<\/ul>\n<p><strong>Uniwersytet Sofijski im. \u015bw. Klemensa z Ochrydy (Bu\u0142garia)<\/strong><\/p>\n<ul>\n<li>Assoc. Prof. Dr. Giovanni Bacaro; Uniwersytet w Trie\u015bcie.<br \/>\nObszar priorytetowy sojuszu Transform4Europe: transformacja \u015brodowiskowa oraz zr\u00f3wnowa\u017cony rozw\u00f3j;<\/li>\n<li>dr hab. Edyta Widawska, prof. U\u015a; Uniwersytet \u015al\u0105ski.<br \/>\nObszar priorytetowy sojuszu Transform4Europe: transformacja spo\u0142eczna, budowanie spo\u0142ecze\u0144stwa oraz inkluzja;<\/li>\n<li>Prof. Dr. Hilkka Hiiop; Esto\u0144ska Akademia Sztuki.<br \/>\nObszar priorytetowy sojuszu Transform4Europe: transformacja spo\u0142eczna, budowanie spo\u0142ecze\u0144stwa oraz inkluzja;<\/li>\n<li>Assoc. Prof. Dr. Riin Alatalu, Esto\u0144ska Akademia Sztuki.<br \/>\nObszar priorytetowy sojuszu Transform4Europe: transformacja spo\u0142eczna, budowanie spo\u0142ecze\u0144stwa oraz inkluzja;<\/li>\n<li>dr Sylwia Szostak; Uniwersytet \u015al\u0105ski.<br \/>\nObszar priorytetowy sojuszu Transform4Europe: transformacja cyfrowa i inteligentne regiony;<\/li>\n<li>dr Agata Stronciwilk; Uniwersytet \u015al\u0105ski.<br \/>\nObszar priorytetowy sojuszu Transform4Europe: transformacja spo\u0142eczna, budowanie spo\u0142ecze\u0144stwa oraz inkluzja.<\/li>\n<\/ul>\n<p><strong>Uniwersytet w Trie\u015bcie (W\u0142ochy)<\/strong><\/p>\n<ul>\n<li>dr hab. Eugenia Smyrnova-Trybulska, prof. U\u015a; Uniwersytet \u015al\u0105ski w Katowicach.<br \/>\nObszar priorytetowy sojuszu Transform4Europe: transformacja cyfrowa i inteligentne regiony.<\/li>\n<\/ul>\n<p><strong>Uniwersytet Witolda Wielkiego w Kownie (Litwa)<\/strong><\/p>\n<ul>\n<li>dr hab. Robert Rajczyk, adiunkt na Uniwersytecie \u015al\u0105skim.<br \/>\nObszar priorytetowy sojuszu Transform4Europe: transformacja spo\u0142eczna, budowanie spo\u0142ecze\u0144stwa oraz inkluzja.<\/li>\n<\/ul>\n<p>Inicjatywa Transform4Europe Chair Exchange s\u0142u\u017cy do zacie\u015bniania wsp\u00f3\u0142pracy mi\u0119dzy m\u0142odymi naukowcami. W zwi\u0105zku z tym, Gytis Dovydaitis, doktorant oraz wyk\u0142adowca z Wydzia\u0142u Sztuki Wsp\u00f3\u0142czesnej na Uniwersytecie Witolda Wielkiego zosta\u0142 przyj\u0119ty na Esto\u0144sk\u0105 Akademi\u0119 Sztuki na semestr letni 2022, gdzie b\u0119dzie wyk\u0142ada\u0142 oraz pracowa\u0142 nad swoim projektem doktorskim. Wymiana ta ma si\u0119 przerodzi\u0107 w inicjatyw\u0119 Transform4Europe Junior Chair.<\/p>\n<\/div>\r\n                    <\/div>\r\n                <\/div>\r\n                <div class=\"text-modules\">\r\n                    <div class=\"container\">\r\n                        \r\n                        <div class=\"text-modules__content\"><p><img class=\"alignnone wp-image-1331 size-medium\" src=\"https:\/\/us.edu.pl\/t4e\/wp-content\/uploads\/sites\/59\/grafiki\/chair-exchange-2021-2022\/slider_T4Europe-chair-exchange_EN-800x336.jpg\" alt=\"Transform4Europe Chair Exchange\" width=\"100%\" height=\"auto\" srcset=\"https:\/\/us.edu.pl\/t4e\/wp-content\/uploads\/sites\/59\/grafiki\/chair-exchange-2021-2022\/slider_T4Europe-chair-exchange_EN-800x336.jpg 800w, https:\/\/us.edu.pl\/t4e\/wp-content\/uploads\/sites\/59\/grafiki\/chair-exchange-2021-2022\/slider_T4Europe-chair-exchange_EN-768x323.jpg 768w, https:\/\/us.edu.pl\/t4e\/wp-content\/uploads\/sites\/59\/grafiki\/chair-exchange-2021-2022\/slider_T4Europe-chair-exchange_EN-1024x430.jpg 1024w, https:\/\/us.edu.pl\/t4e\/wp-content\/uploads\/sites\/59\/grafiki\/chair-exchange-2021-2022\/slider_T4Europe-chair-exchange_EN-575x242.jpg 575w, https:\/\/us.edu.pl\/t4e\/wp-content\/uploads\/sites\/59\/grafiki\/chair-exchange-2021-2022\/slider_T4Europe-chair-exchange_EN.jpg 1095w\" sizes=\"(max-width: 800px) 100vw, 800px\" \/><\/p>\n<\/div>\r\n                    <\/div>\r\n                <\/div>[\/vc_column][\/vc_row]<\/p>","protected":false},"excerpt":{"rendered":"<p>[vc_row css=&#8221;.vc_custom_1628696935370{margin-bottom: 0px !important;border-bottom-width: 0px !important;padding-bottom: 0px !important;}&#8221;][vc_column width=&#8221;2\/3&#8243; css=&#8221;.vc_custom_1628676746787{margin-bottom: 0px !important;border-bottom-width: 0px !important;padding-bottom: 0px !important;}&#8221;][vc_empty_space height=&#8221;16px&#8221;][vc_row_inner][vc_column_inner width=&#8221;2\/3&#8243;][vc_empty_space height=&#8221;1px&#8221; css=&#8221;.vc_custom_1628690988868{background-color: #71af3a !important;}&#8221;][\/vc_column_inner][vc_column_inner width=&#8221;1\/3&#8243;][\/vc_column_inner][\/vc_row_inner][\/vc_column][vc_column width=&#8221;1\/3&#8243;][\/vc_column][\/vc_row][vc_row el_class=&#8221;container&#8221;][vc_column][vc_empty_space height=&#8221;48px&#8221;][\/vc_column][\/vc_row][vc_row el_class=&#8221;container font-content&#8221;][vc_column width=&#8221;1\/4&#8243;][\/vc_column][vc_column width=&#8221;3\/4&#8243;][\/vc_column][\/vc_row][vc_row el_class=&#8221;container&#8221;][vc_column][vc_separator color=&#8221;custom&#8221; accent_color=&#8221;#71af3a&#8221;][\/vc_column][\/vc_row][vc_row el_class=&#8221;container&#8221;][vc_column][vc_empty_space height=&#8221;16px&#8221;][\/vc_column][\/vc_row][vc_row el_class=&#8221;container font-content&#8221;][vc_column width=&#8221;1\/4&#8243;][\/vc_column][vc_column width=&#8221;3\/4&#8243;][\/vc_column][\/vc_row] [&#8230;]<\/p>\n<p><a class=\"btn btn-secondary understrap-read-more-link\" href=\"https:\/\/us.edu.pl\/t4e\/transform4europe-chair-exchange-lista-osob-ktore-poprowadza-zajecia-w-uczelniach-sojuszu\/\">Read More&#8230;<\/a><\/p>\n","protected":false},"author":139,"featured_media":1330,"comment_status":"open","ping_status":"open","sticky":false,"template":"","format":"standard","meta":{"_expiration-date-status":"saved","_expiration-date":0,"_expiration-date-type":"","_expiration-date-categories":[],"_expiration-date-options":[]},"categories":[12],"tags":[71,70],"acf":[],"_links":{"self":[{"href":"https:\/\/us.edu.pl\/t4e\/wp-json\/wp\/v2\/posts\/1395"}],"collection":[{"href":"https:\/\/us.edu.pl\/t4e\/wp-json\/wp\/v2\/posts"}],"about":[{"href":"https:\/\/us.edu.pl\/t4e\/wp-json\/wp\/v2\/types\/post"}],"author":[{"embeddable":true,"href":"https:\/\/us.edu.pl\/t4e\/wp-json\/wp\/v2\/users\/139"}],"replies":[{"embeddable":true,"href":"https:\/\/us.edu.pl\/t4e\/wp-json\/wp\/v2\/comments?post=1395"}],"version-history":[{"count":3,"href":"https:\/\/us.edu.pl\/t4e\/wp-json\/wp\/v2\/posts\/1395\/revisions"}],"predecessor-version":[{"id":1400,"href":"https:\/\/us.edu.pl\/t4e\/wp-json\/wp\/v2\/posts\/1395\/revisions\/1400"}],"wp:featuredmedia":[{"embeddable":true,"href":"https:\/\/us.edu.pl\/t4e\/wp-json\/wp\/v2\/media\/1330"}],"wp:attachment":[{"href":"https:\/\/us.edu.pl\/t4e\/wp-json\/wp\/v2\/media?parent=1395"}],"wp:term":[{"taxonomy":"category","embeddable":true,"href":"https:\/\/us.edu.pl\/t4e\/wp-json\/wp\/v2\/categories?post=1395"},{"taxonomy":"post_tag","embeddable":true,"href":"https:\/\/us.edu.pl\/t4e\/wp-json\/wp\/v2\/tags?post=1395"}],"curies":[{"name":"wp","href":"https:\/\/api.w.org\/{rel}","templated":true}]}}