{"id":2017,"date":"2023-03-09T13:11:53","date_gmt":"2023-03-09T12:11:53","guid":{"rendered":"https:\/\/us.edu.pl\/t4e\/?p=2017"},"modified":"2023-03-30T15:07:20","modified_gmt":"2023-03-30T13:07:20","slug":"t4eu-week-w-hiszpanii","status":"publish","type":"post","link":"https:\/\/us.edu.pl\/t4e\/t4eu-week-w-hiszpanii\/","title":{"rendered":"T4EU Week w Hiszpanii"},"content":{"rendered":"<p>[vc_row][vc_column width=&#8221;2\/3&#8243;]\r\n                <div class=\"text-modules\">\r\n                    <div class=\"container\">\r\n                        \r\n                        <div class=\"text-modules__content\"><p>Transform4Europe zaprasza do udzia\u0142u w\u00a0<strong>Transform4Europe Week<\/strong>\u00a0w dniach 8\u201310 maja 2023 roku organizowanym przez Uniwersytet w Alicante (Hiszpania).<\/p>\n<p>G\u0142\u00f3wnym tematem wydarzenia b\u0119dzie \u201eDigital Transformation\u201d. Studenci b\u0119d\u0105 mieli okazj\u0119 wzi\u0105\u0107 udzia\u0142 w kursach, za kt\u00f3rych uko\u0144czenie otrzymaj\u0105 3 ECTS. Szczeg\u00f3\u0142owe informacje na temat kurs\u00f3w w <a href=\"https:\/\/us.edu.pl\/t4e\/wp-content\/uploads\/sites\/59\/Bez-kategorii\/T4EUWeek_Alicante_Call-for-students.pdf\" class=\"mtli_attachment mtli_pdf\" data-mtli=\"mtli_filesize205,32kB\" class=\"mtli_attachment mtli_pdf\" data-mtli=\"mtli_filesize205,32kB\">za\u0142\u0105czniku<\/a>.<\/p>\n<p><strong>Uwaga:<\/strong>\u00a0koszty podr\u00f3\u017cy, zakwaterowania oraz wy\u017cywienia zostan\u0105 sfinansowane z bud\u017cetu projektu T4EU. Wyjazd b\u0119dzie si\u0119 odbywa\u0142 na podstawie polecenia wyjazdu s\u0142u\u017cbowego (wniosek WP), na zasadach okre\u015blonych w zarz\u0105dzeniu nr 71\/2021 rektora U\u015a. Do 14 dni od powrotu ka\u017cdy uczestnik ma obowi\u0105zek rozliczy\u0107 podr\u00f3\u017c, sk\u0142adaj\u0105c do Biura Rozlicze\u0144 Mobilno\u015bci Mi\u0119dzynarodowych rachunek koszt\u00f3w. Prosimy o dok\u0142adne zapoznanie si\u0119 z informacjami dost\u0119pnymi na stronie dotycz\u0105cej\u00a0<a href=\"https:\/\/us.edu.pl\/pracownik\/sprawy-miedzynarodowe\/mobilnosc-miedzynarodowa\/wyjazdy-zagraniczne\/zasady-ogolne\/\">wyjazd\u00f3w zagranicznych<\/a>.<\/p>\n<p>Formularz zg\u0142oszeniowy dla student\u00f3w i studentek Uniwersytetu \u015al\u0105skiego w Katowicach dost\u0119pny jest na stronie:\u00a0<a href=\"https:\/\/formularze.us.edu.pl\/form\/index\/3890\">https:\/\/formularze.us.edu.pl\/form\/index\/3890<\/a>.<\/p>\n<p>Liczba miejsc jest ograniczona. Wyb\u00f3r uczestnik\u00f3w nast\u0105pi na podstawie oceny zg\u0142osze\u0144, kt\u00f3re nale\u017cy przesy\u0142a\u0107 do\u00a0<strong>24 marca 2023 roku<\/strong>.<\/p>\n<p>W przypadku pyta\u0144 prosimy o kontakt z Biurem Transform4Europe:\u00a0<a href=\"mailto:transform4europe@us.edu.pl\">transform4europe@us.edu.pl<\/a>.<\/p>\n<style type=\"text\/css\">a[data-mtli~=\"mtli_filesize205,32kB\"]:after {content:\" (205,32 kB)\"}<\/style><\/div>\r\n                    <\/div>\r\n                <\/div>[\/vc_column][vc_column width=&#8221;1\/3&#8243;]\r\n                <div class=\"text-modules\">\r\n                    <div class=\"container\">\r\n                        \r\n                        <div class=\"text-modules__content\"><p><img class=\"alignnone size-medium wp-image-2019\" src=\"https:\/\/us.edu.pl\/t4e\/wp-content\/uploads\/sites\/59\/Bez-kategorii\/t4eu_Week_Alicante_1200x1200-800x800.png\" alt=\"\" width=\"100%\" height=\"auto\" srcset=\"https:\/\/us.edu.pl\/t4e\/wp-content\/uploads\/sites\/59\/Bez-kategorii\/t4eu_Week_Alicante_1200x1200-800x800.png 800w, https:\/\/us.edu.pl\/t4e\/wp-content\/uploads\/sites\/59\/Bez-kategorii\/t4eu_Week_Alicante_1200x1200-1024x1024.png 1024w, https:\/\/us.edu.pl\/t4e\/wp-content\/uploads\/sites\/59\/Bez-kategorii\/t4eu_Week_Alicante_1200x1200-150x150.png 150w, https:\/\/us.edu.pl\/t4e\/wp-content\/uploads\/sites\/59\/Bez-kategorii\/t4eu_Week_Alicante_1200x1200-768x768.png 768w, https:\/\/us.edu.pl\/t4e\/wp-content\/uploads\/sites\/59\/Bez-kategorii\/t4eu_Week_Alicante_1200x1200-575x575.png 575w, https:\/\/us.edu.pl\/t4e\/wp-content\/uploads\/sites\/59\/Bez-kategorii\/t4eu_Week_Alicante_1200x1200.png 1200w\" sizes=\"(max-width: 800px) 100vw, 800px\" \/><\/p>\n<\/div>\r\n                    <\/div>\r\n                <\/div>[\/vc_column][\/vc_row]<\/p>\n<style type=\"text\/css\">a[data-mtli~=\"mtli_filesize205,32kB\"]:after {content:\" (205,32 kB)\"}<\/style>","protected":false},"excerpt":{"rendered":"<p>[vc_row][vc_column width=&#8221;2\/3&#8243;][\/vc_column][vc_column width=&#8221;1\/3&#8243;][\/vc_column][\/vc_row] [&#8230;]<\/p>\n<p><a class=\"btn btn-secondary understrap-read-more-link\" href=\"https:\/\/us.edu.pl\/t4e\/t4eu-week-w-hiszpanii\/\">Read More&#8230;<\/a><\/p>\n","protected":false},"author":5485,"featured_media":2112,"comment_status":"open","ping_status":"open","sticky":false,"template":"","format":"standard","meta":{"_expiration-date-status":"","_expiration-date":0,"_expiration-date-type":"","_expiration-date-categories":[],"_expiration-date-options":[]},"categories":[12],"tags":[],"acf":[],"_links":{"self":[{"href":"https:\/\/us.edu.pl\/t4e\/wp-json\/wp\/v2\/posts\/2017"}],"collection":[{"href":"https:\/\/us.edu.pl\/t4e\/wp-json\/wp\/v2\/posts"}],"about":[{"href":"https:\/\/us.edu.pl\/t4e\/wp-json\/wp\/v2\/types\/post"}],"author":[{"embeddable":true,"href":"https:\/\/us.edu.pl\/t4e\/wp-json\/wp\/v2\/users\/5485"}],"replies":[{"embeddable":true,"href":"https:\/\/us.edu.pl\/t4e\/wp-json\/wp\/v2\/comments?post=2017"}],"version-history":[{"count":3,"href":"https:\/\/us.edu.pl\/t4e\/wp-json\/wp\/v2\/posts\/2017\/revisions"}],"predecessor-version":[{"id":2065,"href":"https:\/\/us.edu.pl\/t4e\/wp-json\/wp\/v2\/posts\/2017\/revisions\/2065"}],"wp:featuredmedia":[{"embeddable":true,"href":"https:\/\/us.edu.pl\/t4e\/wp-json\/wp\/v2\/media\/2112"}],"wp:attachment":[{"href":"https:\/\/us.edu.pl\/t4e\/wp-json\/wp\/v2\/media?parent=2017"}],"wp:term":[{"taxonomy":"category","embeddable":true,"href":"https:\/\/us.edu.pl\/t4e\/wp-json\/wp\/v2\/categories?post=2017"},{"taxonomy":"post_tag","embeddable":true,"href":"https:\/\/us.edu.pl\/t4e\/wp-json\/wp\/v2\/tags?post=2017"}],"curies":[{"name":"wp","href":"https:\/\/api.w.org\/{rel}","templated":true}]}}