{"id":2118,"date":"2023-03-30T15:19:20","date_gmt":"2023-03-30T13:19:20","guid":{"rendered":"https:\/\/us.edu.pl\/t4e\/?p=2118"},"modified":"2023-04-03T08:52:51","modified_gmt":"2023-04-03T06:52:51","slug":"koncert-festiwalu-kultury-europejskiej-t4eu","status":"publish","type":"post","link":"https:\/\/us.edu.pl\/t4e\/koncert-festiwalu-kultury-europejskiej-t4eu\/","title":{"rendered":"Koncert w ramach Festiwalu Kultury Europejskiej T4EU"},"content":{"rendered":"<p>[vc_row][vc_column width=&#8221;2\/3&#8243;]\r\n                <div class=\"text-modules\">\r\n                    <div class=\"container\">\r\n                        \r\n                        <div class=\"text-modules__content\"><p>Serdecznie zapraszamy do udzia\u0142u w koncercie galowym Festiwalu Kultury Europejskiej Transform4Europe, kt\u00f3ry odb\u0119dzie si\u0119 we wtorek 25 kwietnia 2023 roku o godzinie 18.00 w sali koncertowej Akademii Muzycznej im. Karola Szymanowskiego w Katowicach.<\/p>\n<p>Podczas koncertu zaprezentowany zostanie Hymn Transform4Europe, kt\u00f3rego kompozytorem jest dr Adrian Robak, prof. U\u015a. Ponadto wyst\u0105pi\u0105 liczni arty\u015bci z Polski oraz kraj\u00f3w wchodz\u0105cych w sk\u0142ad sojuszu, a w ich wykonaniu b\u0119dzie mo\u017cna us\u0142ysze\u0107 dzie\u0142a m.in.: W. A. Mozarta, G. Verdiego, J. Brahmsa, M. Ravela i wielu innych kompozytor\u00f3w.<\/p>\n<p>Zg\u0142oszenie nale\u017cy przes\u0142a\u0107 do 20 kwietnia 2023 roku na adres e-mail: <a href=\"mailto:koncert@us.edu.pl\">koncert@us.edu.pl<\/a>.<br \/>\nZe wzgl\u0119du na ograniczon\u0105 liczb\u0119 miejsc o udziale w wydarzeniu decyduje kolejno\u015b\u0107 zg\u0142osze\u0144.<\/p>\n<p>Wydarzenie w j\u0119zyku angielskim.<br \/>\nOd 24 do 28 kwietnia 2023 roku w Uniwersytecie \u015al\u0105skim odb\u0119d\u0105 si\u0119 trzy wydarzenia w ramach sojuszu Uniwersytetu Europejskiego: Transform4Europe Week, Festiwal Kultury Europejskiej Transform4Europe oraz Transform4Europe PhD Conference.<\/p>\n<p><a href=\"https:\/\/us.edu.pl\/t4e\/wp-content\/uploads\/sites\/59\/pliki\/Zaproszenie-w-jezyku-angielskim.pdf\" class=\"mtli_attachment mtli_pdf\" data-mtli=\"mtli_filesize3,58MB\" class=\"mtli_attachment mtli_pdf\" data-mtli=\"mtli_filesize3,58MB\">Zaproszenie w j\u0119zyku angielskim<\/a><\/p>\n<p><a href=\"https:\/\/us.edu.pl\/t4e\/wp-content\/uploads\/sites\/59\/pliki\/Zaproszenie-w-jezyku-polskim.pdf\" class=\"mtli_attachment mtli_pdf\" data-mtli=\"mtli_filesize3,61MB\" class=\"mtli_attachment mtli_pdf\" data-mtli=\"mtli_filesize3,61MB\">Zaproszenie_w j\u0119zyku polskim<\/a><\/p>\n<style type=\"text\/css\">a[data-mtli~=\"mtli_filesize3,58MB\"]:after {content:\" (3,58 MB)\"}a[data-mtli~=\"mtli_filesize3,61MB\"]:after {content:\" (3,61 MB)\"}<\/style><\/div>\r\n                    <\/div>\r\n                <\/div>[\/vc_column][vc_column width=&#8221;1\/3&#8243;]\r\n                <div class=\"text-modules\">\r\n                    <div class=\"container\">\r\n                        \r\n                        <div class=\"text-modules__content\"><p><img class=\"alignnone size-full wp-image-2119\" src=\"https:\/\/us.edu.pl\/t4e\/wp-content\/uploads\/sites\/59\/Bez-kategorii\/koncert_obrazek_800x600px.png\" alt=\"Grafika promuj\u0105ca wydarzenie\" width=\"100%\" height=\"auto\" srcset=\"https:\/\/us.edu.pl\/t4e\/wp-content\/uploads\/sites\/59\/Bez-kategorii\/koncert_obrazek_800x600px.png 800w, https:\/\/us.edu.pl\/t4e\/wp-content\/uploads\/sites\/59\/Bez-kategorii\/koncert_obrazek_800x600px-768x576.png 768w, https:\/\/us.edu.pl\/t4e\/wp-content\/uploads\/sites\/59\/Bez-kategorii\/koncert_obrazek_800x600px-575x431.png 575w\" sizes=\"(max-width: 800px) 100vw, 800px\" \/><\/p>\n<\/div>\r\n                    <\/div>\r\n                <\/div>[\/vc_column][\/vc_row]<\/p>\n<style type=\"text\/css\">a[data-mtli~=\"mtli_filesize3,58MB\"]:after {content:\" (3,58 MB)\"}a[data-mtli~=\"mtli_filesize3,61MB\"]:after {content:\" (3,61 MB)\"}<\/style>","protected":false},"excerpt":{"rendered":"<p>[vc_row][vc_column width=&#8221;2\/3&#8243;][\/vc_column][vc_column width=&#8221;1\/3&#8243;][\/vc_column][\/vc_row] [&#8230;]<\/p>\n<p><a class=\"btn btn-secondary understrap-read-more-link\" href=\"https:\/\/us.edu.pl\/t4e\/koncert-festiwalu-kultury-europejskiej-t4eu\/\">Read More&#8230;<\/a><\/p>\n","protected":false},"author":5485,"featured_media":2119,"comment_status":"open","ping_status":"open","sticky":false,"template":"","format":"standard","meta":{"_expiration-date-status":"","_expiration-date":0,"_expiration-date-type":"","_expiration-date-categories":[],"_expiration-date-options":[]},"categories":[12],"tags":[],"acf":[],"_links":{"self":[{"href":"https:\/\/us.edu.pl\/t4e\/wp-json\/wp\/v2\/posts\/2118"}],"collection":[{"href":"https:\/\/us.edu.pl\/t4e\/wp-json\/wp\/v2\/posts"}],"about":[{"href":"https:\/\/us.edu.pl\/t4e\/wp-json\/wp\/v2\/types\/post"}],"author":[{"embeddable":true,"href":"https:\/\/us.edu.pl\/t4e\/wp-json\/wp\/v2\/users\/5485"}],"replies":[{"embeddable":true,"href":"https:\/\/us.edu.pl\/t4e\/wp-json\/wp\/v2\/comments?post=2118"}],"version-history":[{"count":8,"href":"https:\/\/us.edu.pl\/t4e\/wp-json\/wp\/v2\/posts\/2118\/revisions"}],"predecessor-version":[{"id":2144,"href":"https:\/\/us.edu.pl\/t4e\/wp-json\/wp\/v2\/posts\/2118\/revisions\/2144"}],"wp:featuredmedia":[{"embeddable":true,"href":"https:\/\/us.edu.pl\/t4e\/wp-json\/wp\/v2\/media\/2119"}],"wp:attachment":[{"href":"https:\/\/us.edu.pl\/t4e\/wp-json\/wp\/v2\/media?parent=2118"}],"wp:term":[{"taxonomy":"category","embeddable":true,"href":"https:\/\/us.edu.pl\/t4e\/wp-json\/wp\/v2\/categories?post=2118"},{"taxonomy":"post_tag","embeddable":true,"href":"https:\/\/us.edu.pl\/t4e\/wp-json\/wp\/v2\/tags?post=2118"}],"curies":[{"name":"wp","href":"https:\/\/api.w.org\/{rel}","templated":true}]}}