{"id":4513,"date":"2025-02-18T09:56:53","date_gmt":"2025-02-18T08:56:53","guid":{"rendered":"https:\/\/us.edu.pl\/t4e\/?p=4513"},"modified":"2025-02-18T10:26:38","modified_gmt":"2025-02-18T09:26:38","slug":"miedzynarodowy-dzien-jezyka-ojczystego-na-vmu","status":"publish","type":"post","link":"https:\/\/us.edu.pl\/t4e\/miedzynarodowy-dzien-jezyka-ojczystego-na-vmu\/","title":{"rendered":"Mi\u0119dzynarodowy Dzie\u0144 J\u0119zyka Ojczystego na VMU"},"content":{"rendered":"<p>[vc_row][vc_column width=&#8221;2\/3&#8243;]\r\n                <div class=\"text-modules\">\r\n                    <div class=\"container\">\r\n                        \r\n                        <div class=\"text-modules__content\"><p>Uniwersytet Witolda Wielkiego w Kownie zaprasza spo\u0142eczno\u015b\u0107 uczelni partnerskich <b>Transform4Europe\u00a0<\/b>do udzia\u0142u w\u00a0<b>wydarzeniach\u00a0<\/b>(r\u00f3wnie\u017c online) z okazji og\u0142oszonego przez ONZ\u00a0<b>Mi\u0119dzynarodowym<\/b>\u00a0<b>Dniu J\u0119zyka Ojczystego<\/b>\u00a0w dn.\u00a0<b>20-21 lutego<\/b>. Tematem przewodnim wydarze\u0144 b\u0119dzie \u201c<b>My tongue is my uniqueness: dare not to disappear<\/b>\u201d. Wydarzenia odb\u0119d\u0105 si\u0119 w ramach przewodnictwa Uniwersytetu Witolda Wielkiego w konsorcjum Transform4Europe.<\/p>\n<p>Informacje szczeg\u00f3\u0142owe na stronie:<br \/>\n<a href=\"https:\/\/www.vdu.lt\/en\/vmu-invites-to-events-of-mother-language-day\/\" target=\"_blank\" rel=\"noopener\">https:\/\/www.vdu.lt\/en\/vmu-invites-to-events-of-mother-language-day\/<\/a><\/p>\n<\/div>\r\n                    <\/div>\r\n                <\/div>[\/vc_column][vc_column width=&#8221;1\/3&#8243;]\r\n                <div class=\"text-modules\">\r\n                    <div class=\"container\">\r\n                        \r\n                        <div class=\"text-modules__content\"><p><img class=\"alignnone size-medium wp-image-4517\" src=\"https:\/\/us.edu.pl\/t4e\/wp-content\/uploads\/sites\/59\/2025\/02\/VMU_International-Mother-Language-Day-640x800.jpg\" alt=\"\" width=\"100%\" height=\"auto\" srcset=\"https:\/\/us.edu.pl\/t4e\/wp-content\/uploads\/sites\/59\/2025\/02\/VMU_International-Mother-Language-Day-640x800.jpg 640w, https:\/\/us.edu.pl\/t4e\/wp-content\/uploads\/sites\/59\/2025\/02\/VMU_International-Mother-Language-Day-819x1024.jpg 819w, https:\/\/us.edu.pl\/t4e\/wp-content\/uploads\/sites\/59\/2025\/02\/VMU_International-Mother-Language-Day-768x960.jpg 768w, https:\/\/us.edu.pl\/t4e\/wp-content\/uploads\/sites\/59\/2025\/02\/VMU_International-Mother-Language-Day-460x575.jpg 460w, https:\/\/us.edu.pl\/t4e\/wp-content\/uploads\/sites\/59\/2025\/02\/VMU_International-Mother-Language-Day.jpg 1080w\" sizes=\"(max-width: 640px) 100vw, 640px\" \/><\/p>\n<\/div>\r\n                    <\/div>\r\n                <\/div>[\/vc_column][\/vc_row]<\/p>","protected":false},"excerpt":{"rendered":"<p>[vc_row][vc_column width=&#8221;2\/3&#8243;][\/vc_column][vc_column width=&#8221;1\/3&#8243;][\/vc_column][\/vc_row] [&#8230;]<\/p>\n<p><a class=\"btn btn-secondary understrap-read-more-link\" href=\"https:\/\/us.edu.pl\/t4e\/miedzynarodowy-dzien-jezyka-ojczystego-na-vmu\/\">Read More&#8230;<\/a><\/p>\n","protected":false},"author":3042,"featured_media":4517,"comment_status":"open","ping_status":"open","sticky":false,"template":"","format":"standard","meta":{"_expiration-date-status":"","_expiration-date":0,"_expiration-date-type":"","_expiration-date-categories":[],"_expiration-date-options":[]},"categories":[13],"tags":[],"acf":[],"_links":{"self":[{"href":"https:\/\/us.edu.pl\/t4e\/wp-json\/wp\/v2\/posts\/4513"}],"collection":[{"href":"https:\/\/us.edu.pl\/t4e\/wp-json\/wp\/v2\/posts"}],"about":[{"href":"https:\/\/us.edu.pl\/t4e\/wp-json\/wp\/v2\/types\/post"}],"author":[{"embeddable":true,"href":"https:\/\/us.edu.pl\/t4e\/wp-json\/wp\/v2\/users\/3042"}],"replies":[{"embeddable":true,"href":"https:\/\/us.edu.pl\/t4e\/wp-json\/wp\/v2\/comments?post=4513"}],"version-history":[{"count":3,"href":"https:\/\/us.edu.pl\/t4e\/wp-json\/wp\/v2\/posts\/4513\/revisions"}],"predecessor-version":[{"id":4533,"href":"https:\/\/us.edu.pl\/t4e\/wp-json\/wp\/v2\/posts\/4513\/revisions\/4533"}],"wp:featuredmedia":[{"embeddable":true,"href":"https:\/\/us.edu.pl\/t4e\/wp-json\/wp\/v2\/media\/4517"}],"wp:attachment":[{"href":"https:\/\/us.edu.pl\/t4e\/wp-json\/wp\/v2\/media?parent=4513"}],"wp:term":[{"taxonomy":"category","embeddable":true,"href":"https:\/\/us.edu.pl\/t4e\/wp-json\/wp\/v2\/categories?post=4513"},{"taxonomy":"post_tag","embeddable":true,"href":"https:\/\/us.edu.pl\/t4e\/wp-json\/wp\/v2\/tags?post=4513"}],"curies":[{"name":"wp","href":"https:\/\/api.w.org\/{rel}","templated":true}]}}