{"id":4641,"date":"2025-03-03T10:43:33","date_gmt":"2025-03-03T09:43:33","guid":{"rendered":"https:\/\/us.edu.pl\/t4e\/?p=4641"},"modified":"2025-06-16T15:06:57","modified_gmt":"2025-06-16T13:06:57","slug":"konferencja-t4eu-prof-synergy-z-udzialem-pracownikow-us","status":"publish","type":"post","link":"https:\/\/us.edu.pl\/t4e\/konferencja-t4eu-prof-synergy-z-udzialem-pracownikow-us\/","title":{"rendered":"Konferencja T4EU \u201ePROF-SYNERGY\u201d z udzia\u0142em pracownik\u00f3w U\u015a"},"content":{"rendered":"<p>[vc_row][vc_column width=&#8221;2\/3&#8243;]\r\n                <div class=\"text-modules\">\r\n                    <div class=\"container\">\r\n                        \r\n                        <div class=\"text-modules__content\"><p>9 i 10 kwietnia 2025 roku na Uniwersytecie Witolda Wielkiego w Kownie (Litwa), kt\u00f3ry jest partnerem sojuszu Transform4Europe, odb\u0119dzie si\u0119 konferencja T4EU \u201eEnhancing Professional Excellence: Synergy of Academic and Non-Academic Staff (PROF-SYNERGY)\u201d. Celem wydarzenia jest zacie\u015bnienie wsp\u00f3\u0142pracy mi\u0119dzy pracownikami akademickimi i nieakademickimi. Tematami przewodnimi konferencji s\u0105: cyfrowe technologie kszta\u0142cenia, innowacyjne metody nauczania, umiej\u0119tno\u015bci adaptacyjne, kompetencje w zakresie uczenia si\u0119 przez ca\u0142e \u017cycie oraz rozw\u00f3j kultury jako\u015bci.<\/p>\n<p>W konferencji udzia\u0142 wezm\u0105 pracownicy Uniwersytetu \u015al\u0105skiego w Katowicach:<\/p>\n<ul>\n<li>dr Mariola Su\u0142kowska-Janowska, prof. U\u015a (\u201cHow to achieve didactic flow? How to immerse in learning? Some ideas to activate students\u201d)<\/li>\n<li>dr Ma\u0142gorzata Chrupa\u0142a-Pniak, Katarzyna Wi\u0119cek-Jakubek (\u201cResearchComp in practice \u2013 challenges, ideas, actions\u201d)<\/li>\n<li>dr Katarzyna Trynda, prof. U\u015a, dr hab. Magdalena B\u0105k, prof. U\u015a (\u201cStudents&#8217; voice and choice. New formats of individualized education\u201d)<\/li>\n<li>dr Jacek Francikowski (\u201cDigital tools for creating learning materials\u201d)<\/li>\n<li>dr Magdalena Christ (\u201cCreativity, communication, and cooperation as a base for effective teamwork\u201d)<\/li>\n<\/ul>\n<p>Podczas konferencji zostan\u0105 wr\u0119czone dwie nagrody: T4EU Non-Academic Staff Award oraz T4EU Innovative Teaching Award.<\/p>\n<p>Szczeg\u00f3\u0142owy program konferencji znajduje si\u0119 na stronie <a href=\"https:\/\/transform4europe.eu\/international-t4eu-conference-prof-synergy\/\" rel=\"nofollow \">transform4europe.eu<\/a>.<\/p>\n<\/div>\r\n                    <\/div>\r\n                <\/div>\r\n                <div class=\"text-modules\">\r\n                    <div class=\"container\">\r\n                        \r\n                        <div class=\"text-modules__content\"><p><img class=\"alignnone wp-image-5225 size-medium\" src=\"https:\/\/us.edu.pl\/t4e\/wp-content\/uploads\/sites\/59\/grafiki\/Logotypy-800x85.png\" alt=\"logotypy UE, Polski, NAWA\" width=\"100%\" height=\"auto\" srcset=\"https:\/\/us.edu.pl\/t4e\/wp-content\/uploads\/sites\/59\/grafiki\/Logotypy-800x85.png 800w, https:\/\/us.edu.pl\/t4e\/wp-content\/uploads\/sites\/59\/grafiki\/Logotypy-1024x109.png 1024w, https:\/\/us.edu.pl\/t4e\/wp-content\/uploads\/sites\/59\/grafiki\/Logotypy-768x82.png 768w, https:\/\/us.edu.pl\/t4e\/wp-content\/uploads\/sites\/59\/grafiki\/Logotypy-1536x163.png 1536w, https:\/\/us.edu.pl\/t4e\/wp-content\/uploads\/sites\/59\/grafiki\/Logotypy-2048x218.png 2048w, https:\/\/us.edu.pl\/t4e\/wp-content\/uploads\/sites\/59\/grafiki\/Logotypy-575x61.png 575w\" sizes=\"(max-width: 800px) 100vw, 800px\" \/><\/p>\n<\/div>\r\n                    <\/div>\r\n                <\/div>\r\n                <div class=\"text-modules\">\r\n                    <div class=\"container\">\r\n                        \r\n                        <div class=\"text-modules__content\"><\/p>\n<p style=\"font-size: small;\"><strong>Wyjazd uczestnik\u00f3w sfinansowano w ramach projektu \u201eRozw\u00f3j umi\u0119dzynarodowienia Uniwersytetu \u015al\u0105skiego w Katowicach poprzez sojusz Transform4Europe\u201d, dofinansowanego ze \u015brodk\u00f3w Narodowej Agencji Wymiany Akademickiej\u00a0 e \u015brodk\u00f3w europejskich z\u00a0Funduszu Europejskiego dla Rozwoju Spo\u0142ecznego 2021-2027 (FERS), Projekt NAWA pt. \u201eWsparcie sojuszy Uniwersytet\u00f3w Europejskich\u201d nr projektu: BPI\/WUE\/2024\/1\/00021<\/strong><\/p>\n<p>\n<\/div>\r\n                    <\/div>\r\n                <\/div>[\/vc_column][vc_column width=&#8221;1\/3&#8243;]\r\n                <div class=\"text-modules\">\r\n                    <div class=\"container\">\r\n                        \r\n                        <div class=\"text-modules__content\"><p><img class=\"alignnone size-medium wp-image-4645\" src=\"https:\/\/us.edu.pl\/t4e\/wp-content\/uploads\/sites\/59\/grafiki\/T4EU-SM-01-EN-800x800.png\" alt=\"grafika promuj\u0105ca konferencj\u0119 T4EU PROF-SYNERGY\" width=\"100%\" height=\"auto\" srcset=\"https:\/\/us.edu.pl\/t4e\/wp-content\/uploads\/sites\/59\/grafiki\/T4EU-SM-01-EN-800x800.png 800w, https:\/\/us.edu.pl\/t4e\/wp-content\/uploads\/sites\/59\/grafiki\/T4EU-SM-01-EN-1024x1024.png 1024w, https:\/\/us.edu.pl\/t4e\/wp-content\/uploads\/sites\/59\/grafiki\/T4EU-SM-01-EN-150x150.png 150w, https:\/\/us.edu.pl\/t4e\/wp-content\/uploads\/sites\/59\/grafiki\/T4EU-SM-01-EN-768x768.png 768w, https:\/\/us.edu.pl\/t4e\/wp-content\/uploads\/sites\/59\/grafiki\/T4EU-SM-01-EN-575x575.png 575w, https:\/\/us.edu.pl\/t4e\/wp-content\/uploads\/sites\/59\/grafiki\/T4EU-SM-01-EN.png 1080w\" sizes=\"(max-width: 800px) 100vw, 800px\" \/><\/p>\n<\/div>\r\n                    <\/div>\r\n                <\/div>[\/vc_column][\/vc_row]<\/p>","protected":false},"excerpt":{"rendered":"<p>[vc_row][vc_column width=&#8221;2\/3&#8243;][\/vc_column][vc_column width=&#8221;1\/3&#8243;][\/vc_column][\/vc_row] [&#8230;]<\/p>\n<p><a class=\"btn btn-secondary understrap-read-more-link\" href=\"https:\/\/us.edu.pl\/t4e\/konferencja-t4eu-prof-synergy-z-udzialem-pracownikow-us\/\">Read More&#8230;<\/a><\/p>\n","protected":false},"author":33,"featured_media":4043,"comment_status":"open","ping_status":"open","sticky":false,"template":"","format":"standard","meta":{"_expiration-date-status":"","_expiration-date":0,"_expiration-date-type":"","_expiration-date-categories":[],"_expiration-date-options":[]},"categories":[12],"tags":[],"acf":[],"_links":{"self":[{"href":"https:\/\/us.edu.pl\/t4e\/wp-json\/wp\/v2\/posts\/4641"}],"collection":[{"href":"https:\/\/us.edu.pl\/t4e\/wp-json\/wp\/v2\/posts"}],"about":[{"href":"https:\/\/us.edu.pl\/t4e\/wp-json\/wp\/v2\/types\/post"}],"author":[{"embeddable":true,"href":"https:\/\/us.edu.pl\/t4e\/wp-json\/wp\/v2\/users\/33"}],"replies":[{"embeddable":true,"href":"https:\/\/us.edu.pl\/t4e\/wp-json\/wp\/v2\/comments?post=4641"}],"version-history":[{"count":4,"href":"https:\/\/us.edu.pl\/t4e\/wp-json\/wp\/v2\/posts\/4641\/revisions"}],"predecessor-version":[{"id":5241,"href":"https:\/\/us.edu.pl\/t4e\/wp-json\/wp\/v2\/posts\/4641\/revisions\/5241"}],"wp:featuredmedia":[{"embeddable":true,"href":"https:\/\/us.edu.pl\/t4e\/wp-json\/wp\/v2\/media\/4043"}],"wp:attachment":[{"href":"https:\/\/us.edu.pl\/t4e\/wp-json\/wp\/v2\/media?parent=4641"}],"wp:term":[{"taxonomy":"category","embeddable":true,"href":"https:\/\/us.edu.pl\/t4e\/wp-json\/wp\/v2\/categories?post=4641"},{"taxonomy":"post_tag","embeddable":true,"href":"https:\/\/us.edu.pl\/t4e\/wp-json\/wp\/v2\/tags?post=4641"}],"curies":[{"name":"wp","href":"https:\/\/api.w.org\/{rel}","templated":true}]}}