{"id":5759,"date":"2025-10-22T11:25:47","date_gmt":"2025-10-22T09:25:47","guid":{"rendered":"https:\/\/us.edu.pl\/t4e\/?p=5759"},"modified":"2025-10-22T12:12:09","modified_gmt":"2025-10-22T10:12:09","slug":"nowy-etap-w-rozwoju-sojuszu-transform4europe","status":"publish","type":"post","link":"https:\/\/us.edu.pl\/t4e\/nowy-etap-w-rozwoju-sojuszu-transform4europe\/","title":{"rendered":"Nowy etap w rozwoju sojuszu Transform4Europe"},"content":{"rendered":"<p>[vc_row][vc_column width=&#8221;2\/3&#8243;]\r\n                <div class=\"text-modules\">\r\n                    <div class=\"container\">\r\n                        \r\n                        <div class=\"text-modules__content\"><p>Podczas Konferencji Strategicznej sojuszu Transform4Europe pt. \u201eUniversities Shaping the Future: Building Resilient Societies through Innovation and Global Impact\u201d na Uniwersytecie Witolda Wielkiego w Kownie odby\u0142a si\u0119 oficjalna ceremonia zwi\u0105zana z nadaniem sojuszowi osobowo\u015bci prawnej. Dokument powo\u0142uj\u0105cy stowarzyszenie sygnowali rektorzy uczelni partnerskich T4EU.<\/p>\n<p>Uniwersytet \u015al\u0105ski w Katowicach, reprezentowany przez prof. Ryszarda Kozio\u0142ka, by\u0142 liderem procesu przygotowawczego. Prace nad utworzeniem osobowo\u015bci prawnej prowadzi\u0142 zesp\u00f3\u0142 pod kierownictwem prorektora ds. wsp\u00f3\u0142pracy mi\u0119dzynarodowej i krajowej U\u015a prof. Tomasza Pietrzykowskiego.<\/p>\n<p>Podpisanie dokumentu stanowi wa\u017cny etap w rozwoju sojuszu, potwierdzaj\u0105cy jego trwa\u0142o\u015b\u0107 i gotowo\u015b\u0107 do samodzielnego dzia\u0142ania na arenie mi\u0119dzynarodowej. Oznacza, \u017ce wsp\u00f3\u0142praca w ramach sojuszu T4EU wychodzi poza ramy projektowe i nabiera charakteru trwa\u0142ego partnerstwa. Dzi\u0119ki temu sojusz b\u0119dzie m\u00f3g\u0142 kontynuowa\u0107 wsp\u00f3lne inicjatywy r\u00f3wnie\u017c po zako\u0144czeniu finansowania unijnego. To otwiera nowe mo\u017cliwo\u015bci rozwoju, pog\u0142\u0119biania wsp\u00f3\u0142pracy mi\u0119dzy uczelniami oraz kszta\u0142towania przysz\u0142o\u015bci europejskiego szkolnictwa wy\u017cszego.<\/p>\n<\/div>\r\n                    <\/div>\r\n                <\/div>[vc_row_inner][vc_column_inner width=&#8221;1\/2&#8243;]\r\n                <div class=\"text-modules\">\r\n                    <div class=\"container\">\r\n                        \r\n                        <div class=\"text-modules__content\"><p><img class=\"size-medium wp-image-5767\" src=\"https:\/\/us.edu.pl\/t4e\/wp-content\/uploads\/sites\/59\/fotografie\/DSC_8705-800x533.jpg\" alt=\"rektor U\u015a podpisuje dokument\" width=\"100%\" height=\"auto\" srcset=\"https:\/\/us.edu.pl\/t4e\/wp-content\/uploads\/sites\/59\/fotografie\/DSC_8705-800x533.jpg 800w, https:\/\/us.edu.pl\/t4e\/wp-content\/uploads\/sites\/59\/fotografie\/DSC_8705-1024x683.jpg 1024w, https:\/\/us.edu.pl\/t4e\/wp-content\/uploads\/sites\/59\/fotografie\/DSC_8705-768x512.jpg 768w, https:\/\/us.edu.pl\/t4e\/wp-content\/uploads\/sites\/59\/fotografie\/DSC_8705-1536x1024.jpg 1536w, https:\/\/us.edu.pl\/t4e\/wp-content\/uploads\/sites\/59\/fotografie\/DSC_8705-575x383.jpg 575w, https:\/\/us.edu.pl\/t4e\/wp-content\/uploads\/sites\/59\/fotografie\/DSC_8705.jpg 2048w\" sizes=\"(max-width: 800px) 100vw, 800px\" \/><\/p>\n<p><span style=\"font-size: 10pt;\">fot. Jonas Petronis<\/span><\/p>\n<\/div>\r\n                    <\/div>\r\n                <\/div>[\/vc_column_inner][vc_column_inner width=&#8221;1\/2&#8243;]\r\n                <div class=\"text-modules\">\r\n                    <div class=\"container\">\r\n                        \r\n                        <div class=\"text-modules__content\"><p><img class=\"size-medium wp-image-5768\" src=\"https:\/\/us.edu.pl\/t4e\/wp-content\/uploads\/sites\/59\/fotografie\/DSC_8698-800x533.jpg\" alt=\"rektor U\u015a podpisuje dokument\" width=\"100%\" height=\"auto\" srcset=\"https:\/\/us.edu.pl\/t4e\/wp-content\/uploads\/sites\/59\/fotografie\/DSC_8698-800x533.jpg 800w, https:\/\/us.edu.pl\/t4e\/wp-content\/uploads\/sites\/59\/fotografie\/DSC_8698-1024x683.jpg 1024w, https:\/\/us.edu.pl\/t4e\/wp-content\/uploads\/sites\/59\/fotografie\/DSC_8698-768x512.jpg 768w, https:\/\/us.edu.pl\/t4e\/wp-content\/uploads\/sites\/59\/fotografie\/DSC_8698-1536x1024.jpg 1536w, https:\/\/us.edu.pl\/t4e\/wp-content\/uploads\/sites\/59\/fotografie\/DSC_8698-575x383.jpg 575w, https:\/\/us.edu.pl\/t4e\/wp-content\/uploads\/sites\/59\/fotografie\/DSC_8698.jpg 2048w\" sizes=\"(max-width: 800px) 100vw, 800px\" \/><\/p>\n<p><span style=\"font-size: 10pt;\">fot. Jonas Petronis<\/span><\/p>\n<\/div>\r\n                    <\/div>\r\n                <\/div>[\/vc_column_inner][\/vc_row_inner][\/vc_column][vc_column width=&#8221;1\/3&#8243;]\r\n                <div class=\"text-modules\">\r\n                    <div class=\"container\">\r\n                        \r\n                        <div class=\"text-modules__content\"><p><img class=\"size-medium wp-image-5766\" src=\"https:\/\/us.edu.pl\/t4e\/wp-content\/uploads\/sites\/59\/fotografie\/DSC_8792-800x533.jpg\" alt=\"rektorzy uczelni T4EU\" width=\"100%\" height=\"auto\" srcset=\"https:\/\/us.edu.pl\/t4e\/wp-content\/uploads\/sites\/59\/fotografie\/DSC_8792-800x533.jpg 800w, https:\/\/us.edu.pl\/t4e\/wp-content\/uploads\/sites\/59\/fotografie\/DSC_8792-1024x683.jpg 1024w, https:\/\/us.edu.pl\/t4e\/wp-content\/uploads\/sites\/59\/fotografie\/DSC_8792-768x512.jpg 768w, https:\/\/us.edu.pl\/t4e\/wp-content\/uploads\/sites\/59\/fotografie\/DSC_8792-1536x1024.jpg 1536w, https:\/\/us.edu.pl\/t4e\/wp-content\/uploads\/sites\/59\/fotografie\/DSC_8792-575x383.jpg 575w, https:\/\/us.edu.pl\/t4e\/wp-content\/uploads\/sites\/59\/fotografie\/DSC_8792.jpg 2048w\" sizes=\"(max-width: 800px) 100vw, 800px\" \/><\/p>\n<p><span style=\"font-size: 10pt;\">fot. Jonas Petronis<\/span><\/p>\n<\/div>\r\n                    <\/div>\r\n                <\/div>[\/vc_column][\/vc_row]<\/p>","protected":false},"excerpt":{"rendered":"<p>[vc_row][vc_column width=&#8221;2\/3&#8243;][vc_row_inner][vc_column_inner width=&#8221;1\/2&#8243;][\/vc_column_inner][vc_column_inner width=&#8221;1\/2&#8243;][\/vc_column_inner][\/vc_row_inner][\/vc_column][vc_column width=&#8221;1\/3&#8243;][\/vc_column][\/vc_row] [&#8230;]<\/p>\n<p><a class=\"btn btn-secondary understrap-read-more-link\" href=\"https:\/\/us.edu.pl\/t4e\/nowy-etap-w-rozwoju-sojuszu-transform4europe\/\">Read More&#8230;<\/a><\/p>\n","protected":false},"author":33,"featured_media":5766,"comment_status":"open","ping_status":"open","sticky":false,"template":"","format":"standard","meta":{"_expiration-date-status":"","_expiration-date":0,"_expiration-date-type":"","_expiration-date-categories":[],"_expiration-date-options":[]},"categories":[12],"tags":[],"acf":[],"_links":{"self":[{"href":"https:\/\/us.edu.pl\/t4e\/wp-json\/wp\/v2\/posts\/5759"}],"collection":[{"href":"https:\/\/us.edu.pl\/t4e\/wp-json\/wp\/v2\/posts"}],"about":[{"href":"https:\/\/us.edu.pl\/t4e\/wp-json\/wp\/v2\/types\/post"}],"author":[{"embeddable":true,"href":"https:\/\/us.edu.pl\/t4e\/wp-json\/wp\/v2\/users\/33"}],"replies":[{"embeddable":true,"href":"https:\/\/us.edu.pl\/t4e\/wp-json\/wp\/v2\/comments?post=5759"}],"version-history":[{"count":5,"href":"https:\/\/us.edu.pl\/t4e\/wp-json\/wp\/v2\/posts\/5759\/revisions"}],"predecessor-version":[{"id":5769,"href":"https:\/\/us.edu.pl\/t4e\/wp-json\/wp\/v2\/posts\/5759\/revisions\/5769"}],"wp:featuredmedia":[{"embeddable":true,"href":"https:\/\/us.edu.pl\/t4e\/wp-json\/wp\/v2\/media\/5766"}],"wp:attachment":[{"href":"https:\/\/us.edu.pl\/t4e\/wp-json\/wp\/v2\/media?parent=5759"}],"wp:term":[{"taxonomy":"category","embeddable":true,"href":"https:\/\/us.edu.pl\/t4e\/wp-json\/wp\/v2\/categories?post=5759"},{"taxonomy":"post_tag","embeddable":true,"href":"https:\/\/us.edu.pl\/t4e\/wp-json\/wp\/v2\/tags?post=5759"}],"curies":[{"name":"wp","href":"https:\/\/api.w.org\/{rel}","templated":true}]}}