{"id":6085,"date":"2026-02-19T14:13:51","date_gmt":"2026-02-19T13:13:51","guid":{"rendered":"https:\/\/us.edu.pl\/t4e\/?p=6085"},"modified":"2026-02-19T14:13:51","modified_gmt":"2026-02-19T13:13:51","slug":"letnia-szkola-2026-beyond-barriers-rola-nauk-spolecznych-w-budowaniu-dostepnosci","status":"publish","type":"post","link":"https:\/\/us.edu.pl\/t4e\/letnia-szkola-2026-beyond-barriers-rola-nauk-spolecznych-w-budowaniu-dostepnosci\/","title":{"rendered":"Letnia Szko\u0142a 2026 \u201eBeyond Barriers: Rola nauk spo\u0142ecznych w budowaniu dost\u0119pno\u015bci\u201d"},"content":{"rendered":"<p>[vc_row][vc_column width=&#8221;2\/3&#8243;]\r\n                <div class=\"text-modules\">\r\n                    <div class=\"container\">\r\n                        \r\n                        <div class=\"text-modules__content\"><p>Letnia Szko\u0142a 2026 \u201eBeyond Barriers: Rola nauk spo\u0142ecznych w budowaniu dost\u0119pno\u015bci\u201d, organizowana przez\u00a0Szko\u0142\u0119 Doktorsk\u0105 Uniwersytetu \u015al\u0105skiego w Katowicach, odb\u0119dzie si\u0119 8\u201312 czerwca 2026 roku.<\/p>\n<p>Kto mo\u017ce wzi\u0105\u0107 udzia\u0142?<\/p>\n<ul>\n<li>Studenci studi\u00f3w magisterskich i doktoranckich z ca\u0142ej Europy w dziedzinie nauk spo\u0142ecznych i humanistycznych, zainteresowani badaniami interdyscyplinarnymi, wyzwaniami spo\u0142ecznymi oraz mi\u0119dzynarodow\u0105 wsp\u00f3\u0142prac\u0105 naukow\u0105.<\/li>\n<\/ul>\n<p>Wydarzenie ma charakter interdyscyplinarny i koncentruje si\u0119 na dost\u0119pno\u015bci jako kluczowym wyzwaniu wsp\u00f3\u0142czesnych spo\u0142ecze\u0144stw, w tym dost\u0119pie do edukacji, przestrzeni publicznej, technologii cyfrowych, uczestnictwa spo\u0142ecznego i zasob\u00f3w kulturowych.<\/p>\n<p>Program oferuje bogate i anga\u017cuj\u0105ce do\u015bwiadczenie akademickie, \u0142\u0105cz\u0105c wyk\u0142ady, interaktywne warsztaty, seminaria, prezentacje uczestnik\u00f3w oraz prac\u0119 w zespo\u0142ach.<\/p>\n<p>Szczeg\u00f3\u0142owe informacje na temat wydarzenia, programu oraz procedury aplikacyjnej s\u0105 dost\u0119pne pod adresem: <a href=\"https:\/\/us.edu.pl\/szkola-doktorska\/ster\/seasonal-schools\/beyond-barriers\/\" target=\"_blank\" rel=\"noopener\">us.edu.pl\/szkola-doktorska\/ster\/seasonal-schools\/beyond-barriers<\/a>.<\/p>\n<p>Szko\u0142a Sezonowa 2026 jest organizowana w ramach Blended Intensive Programme (Erasmus+) oraz projektu \u201eInternational from the beginning \u2013 wsparcie umi\u0119dzynarodowienia\u201d w ramach programu NAWA STER, wspieraj\u0105cego mi\u0119dzynarodow\u0105 mobilno\u015b\u0107 akademick\u0105 oraz rozw\u00f3j kompetencji badawczych w\u015br\u00f3d m\u0142odych naukowc\u00f3w.<\/p>\n<p>Udzia\u0142 w wydarzeniu jest bezp\u0142atny.<\/p>\n<p>Uczestnicy z europejskich uczelni mog\u0105 r\u00f3wnie\u017c otrzyma\u0107 finansowanie w ramach\u00a0Erasmus+ BIP na pokrycie koszt\u00f3w podr\u00f3\u017cy i utrzymania oraz b\u0119d\u0105 mieli mo\u017cliwo\u015b\u0107 uzyskania punkt\u00f3w ECTS i certyfikatu uczestnictwa.<\/p>\n<p>Rejestracja jest otwarta do 9 marca 2026 roku za po\u015brednictwem <a href=\"https:\/\/formularze.us.edu.pl\/form\/index\/7002\">formularza zg\u0142oszeniowego<\/a>.<\/p>\n<p>Liczba miejsc jest ograniczona.<\/p>\n<\/div>\r\n                    <\/div>\r\n                <\/div>[\/vc_column][vc_column width=&#8221;1\/3&#8243;]\r\n                <div class=\"text-modules\">\r\n                    <div class=\"container\">\r\n                        \r\n                        <div class=\"text-modules__content\"><p><img class=\"alignnone size-full wp-image-1694\" src=\"https:\/\/us.edu.pl\/t4e\/wp-content\/uploads\/sites\/59\/fotografie\/m-accelerator-zJYMJIrQYTE-unsplash.jpg\" alt=\"Grupa os\u00f3b s\u0142uchaj\u0105cych wyk\u0142adu\" width=\"100%\" height=\"auto\" srcset=\"https:\/\/us.edu.pl\/t4e\/wp-content\/uploads\/sites\/59\/fotografie\/m-accelerator-zJYMJIrQYTE-unsplash.jpg 800w, https:\/\/us.edu.pl\/t4e\/wp-content\/uploads\/sites\/59\/fotografie\/m-accelerator-zJYMJIrQYTE-unsplash-768x576.jpg 768w, https:\/\/us.edu.pl\/t4e\/wp-content\/uploads\/sites\/59\/fotografie\/m-accelerator-zJYMJIrQYTE-unsplash-575x431.jpg 575w\" sizes=\"(max-width: 800px) 100vw, 800px\" \/><\/p>\n<\/div>\r\n                    <\/div>\r\n                <\/div>[\/vc_column][\/vc_row]<\/p>","protected":false},"excerpt":{"rendered":"<p>[vc_row][vc_column width=&#8221;2\/3&#8243;][\/vc_column][vc_column width=&#8221;1\/3&#8243;][\/vc_column][\/vc_row] [&#8230;]<\/p>\n<p><a class=\"btn btn-secondary understrap-read-more-link\" href=\"https:\/\/us.edu.pl\/t4e\/letnia-szkola-2026-beyond-barriers-rola-nauk-spolecznych-w-budowaniu-dostepnosci\/\">Read More&#8230;<\/a><\/p>\n","protected":false},"author":33,"featured_media":1694,"comment_status":"open","ping_status":"open","sticky":false,"template":"","format":"standard","meta":{"_expiration-date-status":"","_expiration-date":0,"_expiration-date-type":"","_expiration-date-categories":[],"_expiration-date-options":[]},"categories":[12],"tags":[],"acf":[],"_links":{"self":[{"href":"https:\/\/us.edu.pl\/t4e\/wp-json\/wp\/v2\/posts\/6085"}],"collection":[{"href":"https:\/\/us.edu.pl\/t4e\/wp-json\/wp\/v2\/posts"}],"about":[{"href":"https:\/\/us.edu.pl\/t4e\/wp-json\/wp\/v2\/types\/post"}],"author":[{"embeddable":true,"href":"https:\/\/us.edu.pl\/t4e\/wp-json\/wp\/v2\/users\/33"}],"replies":[{"embeddable":true,"href":"https:\/\/us.edu.pl\/t4e\/wp-json\/wp\/v2\/comments?post=6085"}],"version-history":[{"count":1,"href":"https:\/\/us.edu.pl\/t4e\/wp-json\/wp\/v2\/posts\/6085\/revisions"}],"predecessor-version":[{"id":6086,"href":"https:\/\/us.edu.pl\/t4e\/wp-json\/wp\/v2\/posts\/6085\/revisions\/6086"}],"wp:featuredmedia":[{"embeddable":true,"href":"https:\/\/us.edu.pl\/t4e\/wp-json\/wp\/v2\/media\/1694"}],"wp:attachment":[{"href":"https:\/\/us.edu.pl\/t4e\/wp-json\/wp\/v2\/media?parent=6085"}],"wp:term":[{"taxonomy":"category","embeddable":true,"href":"https:\/\/us.edu.pl\/t4e\/wp-json\/wp\/v2\/categories?post=6085"},{"taxonomy":"post_tag","embeddable":true,"href":"https:\/\/us.edu.pl\/t4e\/wp-json\/wp\/v2\/tags?post=6085"}],"curies":[{"name":"wp","href":"https:\/\/api.w.org\/{rel}","templated":true}]}}