{"id":6116,"date":"2026-02-25T10:31:02","date_gmt":"2026-02-25T09:31:02","guid":{"rendered":"https:\/\/us.edu.pl\/t4e\/?p=6116"},"modified":"2026-02-25T10:31:02","modified_gmt":"2026-02-25T09:31:02","slug":"sojusz-transform4europe-uzyskal-osobowosc-prawna","status":"publish","type":"post","link":"https:\/\/us.edu.pl\/t4e\/sojusz-transform4europe-uzyskal-osobowosc-prawna\/","title":{"rendered":"Sojusz Transform4Europe uzyska\u0142 osobowo\u015b\u0107 prawn\u0105"},"content":{"rendered":"<p>[vc_row][vc_column width=&#8221;2\/3&#8243;]\r\n                <div class=\"text-modules\">\r\n                    <div class=\"container\">\r\n                        \r\n                        <div class=\"text-modules__content\"><p>4 lutego 2026 r. sojusz Transform4Europe (T4EU) oficjalnie przekszta\u0142ci\u0142 si\u0119 z konsorcjum w odr\u0119bny podmiot prawny. Nowy podmiot, wprowadzony do rejestru w Kraju Saary jako <em>towarzystwo zarejestrowane<\/em> zgodnie z przepisami prawa niemieckiego (eingetragener Verein \u2013 e.V.), nosi nazw\u0119 \u201eTransform4Europe: The European University for Knowledge Entrepreneurs e.V.\u201d.<\/p>\n<p>Rejestracja ta oznacza kluczow\u0105 zmian\u0119 w architekturze sojuszu, wykraczaj\u0105c\u0105 poza wsp\u00f3\u0142prac\u0119 opart\u0105 na projektach w kierunku sta\u0142ej, zintegrowanej struktury.<\/p>\n<p>\u201eUtworzenie podmiotu prawnego jest wa\u017cnym zobowi\u0105zaniem wszystkich jedenastu partner\u00f3w do budowania trwa\u0142ego, bliskiego i silnego europejskiego sojuszu uniwersyteckiego\u201d \u2013 powiedzia\u0142 prof. Dominik Brodowski, pe\u0142ni\u0105cy obowi\u0105zki sekretarza generalnego T4EU, wiceprezes ds. internacjonalizacji i stosunk\u00f3w europejskich na Uniwersytecie Kraju Saary.<\/p>\n<h3><strong>Strategiczne ramy prawne<\/strong><\/h3>\n<p>Utworzenie tego podmiotu by\u0142o wynikiem szeroko zakrojonej wsp\u00f3\u0142pracy wieloj\u0119zycznego zespo\u0142u ekspert\u00f3w w dziedzinie prawa kierowanego przez Uniwersytet \u015al\u0105ski w Katowicach (Polska). Po dokonaniu oceny r\u00f3\u017cnych krajowych i europejskich opcji prawnych, zesp\u00f3\u0142 zaleci\u0142 utworzenie podmiotu prawnego zgodnie z prawem niemieckim jako rozwi\u0105zanie przej\u015bciowe. Uniwersytet Kraju Saary (Niemcy), pe\u0142ni\u0105cy rol\u0119 koordynatora konsorcjum, odegra\u0142 kluczow\u0105 rol\u0119 w przeprowadzeniu formalnego procesu rejestracji w niemieckiej jurysdykcji. Rozwi\u0105zanie to obejmuje faz\u0119 monitorowania, kt\u00f3rej celem jest u\u0142atwienie przysz\u0142ego przej\u015bcia do bardziej odpowiednich podmiot\u00f3w prawnych na szczeblu europejskim, nad czym obecnie trwaj\u0105 prace.<\/p>\n<p>Prof. Tomasz Pietrzykowski (Uniwersytet \u015al\u0105ski w Katowicach), kt\u00f3ry kierowa\u0142 zespo\u0142em ekspert\u00f3w w dziedzinie prawa, podkre\u015bli\u0142 znaczenie tego kroku:<\/p>\n<p>\u201eUtworzenie podmiotu prawnego T4EU jest kluczowym momentem dla sojuszu, poniewa\u017c \u015bwiadczy o naszej determinacji w d\u0105\u017ceniu do stabilnej, d\u0142ugoterminowej wsp\u00f3\u0142pracy mi\u0119dzy naszymi uniwersytetami \u2013 wsp\u00f3\u0142pracy, kt\u00f3ra staje si\u0119 coraz mniej zale\u017cna od tymczasowych projekt\u00f3w i wsparcia finansowego Komisji Europejskiej\u201d.<\/p>\n<h3><strong>Wp\u0142yw na student\u00f3w i pracownik\u00f3w<\/strong><\/h3>\n<p>Nowy status prawny zapewnia T4EU mo\u017cliwo\u015b\u0107 pozyskiwania niezale\u017cnego finansowania i gwarantuje, \u017ce wsp\u00f3\u0142praca sojuszu b\u0119dzie trwa\u0142a d\u0142u\u017cej ni\u017c obecny okres finansowania przez Komisj\u0119 Europejsk\u0105. Dla student\u00f3w i pracownik\u00f3w oznacza to bardziej stabilne \u015brodowisko dla mi\u0119dzynarodowej mobilno\u015bci, wsp\u00f3lnych inicjatyw badawczych i wsp\u00f3lnych zasob\u00f3w edukacyjnych.<\/p>\n<p>Bardziej szczeg\u00f3\u0142owe informacje na temat tego, jak du\u017ce znaczenie ma ta struktura prawna dla sojuszu T4EU, mo\u017cna znale\u017a\u0107 w pe\u0142nym wywiadzie z prof. Tomaszem Pietrzykowskim i dr Mauro Arturo River\u0105 Le\u00f3nem, przeprowadzonym przez Tomasza Janoch\u0119, dost\u0119pnym na stronie internetowej T4EU: <a href=\"https:\/\/transform4europe.eu\/a-milestone-for-transform4europe-cooperation\/\">A Milestone for Transform4Europe Cooperation<\/a>.<\/p>\n<\/div>\r\n                    <\/div>\r\n                <\/div>[\/vc_column][vc_column width=&#8221;1\/3&#8243;]\r\n                <div class=\"text-modules\">\r\n                    <div class=\"container\">\r\n                        \r\n                        <div class=\"text-modules__content\"><p><img class=\"alignnone size-medium wp-image-6117\" src=\"https:\/\/us.edu.pl\/t4e\/wp-content\/uploads\/sites\/59\/grafiki\/2025_IV_T4EU_Layouts_Micro-team_Kaunas_Headers-Footers-84-800x800.png\" alt=\"grafika T4EU gains legal personality\" width=\"100%\" height=\"auto\" srcset=\"https:\/\/us.edu.pl\/t4e\/wp-content\/uploads\/sites\/59\/grafiki\/2025_IV_T4EU_Layouts_Micro-team_Kaunas_Headers-Footers-84-800x800.png 800w, https:\/\/us.edu.pl\/t4e\/wp-content\/uploads\/sites\/59\/grafiki\/2025_IV_T4EU_Layouts_Micro-team_Kaunas_Headers-Footers-84-1024x1024.png 1024w, https:\/\/us.edu.pl\/t4e\/wp-content\/uploads\/sites\/59\/grafiki\/2025_IV_T4EU_Layouts_Micro-team_Kaunas_Headers-Footers-84-150x150.png 150w, https:\/\/us.edu.pl\/t4e\/wp-content\/uploads\/sites\/59\/grafiki\/2025_IV_T4EU_Layouts_Micro-team_Kaunas_Headers-Footers-84-768x768.png 768w, https:\/\/us.edu.pl\/t4e\/wp-content\/uploads\/sites\/59\/grafiki\/2025_IV_T4EU_Layouts_Micro-team_Kaunas_Headers-Footers-84-575x575.png 575w, https:\/\/us.edu.pl\/t4e\/wp-content\/uploads\/sites\/59\/grafiki\/2025_IV_T4EU_Layouts_Micro-team_Kaunas_Headers-Footers-84.png 1350w\" sizes=\"(max-width: 800px) 100vw, 800px\" \/><\/p>\n<\/div>\r\n                    <\/div>\r\n                <\/div>[\/vc_column][\/vc_row]<\/p>","protected":false},"excerpt":{"rendered":"<p>[vc_row][vc_column width=&#8221;2\/3&#8243;][\/vc_column][vc_column width=&#8221;1\/3&#8243;][\/vc_column][\/vc_row] [&#8230;]<\/p>\n<p><a class=\"btn btn-secondary understrap-read-more-link\" href=\"https:\/\/us.edu.pl\/t4e\/sojusz-transform4europe-uzyskal-osobowosc-prawna\/\">Read More&#8230;<\/a><\/p>\n","protected":false},"author":33,"featured_media":6117,"comment_status":"open","ping_status":"open","sticky":false,"template":"","format":"standard","meta":{"_expiration-date-status":"","_expiration-date":0,"_expiration-date-type":"","_expiration-date-categories":[],"_expiration-date-options":[]},"categories":[12],"tags":[],"acf":[],"_links":{"self":[{"href":"https:\/\/us.edu.pl\/t4e\/wp-json\/wp\/v2\/posts\/6116"}],"collection":[{"href":"https:\/\/us.edu.pl\/t4e\/wp-json\/wp\/v2\/posts"}],"about":[{"href":"https:\/\/us.edu.pl\/t4e\/wp-json\/wp\/v2\/types\/post"}],"author":[{"embeddable":true,"href":"https:\/\/us.edu.pl\/t4e\/wp-json\/wp\/v2\/users\/33"}],"replies":[{"embeddable":true,"href":"https:\/\/us.edu.pl\/t4e\/wp-json\/wp\/v2\/comments?post=6116"}],"version-history":[{"count":1,"href":"https:\/\/us.edu.pl\/t4e\/wp-json\/wp\/v2\/posts\/6116\/revisions"}],"predecessor-version":[{"id":6118,"href":"https:\/\/us.edu.pl\/t4e\/wp-json\/wp\/v2\/posts\/6116\/revisions\/6118"}],"wp:featuredmedia":[{"embeddable":true,"href":"https:\/\/us.edu.pl\/t4e\/wp-json\/wp\/v2\/media\/6117"}],"wp:attachment":[{"href":"https:\/\/us.edu.pl\/t4e\/wp-json\/wp\/v2\/media?parent=6116"}],"wp:term":[{"taxonomy":"category","embeddable":true,"href":"https:\/\/us.edu.pl\/t4e\/wp-json\/wp\/v2\/categories?post=6116"},{"taxonomy":"post_tag","embeddable":true,"href":"https:\/\/us.edu.pl\/t4e\/wp-json\/wp\/v2\/tags?post=6116"}],"curies":[{"name":"wp","href":"https:\/\/api.w.org\/{rel}","templated":true}]}}