{"id":6260,"date":"2026-04-23T15:30:33","date_gmt":"2026-04-23T13:30:33","guid":{"rendered":"https:\/\/us.edu.pl\/t4e\/?p=6260"},"modified":"2026-04-23T15:55:13","modified_gmt":"2026-04-23T13:55:13","slug":"szkola-letnia-program-etykieta-i-protokol-dyplomatyczny","status":"publish","type":"post","link":"https:\/\/us.edu.pl\/t4e\/szkola-letnia-program-etykieta-i-protokol-dyplomatyczny\/","title":{"rendered":"Szko\u0142a Letnia &#8211; Program: Etykieta i Protok\u00f3\u0142 Dyplomatyczny"},"content":{"rendered":"<p>[vc_row][vc_column width=&#8221;2\/3&#8243;]\r\n                <div class=\"text-modules\">\r\n                    <div class=\"container\">\r\n                        \r\n                        <div class=\"text-modules__content\"><p><img class=\"alignnone size-medium wp-image-5957\" src=\"https:\/\/us.edu.pl\/t4e\/wp-content\/uploads\/sites\/59\/grafiki\/logo\/NAWA-FERS-1536x163-1-800x85.png\" alt=\"logotypy: Fundusze Europejskie dla Rozwoju Spo\u0142ecznego, Rzeczpospolita Polska, Unia Europejska, NAWA\" width=\"800\" height=\"85\" srcset=\"https:\/\/us.edu.pl\/t4e\/wp-content\/uploads\/sites\/59\/grafiki\/logo\/NAWA-FERS-1536x163-1-800x85.png 800w, https:\/\/us.edu.pl\/t4e\/wp-content\/uploads\/sites\/59\/grafiki\/logo\/NAWA-FERS-1536x163-1-1024x109.png 1024w, https:\/\/us.edu.pl\/t4e\/wp-content\/uploads\/sites\/59\/grafiki\/logo\/NAWA-FERS-1536x163-1-768x82.png 768w, https:\/\/us.edu.pl\/t4e\/wp-content\/uploads\/sites\/59\/grafiki\/logo\/NAWA-FERS-1536x163-1-575x61.png 575w, https:\/\/us.edu.pl\/t4e\/wp-content\/uploads\/sites\/59\/grafiki\/logo\/NAWA-FERS-1536x163-1.png 1536w\" sizes=\"(max-width: 800px) 100vw, 800px\" \/><\/p>\n<\/div>\r\n                    <\/div>\r\n                <\/div>\r\n                <div class=\"text-modules\">\r\n                    <div class=\"container\">\r\n                        \r\n                        <div class=\"text-modules__content\"><p>Uniwersytet \u015al\u0105ski w Katowicach og\u0142asza nab\u00f3r studentek i student\u00f3w do udzia\u0142u w Szkole Letniej Etykiety i Protoko\u0142u Dyplomatycznego w Trie\u015bcie.<\/p>\n<p><strong>Dlaczego warto wzi\u0105\u0107 udzia\u0142?<\/strong><\/p>\n<p>W dzisiejszym zglobalizowanym \u015bwiecie mi\u0119kkie kompetencje i znajomo\u015b\u0107 etykiety s\u0105 kluczem do sukcesu. Szko\u0142a Etykiety i Protoko\u0142u Dyplomatycznego to co\u015b wi\u0119cej ni\u017c wyk\u0142ady \u2013 to praktyczny trening z zakresu:<\/p>\n<p><strong>Protoko\u0142u Dyplomatycznego:<\/strong>\u00a0Poznasz zasady precedencji (kolejno\u015bci pierwsze\u0144stwa), ceremonia\u0142 pa\u0144stwowy oraz tajniki organizacji oficjalnych wizyt i szczyt\u00f3w na najwy\u017cszym szczeblu.<\/p>\n<p><strong>Etykiety Biznesowej i Savoir-Vivre:<\/strong>\u00a0Dowiesz si\u0119, jak unika\u0107 gaf w sytuacjach zawodowych, jak perfekcyjnie zarz\u0105dza\u0107 swoim wizerunkiem (image management) oraz jak odnale\u017a\u0107 si\u0119 przy stole podczas oficjalnych przyj\u0119\u0107.<\/p>\n<p><strong>Sztuki Negocjacji i Komunikacji Mi\u0119dzykulturowej:<\/strong>\u00a0Zrozumiesz niuanse zachowa\u0144 w r\u00f3\u017cnych kulturach, co pozwoli Ci swobodnie budowa\u0107 relacje z partnerami z ca\u0142ego \u015bwiata.<\/p>\n<p><strong>Spotkanie informacyjne:<\/strong><br \/>\n30 kwietnia 2026r. godz. 13:00<br \/>\nPlatformaTeams, kod zespo\u0142u: n3j7uv8<\/p>\n<p><strong>Kiedy i gdzie odb\u0119dzie si\u0119 wydarzenie:\u00a0<\/strong><br \/>\n18-23 maja 2026, Triest<\/p>\n<p><strong>Kto mo\u017ce wzi\u0105\u0107 udzia\u0142:<\/strong><br \/>\nW szkole mo\u017ce wzi\u0105\u0107 udzia\u0142:<br \/>\n10 student\u00f3w\/studentek z Uniwersytetu \u015al\u0105skiego w\u00a0Katowicach<\/p>\n<p><strong>Do kiedy nale\u017cy si\u0119 zg\u0142osi\u0107:<\/strong><br \/>\n29.04.2026 r.<\/p>\n<p><strong>J\u0119zyk zaj\u0119\u0107:<\/strong><br \/>\npolski<\/p>\n<p><strong>Koszt udzia\u0142u:<\/strong><br \/>\nbezp\u0142atny<\/p>\n<p><strong>Jak wygl\u0105da finansowanie:<\/strong><br \/>\nZapewniono stypendium na pokrycie koszt\u00f3w dojazdu (lot samolotem), zakwaterowania i wy\u017cywienia na miejscu (student samodzielnie odpowiada za zakup biletu lotniczego i wy\u017cywienie) zgodnie z regulaminem programu<\/p>\n<p><strong>Forma:<\/strong><br \/>\nZaj\u0119cia wyk\u0142adowe z \u0107wiczeniami warsztatowymi<\/p>\n<p><strong>Jak si\u0119 zg\u0142osi\u0107:<\/strong><br \/>\nAby zg\u0142osi\u0107 si\u0119 na wydarzenie nale\u017cy wype\u0142ni\u0107 formularz zg\u0142oszeniowy dost\u0119pny w zespole Teams, przes\u0142a\u0107 podpisany skan na jeden z adres\u00f3w mailowych podanych pod og\u0142oszeniem.<\/p>\n<p><strong>Jakie s\u0105 zasady rekrutacji:<\/strong><br \/>\nOcena zg\u0142osze\u0144 zostanie przeprowadzona punktowo, zgodnie z poni\u017cszymi kryteriami:<\/p>\n<p>Znajomo\u015b\u0107 j\u0119zyk\u00f3w:<\/p>\n<ul>\n<li>J\u0119zyk angielski: A1-A2 (1 pkt), B1-B2 (2 pkt), C1-C2 (3 pkt).<\/li>\n<li>Drugi j\u0119zyk obcy: A1-A2 (1 pkt), B1-B2 (2 pkt), C1-C2 (3 pkt).<\/li>\n<\/ul>\n<p>Certyfikaty\/za\u015bwiadczenia j\u0119zykowe:<\/p>\n<ul>\n<li>Wydane przez szko\u0142\u0119 j\u0119zykow\u0105 \u2013 1 pkt.<\/li>\n<li>Wydane przez jednostk\u0119 w ramach uczelni wy\u017cszej \u2013 2 pkt.<\/li>\n<li>Zewn\u0119trzne, wydane przez akredytowane centrum egzaminacyjne \u2013 3 pkt.(konieczne jest za\u0142\u0105czenie skan\u00f3w certyfikat\u00f3w\/za\u015bwiadcze\u0144)<\/li>\n<\/ul>\n<p>Opinia Dziekany stwierdzaj\u0105ca przydatno\u015b\u0107 wnioskowanej formy wsparcia do realizacji toku studi\u00f3w:<\/p>\n<ul>\n<li>Brak przydatno\u015bci formy wsparcia do realizacji toku studi\u00f3w \u2013 0 pkt.<\/li>\n<li>Za\u015bwiadczona przydatno\u015b\u0107 formy wsparcia do realizacji toku studi\u00f3w \u2013 3 pkt.<\/li>\n<\/ul>\n<p>Na podstawie sumy punkt\u00f3w zostanie utworzona lista rankingowa oraz lista rezerwowa. W\u00a0przypadku uzyskania jednakowej liczby punkt\u00f3w Komisja mo\u017ce \u2013 w uzgodnieniu z Dziekan\u0105 Wydzia\u0142u \u2013 zr\u00f3\u017cnicowa\u0107 punktacj\u0119 w kryterium przydatno\u015bci wnioskowanej formy wsparcia do realizacji toku studi\u00f3w w zakresie 1-3. Je\u017celi to kryterium r\u00f3wnie\u017c nie b\u0119dzie rozstrzygaj\u0105ce, w\u00f3wczas znaczenie b\u0119dzie mia\u0142a kolejno\u015b\u0107 zg\u0142osze\u0144.<\/p>\n<p><strong>Kontakt<\/strong>:\u00a0<a href=\"mailto:renata.jankowska@us.edu.pl\">renata.jankowska@us.edu.pl<\/a><\/p>\n<p><a href=\"https:\/\/us.edu.pl\/t4e\/wp-content\/uploads\/sites\/59\/Bez-kategorii\/Zal.1A-Wniosek-o-udzial-wzor-dla-studenta-lub-studentki_13.03.2025.docx\"><strong><u>Formularz zg\u0142oszeniowy<\/u><\/strong><u>: Annex 1A<\/u><\/a><\/p>\n<p>Kontakt: Biuro Transform4Europe, budynek Rektoratu: Bankowa 12, 3.pi\u0119tro, pok. 3.6; \u00a0e-mail:\u00a0<a href=\"mailto:transform4europe@us.edu.pl\">transform4europe@us.edu.pl<\/a><\/p>\n<p>Finansowanie realizowane w ramach projektu \u201eWUE \u2013 Wsparcie Uniwersytet\u00f3w Europejskich: Rozw\u00f3j umi\u0119dzynarodowienia Uniwersytetu \u015al\u0105skiego w Katowicach poprzez sojusz Transform4Europe\u201d.<\/p>\n<\/div>\r\n                    <\/div>\r\n                <\/div>[\/vc_column][vc_column width=&#8221;1\/3&#8243;]\r\n                <div class=\"text-modules\">\r\n                    <div class=\"container\">\r\n                        \r\n                        <div class=\"text-modules__content\"><\/p>\n<p><img class=\"size-full wp-image-1961\" src=\"https:\/\/us.edu.pl\/t4e\/wp-content\/uploads\/sites\/59\/grafiki\/fortytwo-MDu-53qRVr4-unsplash.jpg\" alt=\"zapisane kartki le\u017c\u0105ce na stole, wok\u00f3\u0142 wida\u0107 d\u0142onie grupy os\u00f3b\" width=\"100%\" height=\"auto\" srcset=\"https:\/\/us.edu.pl\/t4e\/wp-content\/uploads\/sites\/59\/grafiki\/fortytwo-MDu-53qRVr4-unsplash.jpg 800w, https:\/\/us.edu.pl\/t4e\/wp-content\/uploads\/sites\/59\/grafiki\/fortytwo-MDu-53qRVr4-unsplash-768x513.jpg 768w, https:\/\/us.edu.pl\/t4e\/wp-content\/uploads\/sites\/59\/grafiki\/fortytwo-MDu-53qRVr4-unsplash-575x384.jpg 575w\" sizes=\"(max-width: 800px) 100vw, 800px\" \/><\/p>\n<p>\n<\/div>\r\n                    <\/div>\r\n                <\/div>[\/vc_column][\/vc_row]<\/p>","protected":false},"excerpt":{"rendered":"<p>[vc_row][vc_column width=&#8221;2\/3&#8243;][\/vc_column][vc_column width=&#8221;1\/3&#8243;][\/vc_column][\/vc_row] [&#8230;]<\/p>\n<p><a class=\"btn btn-secondary understrap-read-more-link\" href=\"https:\/\/us.edu.pl\/t4e\/szkola-letnia-program-etykieta-i-protokol-dyplomatyczny\/\">Read More&#8230;<\/a><\/p>\n","protected":false},"author":33,"featured_media":1961,"comment_status":"open","ping_status":"open","sticky":false,"template":"","format":"standard","meta":{"_expiration-date-status":"","_expiration-date":0,"_expiration-date-type":"","_expiration-date-categories":[],"_expiration-date-options":[]},"categories":[83],"tags":[],"acf":[],"_links":{"self":[{"href":"https:\/\/us.edu.pl\/t4e\/wp-json\/wp\/v2\/posts\/6260"}],"collection":[{"href":"https:\/\/us.edu.pl\/t4e\/wp-json\/wp\/v2\/posts"}],"about":[{"href":"https:\/\/us.edu.pl\/t4e\/wp-json\/wp\/v2\/types\/post"}],"author":[{"embeddable":true,"href":"https:\/\/us.edu.pl\/t4e\/wp-json\/wp\/v2\/users\/33"}],"replies":[{"embeddable":true,"href":"https:\/\/us.edu.pl\/t4e\/wp-json\/wp\/v2\/comments?post=6260"}],"version-history":[{"count":2,"href":"https:\/\/us.edu.pl\/t4e\/wp-json\/wp\/v2\/posts\/6260\/revisions"}],"predecessor-version":[{"id":6264,"href":"https:\/\/us.edu.pl\/t4e\/wp-json\/wp\/v2\/posts\/6260\/revisions\/6264"}],"wp:featuredmedia":[{"embeddable":true,"href":"https:\/\/us.edu.pl\/t4e\/wp-json\/wp\/v2\/media\/1961"}],"wp:attachment":[{"href":"https:\/\/us.edu.pl\/t4e\/wp-json\/wp\/v2\/media?parent=6260"}],"wp:term":[{"taxonomy":"category","embeddable":true,"href":"https:\/\/us.edu.pl\/t4e\/wp-json\/wp\/v2\/categories?post=6260"},{"taxonomy":"post_tag","embeddable":true,"href":"https:\/\/us.edu.pl\/t4e\/wp-json\/wp\/v2\/tags?post=6260"}],"curies":[{"name":"wp","href":"https:\/\/api.w.org\/{rel}","templated":true}]}}