{"id":6286,"date":"2026-04-30T13:44:47","date_gmt":"2026-04-30T11:44:47","guid":{"rendered":"https:\/\/us.edu.pl\/t4e\/?p=6286"},"modified":"2026-04-30T13:45:37","modified_gmt":"2026-04-30T11:45:37","slug":"t4eu-bootcamp-w-sloweni-jak-dziedzictwo-zmienia-sie-w-epoce-antropocenu","status":"publish","type":"post","link":"https:\/\/us.edu.pl\/t4e\/t4eu-bootcamp-w-sloweni-jak-dziedzictwo-zmienia-sie-w-epoce-antropocenu\/","title":{"rendered":"T4EU Bootcamp w S\u0142oweni: Jak dziedzictwo zmienia si\u0119 w epoce Antropocenu?"},"content":{"rendered":"<p>[vc_row][vc_column width=&#8221;2\/3&#8243;]\r\n                <div class=\"text-modules\">\r\n                    <div class=\"container\">\r\n                        \r\n                        <div class=\"text-modules__content\"><p>Jak dziedzictwo zmienia si\u0119 w epoce Antropocenu? Je\u015bli jeste\u015b studentk\u0105 lub studentem studi\u00f3w magisterskich albo doktoranckich i interesuj\u0105 Ci\u0119 krytyczne studia nad dziedzictwem, przysz\u0142o\u015bci\u0105 kultury i relacjami ludzko\u2011nieludzkimi \u2013 Bootcamp organizowany przez T\u2011LAB on Critical Heritage Uniwersytetu Primorska jest dla Ciebie.<\/p>\n<p>Trzydniowy Bootcamp po\u015bwi\u0119cony jest relacjom mi\u0119dzy Antropocenem a dziedzictwem \u2013 jego czasowym i przestrzennym wymiarem oraz wyzwaniom, jakie stawia on tradycyjnym kategoriom \u201eludzkie\u201d, \u201enieludzkie\u201d i \u201einne\u2011ni\u017c\u2011ludzkie\u201d.<\/p>\n<p>W programie:<\/p>\n<ul>\n<li>wyk\u0142ady ekspert\u00f3w z r\u00f3\u017cnych dziedzin,<\/li>\n<li>warsztaty badawcze,<\/li>\n<li>p\u00f3\u0142dniowa wycieczka terenowa,<\/li>\n<li>praca z kluczowymi tekstami i aktualnymi inicjatywami mi\u0119dzynarodowymi (m.in. ICCROM Foresight).<\/li>\n<\/ul>\n<p>Miejsce i termin: Koper, S\u0142owenia \u2013 10\u201312 czerwca 2026 r.<\/p>\n<p>Po Bootcampie b\u0119dziesz w stanie:<\/p>\n<ol>\n<li><strong>Krytycznie wyja\u015bni\u0107 koncepcj\u0119 Antropocenu<\/strong> i oceni\u0107 jej konsekwencje dla rozumienia, zachowania i interpretacji dziedzictwa kulturowego i przyrodniczego, w tym pogl\u0105dy r\u00f3\u017cnych dyscyplin.<\/li>\n<li><strong>Przeanalizowa\u0107 studia przypadk\u00f3w<\/strong> miejsc lub praktyk dziedzictwa dotkni\u0119tych zmianami klimatu\/kryzysami, degradacj\u0105 \u015brodowiska lub przekszta\u0142ceniami spowodowanymi przez cz\u0142owieka, identyfikuj\u0105c wyzwania etyczne i praktyczne.<\/li>\n<li><strong>Przeanalizowa\u0107 praktyki dziedzictwa jako procesy polityczne i ukierunkowane na przysz\u0142o\u015b\u0107<\/strong>, oceniaj\u0105c, w jaki spos\u00f3b narracje o utracie, odporno\u015bci i zr\u00f3wnowa\u017conym rozwoju w\u00a0Antropocenie kszta\u0142tuj\u0105 to\u017csamo\u015bci spo\u0142eczne, obowi\u0105zki i prawa do miejsca.<\/li>\n<li><strong>Stosowa\u0107 my\u015blenie interdyscyplinarne<\/strong> poprzez integrowanie spostrze\u017ce\u0144 z zakresu studi\u00f3w nad dziedzictwem, humanistyki \u015brodowiskowej i nauk spo\u0142ecznych w celu proponowania \u015bwiadomych reakcji na utrat\u0119 dziedzictwa lub jego adaptacj\u0119.<\/li>\n<li><strong>Przekazywa\u0107 uzasadnione argumenty<\/strong> \u2013 indywidualnie i w dyskusji \u2013 na temat tego, jak dziedzictwo mo\u017ce przyczynia\u0107 si\u0119 do publicznego rozumienia zmian \u015brodowiskowych i dzia\u0142a\u0144 ukierunkowanych na przysz\u0142o\u015b\u0107.<\/li>\n<\/ol>\n<p><strong>Wi\u0119cej informacji znajdziesz na <a href=\"https:\/\/transform4europe.eu\/2026\/04\/heritage-and-the-anthropocene-foreseeing-futures\/\">stronie Transform4Europe<\/a>.<\/strong><\/p>\n<p><strong>Aby wzi\u0105\u0107 udzia\u0142 w wydarzeniu, nale\u017cy wype\u0142ni\u0107 <a href=\"https:\/\/formularze.us.edu.pl\/form\/index\/7280\">formularz rejestracyjny<\/a>.<\/strong><\/p>\n<p>Koszty podr\u00f3\u017cy i zakwaterowania wybranych uczestnik\u00f3w zostan\u0105 pokryte ze \u015brodk\u00f3w projektu Transform4Europe. Zakwaterowanie student\u00f3w b\u0119dzie zorganizowane w pokojach jedno-, dwu- lub trzyosobowych. Bilety lotnicze i kolejowe zostan\u0105 zakupione przez uniwersytet. Koszty utrzymania i transport lokalny b\u0119d\u0105 zgodne z kwotami rycza\u0142t\u00f3w dla podr\u00f3\u017cy s\u0142u\u017cbowych.<\/p>\n<\/div>\r\n                    <\/div>\r\n                <\/div>[\/vc_column][vc_column width=&#8221;1\/3&#8243;]\r\n                <div class=\"text-modules\">\r\n                    <div class=\"container\">\r\n                        \r\n                        <div class=\"text-modules__content\"><p><img class=\"size-medium wp-image-2150\" src=\"https:\/\/us.edu.pl\/t4e\/wp-content\/uploads\/sites\/59\/Bez-kategorii\/roman-kraft-_Zua2hyvTBk-unsplash-800x534.jpg\" alt=\"Zdj\u0119cie przedstawiaj\u0105ce osob\u0119 na \u0142awce, kt\u00f3ra czyta gazet\u0119. Roman Kraft | Unsplash\" width=\"100%\" height=\"auto\" srcset=\"https:\/\/us.edu.pl\/t4e\/wp-content\/uploads\/sites\/59\/Bez-kategorii\/roman-kraft-_Zua2hyvTBk-unsplash-800x534.jpg 800w, https:\/\/us.edu.pl\/t4e\/wp-content\/uploads\/sites\/59\/Bez-kategorii\/roman-kraft-_Zua2hyvTBk-unsplash-1024x684.jpg 1024w, https:\/\/us.edu.pl\/t4e\/wp-content\/uploads\/sites\/59\/Bez-kategorii\/roman-kraft-_Zua2hyvTBk-unsplash-768x513.jpg 768w, https:\/\/us.edu.pl\/t4e\/wp-content\/uploads\/sites\/59\/Bez-kategorii\/roman-kraft-_Zua2hyvTBk-unsplash-1536x1025.jpg 1536w, https:\/\/us.edu.pl\/t4e\/wp-content\/uploads\/sites\/59\/Bez-kategorii\/roman-kraft-_Zua2hyvTBk-unsplash-2048x1367.jpg 2048w, https:\/\/us.edu.pl\/t4e\/wp-content\/uploads\/sites\/59\/Bez-kategorii\/roman-kraft-_Zua2hyvTBk-unsplash-575x384.jpg 575w\" sizes=\"(max-width: 800px) 100vw, 800px\" \/><\/p>\n<p><span style=\"font-size: 10pt;\">Roman Kraft | Unsplash<\/span><\/p>\n<\/div>\r\n                    <\/div>\r\n                <\/div>[\/vc_column][\/vc_row]<\/p>","protected":false},"excerpt":{"rendered":"<p>[vc_row][vc_column width=&#8221;2\/3&#8243;][\/vc_column][vc_column width=&#8221;1\/3&#8243;][\/vc_column][\/vc_row] [&#8230;]<\/p>\n<p><a class=\"btn btn-secondary understrap-read-more-link\" href=\"https:\/\/us.edu.pl\/t4e\/t4eu-bootcamp-w-sloweni-jak-dziedzictwo-zmienia-sie-w-epoce-antropocenu\/\">Read More&#8230;<\/a><\/p>\n","protected":false},"author":33,"featured_media":2150,"comment_status":"open","ping_status":"open","sticky":false,"template":"","format":"standard","meta":{"_expiration-date-status":"","_expiration-date":0,"_expiration-date-type":"","_expiration-date-categories":[],"_expiration-date-options":[]},"categories":[12],"tags":[],"acf":[],"_links":{"self":[{"href":"https:\/\/us.edu.pl\/t4e\/wp-json\/wp\/v2\/posts\/6286"}],"collection":[{"href":"https:\/\/us.edu.pl\/t4e\/wp-json\/wp\/v2\/posts"}],"about":[{"href":"https:\/\/us.edu.pl\/t4e\/wp-json\/wp\/v2\/types\/post"}],"author":[{"embeddable":true,"href":"https:\/\/us.edu.pl\/t4e\/wp-json\/wp\/v2\/users\/33"}],"replies":[{"embeddable":true,"href":"https:\/\/us.edu.pl\/t4e\/wp-json\/wp\/v2\/comments?post=6286"}],"version-history":[{"count":2,"href":"https:\/\/us.edu.pl\/t4e\/wp-json\/wp\/v2\/posts\/6286\/revisions"}],"predecessor-version":[{"id":6288,"href":"https:\/\/us.edu.pl\/t4e\/wp-json\/wp\/v2\/posts\/6286\/revisions\/6288"}],"wp:featuredmedia":[{"embeddable":true,"href":"https:\/\/us.edu.pl\/t4e\/wp-json\/wp\/v2\/media\/2150"}],"wp:attachment":[{"href":"https:\/\/us.edu.pl\/t4e\/wp-json\/wp\/v2\/media?parent=6286"}],"wp:term":[{"taxonomy":"category","embeddable":true,"href":"https:\/\/us.edu.pl\/t4e\/wp-json\/wp\/v2\/categories?post=6286"},{"taxonomy":"post_tag","embeddable":true,"href":"https:\/\/us.edu.pl\/t4e\/wp-json\/wp\/v2\/tags?post=6286"}],"curies":[{"name":"wp","href":"https:\/\/api.w.org\/{rel}","templated":true}]}}