{"id":6622,"date":"2026-07-27T15:45:17","date_gmt":"2026-07-27T13:45:17","guid":{"rendered":"https:\/\/us.edu.pl\/t4e\/?p=6622"},"modified":"2026-08-17T08:25:40","modified_gmt":"2026-08-17T06:25:40","slug":"festiwal-kultury-i-jezykow-trasnform4europe-koper-slowenia","status":"publish","type":"post","link":"https:\/\/us.edu.pl\/t4e\/festiwal-kultury-i-jezykow-trasnform4europe-koper-slowenia\/","title":{"rendered":"Festiwal Kultury i J\u0119zyk\u00f3w Trasnsform4Europe \u2013 Koper, S\u0142owenia"},"content":{"rendered":"<p>[vc_row][vc_column width=&#8221;2\/3&#8243;]\r\n                <div class=\"text-modules\">\r\n                    <div class=\"container\">\r\n                        \r\n                        <div class=\"text-modules__content\"><p><img class=\"alignnone size-medium wp-image-5957\" src=\"https:\/\/us.edu.pl\/t4e\/wp-content\/uploads\/sites\/59\/grafiki\/logo\/NAWA-FERS-1536x163-1-800x85.png\" alt=\"logotypy: Fundusze Europejskie dla Rozwoju Spo\u0142ecznego, Rzeczpospolita Polska, Unia Europejska, NAWA\" width=\"800\" height=\"85\" srcset=\"https:\/\/us.edu.pl\/t4e\/wp-content\/uploads\/sites\/59\/grafiki\/logo\/NAWA-FERS-1536x163-1-800x85.png 800w, https:\/\/us.edu.pl\/t4e\/wp-content\/uploads\/sites\/59\/grafiki\/logo\/NAWA-FERS-1536x163-1-1024x109.png 1024w, https:\/\/us.edu.pl\/t4e\/wp-content\/uploads\/sites\/59\/grafiki\/logo\/NAWA-FERS-1536x163-1-768x82.png 768w, https:\/\/us.edu.pl\/t4e\/wp-content\/uploads\/sites\/59\/grafiki\/logo\/NAWA-FERS-1536x163-1-575x61.png 575w, https:\/\/us.edu.pl\/t4e\/wp-content\/uploads\/sites\/59\/grafiki\/logo\/NAWA-FERS-1536x163-1.png 1536w\" sizes=\"(max-width: 800px) 100vw, 800px\" \/><\/p>\n<p><em>Projekt \u201eRozw\u00f3j umi\u0119dzynarodowienia Uniwersytetu \u015al\u0105skiego w Katowicach poprzez sojusz Transform4Europe\u201d.<\/em><\/p>\n<p><em>Finansowanie realizowane w ramach programu WUE \u2013 Wsparcie Uniwersytet\u00f3w Europejskich, wsp\u00f3\u0142finansowanego ze \u015brodk\u00f3w Unii Europejskiej \u2013 Funduszu Europejskiego dla Rozwoju Spo\u0142ecznego na lata 2021\u20132027, nr projektu: BPI\/WUE\/2024\/1\/00021\/DEC\/1.<\/em><\/p>\n<\/div>\r\n                    <\/div>\r\n                <\/div>\r\n                <div class=\"text-modules\">\r\n                    <div class=\"container\">\r\n                        \r\n                        <div class=\"text-modules__content\"><p><strong>Rusza nab\u00f3r do udzia\u0142u w Festiwalu Kultury i J\u0119zyk\u00f3w T4EU <\/strong><\/p>\n<p><strong>8\u201311 wrze\u015bnia 2026, S\u0142owenia<\/strong><\/p>\n<\/div>\r\n                    <\/div>\r\n                <\/div>\r\n                <div class=\"text-modules\">\r\n                    <div class=\"container\">\r\n                        \r\n                        <div class=\"text-modules__content\"><\/p>\n<h3>Dla pracownik\u00f3w<\/h3>\n<p>\n<\/div>\r\n                    <\/div>\r\n                <\/div>\r\n                <div class=\"text-modules\">\r\n                    <div class=\"container\">\r\n                        \r\n                        <div class=\"text-modules__content\"><p>Uniwersytet \u015al\u0105ski og\u0142asza rekrutacj\u0119 do udzia\u0142u nauczycieli akademickich w wydarzeniu organizowanym przez Uniwersytet Primorska w Koprze (S\u0142owenia) &#8211; Festiwalu Kultury i J\u0119zyk\u00f3w T4EU \u201eInspiring Istria\u201d, po\u015bwi\u0119conym bogatemu dziedzictwu kulturowemu i j\u0119zykowemu Istrii. Wydarzenie ma stanowi\u0107 dla uczestnik\u00f3w okazj\u0119 do poznania historii, tradycji i wielokulturowego charakteru regionu, a tak\u017ce do rozwijania kreatywno\u015bci poprzez dzia\u0142ania artystyczne i prac\u0119 projektow\u0105.<\/p>\n<p>Program opiera si\u0119 na idei tw\u00f3rczej interpretacji lokalnego dziedzictwa.<\/p>\n<p>Nauczyciele wezm\u0105 udzia\u0142 w prowadzeniu jednego z trzech warsztat\u00f3w tematycznych: sztuk wizualnych, filmu dokumentalnego lub poezji. Efekty pracy student\u00f3w uczestnicz\u0105cych w warsztatach zostan\u0105 zaprezentowane podczas wystawy i ocenione przez komisj\u0119 z\u0142o\u017con\u0105 z przedstawicieli Uniwersytetu Primorska oraz partner\u00f3w regionalnych w ramach konkursu T4EU Sustainable Heritage Student Competition.<\/p>\n<p><strong>Kto mo\u017ce aplikowa\u0107:<\/strong><\/p>\n<ul>\n<li>pracownicy (naukowi\/dydaktyczni),<\/li>\n<\/ul>\n<p>Priorytet: osoby zg\u0142aszaj\u0105ce prowadzenie zaj\u0119\u0107 na bazie ustale\u0144 z organizatorem (lub wsp\u00f3\u0142prowadzenie).<\/p>\n<p><strong>Finansowanie:<\/strong><\/p>\n<p>Wybrani uczestnicy otrzymaj\u0105 rycza\u0142t na podr\u00f3\u017c i pobyt:<\/p>\n<ul>\n<li>Podr\u00f3\u017c: 1\u00a0500,00 z\u0142<\/li>\n<li>Zakwaterowanie i utrzymanie: 400 z\u0142 \/ dzie\u0144 (maks. 5 dni: 3 dni wydarzenia + do 2 dni mobilno\u015bci). \u0141\u0105cznie 2\u00a0000,00 z\u0142 tj. za okres 7-11 wrze\u015bnia 2026 r.<\/li>\n<\/ul>\n<p>Stypendium dzienne:<\/p>\n<ul>\n<li>250 z\u0142\/dzie\u0144 \u2013 osoba ze stopniem co najmniej doktora.<br \/>\n\u0141\u0105cznie 1\u00a0250,00 z\u0142 tj. za okres 7-11 wrze\u015bnia 2026 r.<\/li>\n<\/ul>\n<p>Maksymalnie: 4 750 z\u0142 (kwota uzale\u017cniona od stopnia naukowego i ilo\u015bci dni pobytu).<\/p>\n<p>Koszty nie s\u0105 rozliczane na podstawie faktur\/rachunk\u00f3w: obowi\u0105zuj\u0105 stawki rycza\u0142towe.<\/p>\n<p><strong>Kryteria wyboru:<\/strong><\/p>\n<ul>\n<li>Zgodno\u015b\u0107 tematyczna (dziedzictwo kulturowe i j\u0119zykowe Istrii).<\/li>\n<li>Potwierdzenie mo\u017cliwo\u015bci prowadzenia\/wsp\u00f3\u0142prowadzenia zaj\u0119\u0107 przez organizatora.<\/li>\n<li>Warto\u015b\u0107 do umi\u0119dzynarodowienia U\u015a\/T4EU (wsp\u00f3\u0142praca, potencja\u0142 projektowy).<\/li>\n<li>R\u00f3wnowaga dyscyplin i etap\u00f3w kariery; pierwsze\u0144stwo dla czynnych prowadz\u0105cych.<\/li>\n<\/ul>\n<p>W celu zg\u0142oszenia konieczne jest pobranie, podpisanie i z\u0142o\u017cenie w biurze Transform4Europe formularza:<\/p>\n<p><a href=\"https:\/\/us.edu.pl\/wp-content\/uploads\/2024\/10\/Zal.1D-Wniosek-o-udzial-wzor-dla-nauczyciela-akademickiego-lub-nauczycielki-akademickiej.docx\">Formularz dla pracownika akademickiego<\/a>\u00a0\u2013 w zale\u017cno\u015bci od statusu<\/p>\n<p><strong>Termin przyjmowania zg\u0142osze\u0144 do 5 sierpnia 2026 r.<\/strong><\/p>\n<p>Kontakt:<\/p>\n<p>Biuro Transform4Europe, budynek Rektoratu: Bankowa 12, 3. pi\u0119tro, pok. 3.6; e-mail: <a href=\"mailto:transform4europe@us.edu.pl\">transform4europe@us.edu.pl<\/a>.<\/p>\n<\/div>\r\n                    <\/div>\r\n                <\/div>\r\n                <div class=\"text-modules\">\r\n                    <div class=\"container\">\r\n                        \r\n                        <div class=\"text-modules__content\"><\/p>\n<h3>Dla student\u00f3w<\/h3>\n<p>\n<\/div>\r\n                    <\/div>\r\n                <\/div>\r\n                <div class=\"text-modules\">\r\n                    <div class=\"container\">\r\n                        \r\n                        <div class=\"text-modules__content\"><\/p>\n<p class=\"v1isSelectedEnd\">Uniwersytet \u015al\u0105ski og\u0142asza rekrutacj\u0119 student\u00f3w do udzia\u0142u w wydarzeniu organizowanym przez Uniwersytet Primorska w Koprze (S\u0142owenia) \u2013 Festiwalu Kultury i J\u0119zyk\u00f3w T4EU \u201eInspiring Istria\u201d, po\u015bwi\u0119conym bogatemu dziedzictwu kulturowemu i j\u0119zykowemu Istrii. Wydarzenie stanowi dla uczestnik\u00f3w okazj\u0119 do poznania historii, tradycji oraz wielokulturowego charakteru regionu, a tak\u017ce do rozwijania kreatywno\u015bci poprzez udzia\u0142 w dzia\u0142aniach artystycznych i pracy projektowej.<\/p>\n<p class=\"v1isSelectedEnd\">Program opiera si\u0119 na idei tw\u00f3rczej interpretacji lokalnego dziedzictwa. Studenci wezm\u0105 udzia\u0142 w jednym z trzech warsztat\u00f3w tematycznych: sztuk wizualnych, filmu dokumentalnego lub poezji. W ramach warsztat\u00f3w uczestnicy b\u0119d\u0105 rozwija\u0107 swoje umiej\u0119tno\u015bci artystyczne i projektowe, poznawa\u0107 r\u00f3\u017cnorodne sposoby interpretowania dziedzictwa kulturowego oraz wsp\u00f3\u0142pracowa\u0107 w mi\u0119dzynarodowym i wielokulturowym \u015brodowisku.<\/p>\n<p>Efekty pracy student\u00f3w powsta\u0142e podczas warsztat\u00f3w zostan\u0105 zaprezentowane podczas wystawy ko\u0144cowej i ocenione przez komisj\u0119 z\u0142o\u017con\u0105 z przedstawicieli Uniwersytetu Primorska oraz partner\u00f3w regionalnych w ramach konkursu T4EU Sustainable Heritage Student Competition.<\/p>\n<p><strong>Kto mo\u017ce aplikowa\u0107:<\/strong><\/p>\n<ul>\n<li>studenci<\/li>\n<\/ul>\n<p>Priorytet: osoby przyj\u0119te do uczestnictwa w jednym z trzech warsztat\u00f3w.<\/p>\n<p>1. Warsztat sztuk wizualnych \u2013\u00a0<em>\u201eOd j\u0119zyka do obrazu, od s\u0142\u00f3w do koszulek\u201d<\/em><br \/>\n2. Warsztat poetycki \u2013\u00a0<em>\u201ePoezja ponad j\u0119zykami\u201d<\/em><br \/>\n3. Warsztat audiowizualny \u2013\u00a0<em>\u201eOd obserwacji do filmu etnograficznego\u201d<\/em><\/p>\n<p><strong>Finansowanie:<\/strong><\/p>\n<p>Wybrani uczestnicy otrzymaj\u0105 rycza\u0142t na podr\u00f3\u017c i pobyt:<\/p>\n<ul>\n<li>Podr\u00f3\u017c: 1\u00a0500,00 z\u0142<\/li>\n<li>Zakwaterowanie i utrzymanie: 400 z\u0142 \/ dzie\u0144 (maks. 5 dni: 3 dni wydarzenia + do 2 dni mobilno\u015bci). \u0141\u0105cznie 2 000,00 z\u0142 tj. za okres 8-12 wrze\u015bnia 2026 r.<\/li>\n<\/ul>\n<p>Stypendium dzienne:<\/p>\n<ul>\n<li>75,00 z\u0142\/dzie\u0144 \u2013 (studenci)<br \/>\n\u0141\u0105cznie 375,00 tj. za okres 8-12 wrze\u015bnia 2026 r.<\/li>\n<\/ul>\n<p>Maksymalnie: 3 875,00 z\u0142 (kwota uzale\u017cniona od statusu i ilo\u015bci dni pobytu).<\/p>\n<p>Koszty nie s\u0105 rozliczane na podstawie faktur\/rachunk\u00f3w: obowi\u0105zuj\u0105 stawki rycza\u0142towe.<\/p>\n<p><strong>Kryteria wyboru:<\/strong><\/p>\n<ul>\n<li>Zgodno\u015b\u0107 tematyczna (dziedzictwo kulturowe i j\u0119zykowe Istrii).<\/li>\n<li>Potwierdzenie mo\u017cliwo\u015bci uczestnictwa w warsztatach przez organizatora.<\/li>\n<li>Warto\u015b\u0107 do umi\u0119dzynarodowienia U\u015a\/T4EU (wsp\u00f3\u0142praca, potencja\u0142 projektowy).<\/li>\n<\/ul>\n<p><strong>W celu zg\u0142oszenia konieczne jest pobranie, podpisanie i z\u0142o\u017cenie w biurze Transform4Europe formularza:<\/strong><\/p>\n<p><a href=\"https:\/\/us.edu.pl\/t4e\/wp-content\/uploads\/sites\/59\/pliki\/Zal.1A-Wniosek-o-udzial-student-Warsztat-sztuk-wizualnych-\u2013-\u201eOd-jezyka-do-obrazu-od-slow-do-koszulek.docx\">Za\u0142.1A &#8211; Wniosek o udzia\u0142- student- Warsztat sztuk wizualnych \u2013\u00a0<em>\u201eOd j\u0119zyka do obrazu, od s\u0142\u00f3w do koszulek<\/em>\u201d<\/a><\/p>\n<p><a href=\"https:\/\/us.edu.pl\/t4e\/wp-content\/uploads\/sites\/59\/pliki\/Zal.1A-Wniosek-o-udzial-student-Warsztat-poetycki-\u2013-\u201ePoezja-ponad-jezykami.docx\">Za\u0142.1A &#8211; Wniosek o udzia\u0142- student- Warsztat poetycki \u2013\u00a0<em>\u201ePoezja ponad j\u0119zykami\u201d<\/em><\/a><\/p>\n<p><a href=\"https:\/\/us.edu.pl\/t4e\/wp-content\/uploads\/sites\/59\/pliki\/Zal.1A-Wniosek-o-udzial-student-Warsztat-audowizualny-od-obserwacji-do-filmu-etnograficznego.docx\">Za\u0142.1A &#8211; Wniosek o udzia\u0142- student &#8211; Warsztat audiowizualny &#8211;\u00a0<em>&#8222;Od obserwacji do filmu etnograficznego&#8221;<\/em><\/a><\/p>\n<p><strong>Termin przyjmowania zg\u0142osze\u0144 do 17 sierpnia 2026 r.<\/strong><\/p>\n<p><strong>Jak si\u0119 zg\u0142osi\u0107 \u2013 KROK 1 (studenci U\u015a):<\/strong><\/p>\n<ol>\n<li>Wype\u0142nij formularz zg\u0142oszeniowy: Sekcja 1: Informacje o kandydacie oraz Sekcja 4: Kryteria merytoryczne.<\/li>\n<li>Wydrukuj formularz zg\u0142oszeniowy.<\/li>\n<li>Podpisz formularz na ostatniej stronie, wpisuj\u0105c dat\u0119 i miejsce.<\/li>\n<li>Do\u0142\u0105cz za\u015bwiadczenia\/potwierdzenia. Kopia dokumentu musi by\u0107 za\u0142\u0105czona do niniejszego wniosku. Mo\u017cliwe jest za\u0142\u0105czenie za\u015bwiadczenia z lektoratu SPNJO U\u015a lub suplementu.<\/li>\n<li>Uzyskaj podpis odpowiedniego Dziekanatu kierunku studi\u00f3w w Sekcji 1 oraz na ko\u0144cu wniosku opini\u0119 Dziekana odpowiedniego dla w\u0142asnego statusu pod o\u015bwiadczeniem potwierdzaj\u0105cym zasadno\u015b\u0107 wnioskowanej formy wsparcia.<\/li>\n<\/ol>\n<p><strong>Udzia\u0142 w projekcie i jego realizacja \u2013 KROK 2 (studenci U\u015a) do 21 sierpnia 2026 r.<\/strong><br \/>\nZakwalifikowani uczestnicy, przed rozpocz\u0119ciem\u00a0<strong>Festiwalu Kultury i J\u0119zyk\u00f3w T4EU:<\/strong><\/p>\n<ol>\n<li>Zarejestruj si\u0119 w systemie aplikacyjnym NAWA jako uczestnik projektu, post\u0119puj\u0105c zgodnie z instrukcj\u0105 zawart\u0105 w pliku\u00a0<a class=\"v1mtli_attachment v1mtli_pdf mtli_attachment mtli_pdf mtli_attachment mtli_pdf\" href=\"https:\/\/us.edu.pl\/t4e\/wp-content\/uploads\/sites\/59\/pliki\/Rejestracja-Uczestnika-PL.pdf\" data-mtli=\"mtli_filesize438,46kB\" data-mtli=\"mtli_filesize438,46kB\" target=\"_blank\" rel=\"noopener noreferrer\"><strong>\u201eRejestracja \u2013 Uczestnika PL\u201d<\/strong><\/a>, a nast\u0119pnie z\u0142\u00f3\u017c rejestracj\u0119\/wniosek.<\/li>\n<li>Pobierz plik z wnioskiem w formacie PDF i prze\u015blij go na adres:\u00a0<a href=\"mailto:transform4europe@us.edu.pl\" rel=\"noreferrer\"><strong>transform4europe@us.edu.pl<\/strong><\/a><strong>.<\/strong><\/li>\n<li>Wype\u0142nij plik\u00a0<a href=\"https:\/\/us.edu.pl\/t4e\/wp-content\/uploads\/sites\/59\/pliki\/SAP-rejestracja-2026-Inspiring-Istria.docx\"><strong>\u201eSAP \u2013 rejestracja 2026\u201d<\/strong><\/a>\u00a0i prze\u015blij go na adres:\u00a0<a href=\"mailto:transform4europe@us.edu.pl\" rel=\"noreferrer\"><strong>transform4europe@us.edu.pl<\/strong><\/a><strong>.<\/strong><\/li>\n<li>Dostarcz kompletny\u00a0<strong>wniosek wyjazdowy WS (odpowiedni dla w\u0142asnego statusu)<\/strong><\/li>\n<\/ol>\n<p><a href=\"https:\/\/us.edu.pl\/t4e\/wp-content\/uploads\/sites\/59\/pliki\/Wniosek-WS-warsztat-sztuk-wizualnych-\u2013-\u201eOd-jezyka-do-obrazu-od-slow-do-koszulek-1.docx\">Wniosek WS &#8211; Warsztat sztuk wizualnych \u2013\u00a0<em>\u201eOd j\u0119zyka do obrazu, od s\u0142\u00f3w do koszulek<\/em>\u201d<\/a><\/p>\n<p><a href=\"https:\/\/us.edu.pl\/t4e\/wp-content\/uploads\/sites\/59\/pliki\/Wniosek-WS-Warsztat-poetycki-\u2013-Poezja-ponad-jezykami-1.docx\">Wniosek WS &#8211; Warsztat poetycki \u2013\u00a0<em>\u201ePoezja ponad j\u0119zykami\u201d<\/em><\/a><\/p>\n<p><a href=\"https:\/\/us.edu.pl\/t4e\/wp-content\/uploads\/sites\/59\/pliki\/Wniosek-WS-Warsztat-audiowizualny-od-obserwacji-do-filmu-etnograficznego-1.docx\">Wniosek WS &#8211; Warsztat audiowizualny &#8211;\u00a0<em>&#8222;Od obserwacji do filmu etnograficznego&#8221;<\/em><\/a><\/p>\n<ol start=\"5\">\n<li>Dostarcz wszystkie orygina\u0142y dokument\u00f3w do Biura Transform4Europe (\u0142\u0105cznie z kroku 1 i 2).<\/li>\n<\/ol>\n<p><strong>Instrukcja do wniosku wyjazdowego WS:<\/strong><\/p>\n<ul>\n<li>uzupe\u0142nij dane osobowe zaznaczone kolorem \u017c\u00f3\u0142tym, tj. imi\u0119, nazwisko, jednostka, telefon kontaktowy, adres mailowy, w\u0142a\u015bciciel rachunku, nr rachunku w formacie IBAN \u2013 wa\u017cne w PLN!),<\/li>\n<li>wydrukuj wniosek wyjazdowy,<\/li>\n<li>podpisz jako osoba wyje\u017cdzaj\u0105ca (data i podpis osoby wyje\u017cd\u017caj\u0105cej) na 1 stronie wniosku,<\/li>\n<li>uzyskaj podpis bezpo\u015bredniego prze\u0142o\u017conego (Dziekana Wydzia\u0142u) na 2 stronie wniosku<\/li>\n<\/ul>\n<p>Stypendium zostanie wyp\u0142acone po spe\u0142nieniu wszystkich wymienionych powy\u017cej wymog\u00f3w formalnych.<\/p>\n<p><strong>Wyp\u0142ata stypendium nast\u0105pi w okresie od 24 do 28 sierpnia 2026 r.<\/strong><\/p>\n<p><strong>Kontakt informacyjny i w sprawach formalnych:<\/strong><br \/>\nBiuro Transform4Europe, budynek Rektoratu: Bankowa 12, 3.pi\u0119tro,<br \/>\npok. 3.6; \u00a0e-mail:\u00a0<a href=\"mailto:transform4europe@us.edu.pl\" rel=\"noreferrer\"><strong>transform4europe@us.edu.pl<\/strong><\/a><strong>.<\/strong><\/p>\n<style type=\"text\/css\">a[data-mtli~=\"mtli_filesize438,46kB\"]:after {content:\" (438,46 kB)\"}<\/style><\/div>\r\n                    <\/div>\r\n                <\/div>[\/vc_column][vc_column width=&#8221;1\/3&#8243;]\r\n                <div class=\"text-modules\">\r\n                    <div class=\"container\">\r\n                        \r\n                        <div class=\"text-modules__content\"><p><img class=\"alignnone size-full wp-image-6623\" src=\"https:\/\/us.edu.pl\/t4e\/wp-content\/uploads\/sites\/59\/grafiki\/Grafika-Festiwal.jpg\" alt=\"Koper\" width=\"100%\" height=\"auto\" srcset=\"https:\/\/us.edu.pl\/t4e\/wp-content\/uploads\/sites\/59\/grafiki\/Grafika-Festiwal.jpg 554w, https:\/\/us.edu.pl\/t4e\/wp-content\/uploads\/sites\/59\/grafiki\/Grafika-Festiwal-150x150.jpg 150w\" sizes=\"(max-width: 554px) 100vw, 554px\" \/><\/p>\n<\/div>\r\n                    <\/div>\r\n                <\/div>[\/vc_column][\/vc_row]<\/p>\n<style type=\"text\/css\">a[data-mtli~=\"mtli_filesize438,46kB\"]:after {content:\" (438,46 kB)\"}<\/style>","protected":false},"excerpt":{"rendered":"<p>[vc_row][vc_column width=&#8221;2\/3&#8243;][\/vc_column][vc_column width=&#8221;1\/3&#8243;][\/vc_column][\/vc_row] [&#8230;]<\/p>\n<p><a class=\"btn btn-secondary understrap-read-more-link\" href=\"https:\/\/us.edu.pl\/t4e\/festiwal-kultury-i-jezykow-trasnform4europe-koper-slowenia\/\">Read More&#8230;<\/a><\/p>\n","protected":false},"author":33,"featured_media":6623,"comment_status":"open","ping_status":"open","sticky":false,"template":"","format":"standard","meta":{"_expiration-date-status":"","_expiration-date":0,"_expiration-date-type":"","_expiration-date-categories":[],"_expiration-date-options":[]},"categories":[83],"tags":[],"acf":[],"_links":{"self":[{"href":"https:\/\/us.edu.pl\/t4e\/wp-json\/wp\/v2\/posts\/6622"}],"collection":[{"href":"https:\/\/us.edu.pl\/t4e\/wp-json\/wp\/v2\/posts"}],"about":[{"href":"https:\/\/us.edu.pl\/t4e\/wp-json\/wp\/v2\/types\/post"}],"author":[{"embeddable":true,"href":"https:\/\/us.edu.pl\/t4e\/wp-json\/wp\/v2\/users\/33"}],"replies":[{"embeddable":true,"href":"https:\/\/us.edu.pl\/t4e\/wp-json\/wp\/v2\/comments?post=6622"}],"version-history":[{"count":6,"href":"https:\/\/us.edu.pl\/t4e\/wp-json\/wp\/v2\/posts\/6622\/revisions"}],"predecessor-version":[{"id":6662,"href":"https:\/\/us.edu.pl\/t4e\/wp-json\/wp\/v2\/posts\/6622\/revisions\/6662"}],"wp:featuredmedia":[{"embeddable":true,"href":"https:\/\/us.edu.pl\/t4e\/wp-json\/wp\/v2\/media\/6623"}],"wp:attachment":[{"href":"https:\/\/us.edu.pl\/t4e\/wp-json\/wp\/v2\/media?parent=6622"}],"wp:term":[{"taxonomy":"category","embeddable":true,"href":"https:\/\/us.edu.pl\/t4e\/wp-json\/wp\/v2\/categories?post=6622"},{"taxonomy":"post_tag","embeddable":true,"href":"https:\/\/us.edu.pl\/t4e\/wp-json\/wp\/v2\/tags?post=6622"}],"curies":[{"name":"wp","href":"https:\/\/api.w.org\/{rel}","templated":true}]}}