{"id":6671,"date":"2026-08-31T14:09:36","date_gmt":"2026-08-31T12:09:36","guid":{"rendered":"https:\/\/us.edu.pl\/t4e\/?p=6671"},"modified":"2026-08-31T14:27:08","modified_gmt":"2026-08-31T12:27:08","slug":"miedzynarodowa-konferencja-transform4europe-horyzont-europa-2027","status":"publish","type":"post","link":"https:\/\/us.edu.pl\/t4e\/miedzynarodowa-konferencja-transform4europe-horyzont-europa-2027\/","title":{"rendered":"Mi\u0119dzynarodowa Konferencja \u201eTransform4Europe \u2013 Horyzont Europa 2027\u201d"},"content":{"rendered":"<p>[vc_row][vc_column width=&#8221;2\/3&#8243;]\r\n                <div class=\"text-modules\">\r\n                    <div class=\"container\">\r\n                        \r\n                        <div class=\"text-modules__content\"><p><strong>Mi\u0119dzynarodowa konferencja \u201eTransform4Europe \u2013 Horyzont Europa 2027\u201d to trzydniowe, intensywne wydarzenie organizowane przez Uniwersytet \u015al\u0105ski w Katowicach. Jej celem b\u0119dzie spotkanie pracownik\u00f3w naukowych, doktorant\u00f3w oraz pracownik\u00f3w dzia\u0142\u00f3w projekt\u00f3w Uniwersytetu \u015al\u0105skiego w Katowicach ze swoimi odpowiednikami z uczelni partnerskich sojuszu Transform4Europe oraz T4EU Joint Grants Office.<\/strong><\/p>\n<p>Wydarzenie odb\u0119dzie si\u0119 poza siedzib\u0105 Uniwersytetu \u015al\u0105skiego w Katowicach. Zakwaterowanie i wy\u017cywienie zostanie zapewnione przez uczelni\u0119. Szczeg\u00f3\u0142owe informacje zostan\u0105 przekazane w p\u00f3\u017aniejszym terminie.<\/p>\n<p>Zakres konferencji obejmuje przedstawienie zagadnie\u0144 zwi\u0105zanych z programem Horyzont Europa 2027, wymiana do\u015bwiadcze\u0144 i\u00a0wst\u0119pna, wsp\u00f3lna praca nad koncepcjami wniosk\u00f3w grantowych do konkurs\u00f3w Komisji Europejskiej w ramach ww. programu Horyzont Europa 2027.<\/p>\n<p>Konferencja po\u0142\u0105czy elementy prezentacji i dyskusji z prac\u0105 praktyczn\u0105 w grupach roboczych, dzi\u0119ki czemu uczestnicy nie tylko poszerz\u0105 wiedz\u0119 na temat zasad aplikowania o \u015brodki europejskie, ale r\u00f3wnie\u017c wyjad\u0105 z konferencji z konkretnymi, gotowymi do dalszego rozwijania koncepcjami wniosk\u00f3w projektowych oraz nawi\u0105zanymi kontaktami mi\u0119dzynarodowymi przydatnymi do przysz\u0142ej wsp\u00f3\u0142pracy w ramach sojuszu.<\/p>\n<p>Poza programem akademickim, wydarzenie stwarza r\u00f3wnie\u017c przestrze\u0144 do nieformalnych rozm\u00f3w, wymiany do\u015bwiadcze\u0144 i spotka\u0144 inspirowanych wyj\u0105tkowym dziedzictwem kulturowym G\u00f3rnego \u015al\u0105ska \u2013 tworz\u0105c okazj\u0119 do budowania relacji nie tylko jako badacze, ale tak\u017ce jako cz\u0142onkowie mi\u0119dzynarodowej spo\u0142eczno\u015bci akademickiej.<\/p>\n<p>Rejestracji mo\u017cna dokona\u0107 <a href=\"https:\/\/docs.google.com\/forms\/d\/e\/1FAIpQLSeCJlAU5JDV-XfanY0QwTo171O8XPnwGoAQXUmaTpvKVj-B1w\/viewform?usp=header\">poprzez formularz online<\/a> do <strong>14 wrze\u015bnia<\/strong>.<\/p>\n<\/div>\r\n                    <\/div>\r\n                <\/div>\r\n                <div class=\"text-modules\">\r\n                    <div class=\"container\">\r\n                        \r\n                        <div class=\"text-modules__content\"><p><strong>Cele konferencji:<\/strong><\/p>\n<ul>\n<li>Spotkanie przedstawicieli Uniwersytetu \u015al\u0105skiego w Katowicach z naukowcami z uczelni partnerskich Transform4Europe oraz nawi\u0105zanie bezpo\u015bredniej wsp\u00f3\u0142pracy badawczej.<\/li>\n<li>Wst\u0119pne wypracowanie koncepcji wniosk\u00f3w grantowych do konkurs\u00f3w Komisji Europejskiej w ramach programu Horyzont Europa 2027.<\/li>\n<li>Zapoznanie uczestnik\u00f3w z aktualnymi obszarami tematycznymi i harmonogramem konkurs\u00f3w Horyzont Europa na rok 2027.<\/li>\n<li>Utworzenie mi\u0119dzynarodowych zespo\u0142\u00f3w badawczych oraz podzia\u0142 r\u00f3l w przysz\u0142ych konsorcjach projektowych.<\/li>\n<li>Rozw\u00f3j kompetencji w zakresie pisania wniosk\u00f3w grantowych, bud\u017cetowania projekt\u00f3w oraz zarz\u0105dzania konsorcjum mi\u0119dzynarodowym.<\/li>\n<\/ul>\n<p>Udzia\u0142 w konferencji umo\u017cliwi przedstawicielom Uniwersytetu \u015al\u0105skiego w Katowicach nawi\u0105zanie bezpo\u015brednich kontakt\u00f3w z partnerami badawczymi z uczelni sojuszu Transform4Europe, wypracowanie wst\u0119pnych koncepcji wniosk\u00f3w grantowych do konkurs\u00f3w Komisji Europejskiej oraz zdobycie praktycznej wiedzy z zakresu przygotowywania konkurencyjnych wniosk\u00f3w w programie Horyzont Europa. Wszyscy uczestnicy otrzymaj\u0105 materia\u0142y szkoleniowe oraz certyfikat potwierdzaj\u0105cy udzia\u0142 w wydarzeniu.<\/p>\n<\/div>\r\n                    <\/div>\r\n                <\/div>\r\n                <div class=\"text-modules\">\r\n                    <div class=\"container\">\r\n                        \r\n                        <div class=\"text-modules__content\"><p><strong>Program ramowy:<\/strong><\/p>\n<ul>\n<li>Dzie\u0144 1 (23 wrze\u015bnia): Rejestracja uczestnik\u00f3w, sesja otwieraj\u0105ca z udzia\u0142em przedstawicieli Uniwersytetu \u015al\u0105skiego, prezentacja priorytet\u00f3w Horyzont Europa 2027 oraz wzajemna prezentacja uczelni partnerskich i ich potencja\u0142u badawczego.<\/li>\n<li>Dzie\u0144 2 (24 wrze\u015bnia): <strong>Akademicka Szko\u0142a Wsp\u00f3\u0142pracy Mi\u0119dzynarodowej<\/strong>, kt\u00f3ra ma na celu zgromadzenie naukowc\u00f3w z obszaru nauk spo\u0142ecznych zainteresowanych poszerzaniem swoich mi\u0119dzynarodowych perspektyw badawczych oraz budowaniem warto\u015bciowych kontakt\u00f3w akademickich ponad granicami. Akademia b\u0119dzie oparta na pracy w grupach tematycznych nad wst\u0119pnymi koncepcjami wniosk\u00f3w grantowych, konsultacjach z ekspertami ds. grant\u00f3w oraz warsztatach pisania wniosk\u00f3w w mi\u0119dzynarodowych zespo\u0142ach.<\/li>\n<li>Dzie\u0144 3 (25 wrze\u015bnia): Prezentacja wypracowanych koncepcji projektowych, panel dyskusyjny, podsumowanie konferencji oraz ustalenie dalszych krok\u00f3w i harmonogramu sk\u0142adania wniosk\u00f3w.<\/li>\n<li><\/li>\n<\/ul>\n<p>\n<\/div>\r\n                    <\/div>\r\n                <\/div>[\/vc_column][vc_column width=&#8221;1\/3&#8243;]\r\n                <div class=\"text-modules\">\r\n                    <div class=\"container\">\r\n                        \r\n                        <div class=\"text-modules__content\"><p><img class=\"alignnone size-medium wp-image-5409\" src=\"https:\/\/us.edu.pl\/t4e\/wp-content\/uploads\/sites\/59\/Bez-kategorii\/pexels-fauxels-3183150-800x534.jpg\" alt=\"Osoby siedz\u0105ce przy stole z laptopami\" width=\"100%\" height=\"auto\" srcset=\"https:\/\/us.edu.pl\/t4e\/wp-content\/uploads\/sites\/59\/Bez-kategorii\/pexels-fauxels-3183150-800x534.jpg 800w, https:\/\/us.edu.pl\/t4e\/wp-content\/uploads\/sites\/59\/Bez-kategorii\/pexels-fauxels-3183150-1024x683.jpg 1024w, https:\/\/us.edu.pl\/t4e\/wp-content\/uploads\/sites\/59\/Bez-kategorii\/pexels-fauxels-3183150-768x512.jpg 768w, https:\/\/us.edu.pl\/t4e\/wp-content\/uploads\/sites\/59\/Bez-kategorii\/pexels-fauxels-3183150-1536x1025.jpg 1536w, https:\/\/us.edu.pl\/t4e\/wp-content\/uploads\/sites\/59\/Bez-kategorii\/pexels-fauxels-3183150-575x384.jpg 575w, https:\/\/us.edu.pl\/t4e\/wp-content\/uploads\/sites\/59\/Bez-kategorii\/pexels-fauxels-3183150.jpg 1920w\" sizes=\"(max-width: 800px) 100vw, 800px\" \/><\/p>\n<\/div>\r\n                    <\/div>\r\n                <\/div>[\/vc_column][\/vc_row]<\/p>","protected":false},"excerpt":{"rendered":"<p>[vc_row][vc_column width=&#8221;2\/3&#8243;][\/vc_column][vc_column width=&#8221;1\/3&#8243;][\/vc_column][\/vc_row] [&#8230;]<\/p>\n<p><a class=\"btn btn-secondary understrap-read-more-link\" href=\"https:\/\/us.edu.pl\/t4e\/miedzynarodowa-konferencja-transform4europe-horyzont-europa-2027\/\">Read More&#8230;<\/a><\/p>\n","protected":false},"author":3042,"featured_media":5934,"comment_status":"open","ping_status":"open","sticky":false,"template":"","format":"standard","meta":{"_expiration-date-status":"","_expiration-date":0,"_expiration-date-type":"","_expiration-date-categories":[],"_expiration-date-options":[]},"categories":[12,86],"tags":[],"acf":[],"_links":{"self":[{"href":"https:\/\/us.edu.pl\/t4e\/wp-json\/wp\/v2\/posts\/6671"}],"collection":[{"href":"https:\/\/us.edu.pl\/t4e\/wp-json\/wp\/v2\/posts"}],"about":[{"href":"https:\/\/us.edu.pl\/t4e\/wp-json\/wp\/v2\/types\/post"}],"author":[{"embeddable":true,"href":"https:\/\/us.edu.pl\/t4e\/wp-json\/wp\/v2\/users\/3042"}],"replies":[{"embeddable":true,"href":"https:\/\/us.edu.pl\/t4e\/wp-json\/wp\/v2\/comments?post=6671"}],"version-history":[{"count":3,"href":"https:\/\/us.edu.pl\/t4e\/wp-json\/wp\/v2\/posts\/6671\/revisions"}],"predecessor-version":[{"id":6674,"href":"https:\/\/us.edu.pl\/t4e\/wp-json\/wp\/v2\/posts\/6671\/revisions\/6674"}],"wp:featuredmedia":[{"embeddable":true,"href":"https:\/\/us.edu.pl\/t4e\/wp-json\/wp\/v2\/media\/5934"}],"wp:attachment":[{"href":"https:\/\/us.edu.pl\/t4e\/wp-json\/wp\/v2\/media?parent=6671"}],"wp:term":[{"taxonomy":"category","embeddable":true,"href":"https:\/\/us.edu.pl\/t4e\/wp-json\/wp\/v2\/categories?post=6671"},{"taxonomy":"post_tag","embeddable":true,"href":"https:\/\/us.edu.pl\/t4e\/wp-json\/wp\/v2\/tags?post=6671"}],"curies":[{"name":"wp","href":"https:\/\/api.w.org\/{rel}","templated":true}]}}