{"id":1,"date":"2024-08-21T13:30:01","date_gmt":"2024-08-21T11:30:01","guid":{"rendered":"https:\/\/us.edu.pl\/wydawnictwo\/?p=1"},"modified":"2024-09-12T11:57:46","modified_gmt":"2024-09-12T09:57:46","slug":"brzoza-kolorz_polityka_kobiet","status":"publish","type":"post","link":"https:\/\/us.edu.pl\/wydawnictwo\/brzoza-kolorz_polityka_kobiet\/","title":{"rendered":"Katarzyna Brzoza-Kolorz: \u201ePolityka kobiet czy kobiety polityki?\u201d. P\u0142e\u0107 jako element obraz\u00f3w medialnych kobiet"},"content":{"rendered":"<p><\/p>\n<div class=\"main_entry_meta_item\">\n<h1 class=\"title\">\u201ePolityka kobiet czy kobiety polityki?\u201d. P\u0142e\u0107 jako element obraz\u00f3w medialnych kobiet<\/h1>\n<div class=\"item authors\">\n<h2 class=\"label\"><span style=\"font-size: 14px;\">Katarzyna Brzoza-Kolorz, <\/span><span style=\"font-size: 14px;\">Uniwersytet \u015al\u0105ski w Katowicach <\/span><a style=\"font-size: 14px;\" href=\"https:\/\/orcid.org\/0000-0002-5262-5745\" target=\"_blank\" rel=\"noopener\">https:\/\/orcid.org\/0000-0002-5262-5745<\/a><\/h2>\n<\/div>\n<div class=\"item doi\">Monografia pt. <em>\u201ePolityka kobiet, czy kobiety polityki?\u201d P\u0142e\u0107 jako element obraz\u00f3w medialnych kobiet<\/em>\u00a0wpisuje si\u0119 w obszar\u00a0<em>women\u2019s media studies<\/em>\u00a0wype\u0142niaj\u0105c w pewnym zakresie luk\u0119 w tym temacie istniej\u0105c\u0105 na polskim rynku wydawniczym. Praca ma interdyscyplinarny charakter w warstwie teoretycznej i empirycznej, cho\u0107 akcent zosta\u0142 po\u0142o\u017cony na nauki o mediach i komunikacji spo\u0142ecznej oraz na nauki o polityce i administracji. Prowadzone dociekania by\u0142y pr\u00f3b\u0105 uzyskania odpowiedzi na pytanie: czy i w jaki spos\u00f3b p\u0142e\u0107 jest czynnikiem rzutuj\u0105cym na obrazy medialne kobiet \u015bwiata polityki, prezentowane w wybranych polskich tygodnikach opinii. W cz\u0119\u015bci pierwszej pokazano rozw\u00f3j i dotychczasowe ustalenia w zakresie\u00a0<em>women\u2019s media studies<\/em>, wykorzystuj\u0105c dorobek badaczy zagranicznych oraz aktywno\u015bci podejmowane przez naukowc\u00f3w polskich.\u00a0 Natomiast w drugiej cz\u0119\u015bci zaprezentowano wyniki analizy zawarto\u015bci, kt\u00f3re uczyniono fundamentem autorskiej typologii sposob\u00f3w medialnego obrazowania polityczek i \u017con polityk\u00f3w, a tak\u017ce punktem wyj\u015bcia do skonstruowania modeli obraz\u00f3w medialnych kobiet \u015bwiata polityki w analizowanych materia\u0142ach medialnych.<\/div>\n<\/div>\n<div class=\"item abstract\">\n<div class=\"value\">\n<p>Pobierz bezp\u0142atnie pod adresem:<span class=\"value\"><a href=\"https:\/\/doi.org\/10.31261\/PN.4210\"> https:\/\/doi.org\/10.31261\/PN.4210<\/a><\/span><\/p>\n<\/div>\n<\/div>\n<p><\/p>","protected":false},"excerpt":{"rendered":"<p>\u201ePolityka kobiet czy kobiety polityki?\u201d. P\u0142e\u0107 jako element obraz\u00f3w medialnych kobiet Katarzyna Brzoza-Kolorz, Uniwersytet \u015al\u0105ski w Katowicach https:\/\/orcid.org\/0000-0002-5262-5745 Monografia pt. \u201ePolityka kobiet, czy kobiety polityki?\u201d P\u0142e\u0107 jako element obraz\u00f3w medialnych kobiet\u00a0wpisuje si\u0119 w obszar\u00a0women\u2019s media studies\u00a0wype\u0142niaj\u0105c w pewnym zakresie luk\u0119 w tym temacie istniej\u0105c\u0105 na polskim rynku wydawniczym. Praca ma interdyscyplinarny charakter w warstwie teoretycznej [&#8230;]<\/p>\n<p><a class=\"btn btn-secondary understrap-read-more-link\" href=\"https:\/\/us.edu.pl\/wydawnictwo\/brzoza-kolorz_polityka_kobiet\/\">Read More&#8230;<\/a><\/p>\n","protected":false},"author":98,"featured_media":569,"comment_status":"open","ping_status":"open","sticky":false,"template":"","format":"image","meta":{"_expiration-date-status":"","_expiration-date":0,"_expiration-date-type":"","_expiration-date-categories":[],"_expiration-date-options":[]},"categories":[11],"tags":[],"acf":[],"_links":{"self":[{"href":"https:\/\/us.edu.pl\/wydawnictwo\/wp-json\/wp\/v2\/posts\/1"}],"collection":[{"href":"https:\/\/us.edu.pl\/wydawnictwo\/wp-json\/wp\/v2\/posts"}],"about":[{"href":"https:\/\/us.edu.pl\/wydawnictwo\/wp-json\/wp\/v2\/types\/post"}],"author":[{"embeddable":true,"href":"https:\/\/us.edu.pl\/wydawnictwo\/wp-json\/wp\/v2\/users\/98"}],"replies":[{"embeddable":true,"href":"https:\/\/us.edu.pl\/wydawnictwo\/wp-json\/wp\/v2\/comments?post=1"}],"version-history":[{"count":7,"href":"https:\/\/us.edu.pl\/wydawnictwo\/wp-json\/wp\/v2\/posts\/1\/revisions"}],"predecessor-version":[{"id":858,"href":"https:\/\/us.edu.pl\/wydawnictwo\/wp-json\/wp\/v2\/posts\/1\/revisions\/858"}],"wp:featuredmedia":[{"embeddable":true,"href":"https:\/\/us.edu.pl\/wydawnictwo\/wp-json\/wp\/v2\/media\/569"}],"wp:attachment":[{"href":"https:\/\/us.edu.pl\/wydawnictwo\/wp-json\/wp\/v2\/media?parent=1"}],"wp:term":[{"taxonomy":"category","embeddable":true,"href":"https:\/\/us.edu.pl\/wydawnictwo\/wp-json\/wp\/v2\/categories?post=1"},{"taxonomy":"post_tag","embeddable":true,"href":"https:\/\/us.edu.pl\/wydawnictwo\/wp-json\/wp\/v2\/tags?post=1"}],"curies":[{"name":"wp","href":"https:\/\/api.w.org\/{rel}","templated":true}]}}