{"id":2916,"date":"2025-07-28T10:40:12","date_gmt":"2025-07-28T08:40:12","guid":{"rendered":"https:\/\/us.edu.pl\/wydawnictwo\/?p=2916"},"modified":"2025-08-13T10:39:59","modified_gmt":"2025-08-13T08:39:59","slug":"kazimiera-alberti-dusza-kalabrii","status":"publish","type":"post","link":"https:\/\/us.edu.pl\/wydawnictwo\/kazimiera-alberti-dusza-kalabrii\/","title":{"rendered":"Kazimiera Alberti: Dusza Kalabrii"},"content":{"rendered":"<p><\/p>\n<h1 class=\"title\">Dusza Kalabrii<\/h1>\n<p><strong>Kazimiera Alberti<\/strong><\/p>\n<p><strong>Sandra Struga\u0142a (t\u0142um.), Uniwersytet Pedagogiczny w Krakowie <a href=\"https:\/\/orcid.org\/0000-0003-3994-6728\">https:\/\/orcid.org\/0000-0003-3994-6728<\/a><\/strong><\/p>\n<p><strong>Ma\u0142gorzata \u015alarzy\u0144ska (t\u0142um.), Uniwersytet Kardyna\u0142a Stefana Wyszy\u0144skiego w Warszawie <a href=\"https:\/\/orcid.org\/0000-0001-5948-698X\">https:\/\/orcid.org\/0000-0001-5948-698X<\/a><\/strong><\/p>\n<p><strong>Marcin Wyrembelski (t\u0142um. wsp\u00f3\u0142udz.) <a href=\"https:\/\/orcid.org\/0000-0002-6117-3840\">https:\/\/orcid.org\/0000-0002-6117-3840<\/a><\/strong><\/p>\n<p><strong>Mariusz Jochemczyk (oprac.), Uniwersytet \u015al\u0105ski w Katowicach <a href=\"https:\/\/orcid.org\/0000-0002-0671-6355\">https:\/\/orcid.org\/0000-0002-0671-6355<\/a><\/strong><\/p>\n<p><strong>Mi\u0142osz Piotrowiak (oprac.), Uniwersytet \u015al\u0105ski w Katowicach <a href=\"https:\/\/orcid.org\/0000-0003-3787-752X\">https:\/\/orcid.org\/0000-0003-3787-752X<\/a><\/strong><\/p>\n<p><strong>Janina Janas (wsp\u00f3\u0142udz.) <a href=\"https:\/\/orcid.org\/0000-0003-4488-6061\">https:\/\/orcid.org\/0000-0003-4488-6061<\/a><\/strong><\/p>\n<p>Prezentowana tu ksi\u0105\u017cka Kazimiery Alberti stanowi znakomity przyk\u0142ad literatury gatunkowej: to z werw\u0105 napisany reporta\u017c podr\u00f3\u017cny.\u00a0<em>Dusza Kalabrii<\/em>\u00a0stanowi pierwsze ogniwo czteroelementowego cyklu, kt\u00f3remu na imi\u0119 \u201eItalia nieznana\u201d. I jako takie nale\u017cy bez w\u0105tpienia do \u015bwiatowego dziedzictwa, kt\u00f3re mo\u017cemy oznaczy\u0107 etykiet\u0105: literatura \u201eGrand Tour\u201d. Pielgrzymki pisarzy do \u017ar\u00f3de\u0142 kultury \u015br\u00f3dziemnomorskiej stanowi\u0142y od wiek\u00f3w element formuj\u0105cy \u015bwiadomo\u015b\u0107 jednostki oraz decydowa\u0142y o wyskalowaniu poznawczych horyzont\u00f3w osoby wybitnej. Jak zauwa\u017caj\u0105 w\u0142oscy krytycy (tu\u017c po publikacji kolejnych tom\u00f3w w\u0142oskiego cyklu), pisarstwo Alberti sytuuje si\u0119 po stronie dojrza\u0142ej refleksji filozoficznej zwi\u0105zanej z okre\u015bleniem miejsca cz\u0142owieka postwojennego w kulturze i przestrzeni \u201ezdruzgotanej\u201d. Alberti pozostaje tu w absolutnej europejskiej awangardzie \u2013 \u0142\u0105cz\u0105c medytacj\u0119 nad krajobrazem, obserwacje ludzi i obiekt\u00f3w dziedzictwa z refleksj\u0105 historiozoficzn\u0105 i poetyck\u0105 wra\u017cliwo\u015bci\u0105 diagnozy. Zbli\u017ca si\u0119 w tym do pomnikowych dokona\u0144 np. P.P. Pasoliniego (por.\u00a0<em>La lunga strada di sabbia<\/em>) czy G. Piovene. Pierwsza ods\u0142ona dzie\u0142a prowadzi nas w stron\u0119 dziedzictwa Wielkiej Grecji.<\/p>\n<p>Pobierz bezp\u0142atnie pod adresem: <a href=\"https:\/\/doi.org\/10.31261\/PN.4279\">https:\/\/doi.org\/10.31261\/PN.4279<\/a><\/p>","protected":false},"excerpt":{"rendered":"<p>Dusza Kalabrii Kazimiera Alberti Sandra Struga\u0142a (t\u0142um.), Uniwersytet Pedagogiczny w Krakowie https:\/\/orcid.org\/0000-0003-3994-6728 Ma\u0142gorzata \u015alarzy\u0144ska (t\u0142um.), Uniwersytet Kardyna\u0142a Stefana Wyszy\u0144skiego w Warszawie https:\/\/orcid.org\/0000-0001-5948-698X Marcin Wyrembelski (t\u0142um. wsp\u00f3\u0142udz.) https:\/\/orcid.org\/0000-0002-6117-3840 Mariusz Jochemczyk (oprac.), Uniwersytet \u015al\u0105ski w Katowicach https:\/\/orcid.org\/0000-0002-0671-6355 Mi\u0142osz Piotrowiak (oprac.), Uniwersytet \u015al\u0105ski w Katowicach https:\/\/orcid.org\/0000-0003-3787-752X Janina Janas (wsp\u00f3\u0142udz.) https:\/\/orcid.org\/0000-0003-4488-6061 Prezentowana tu ksi\u0105\u017cka Kazimiery Alberti stanowi znakomity przyk\u0142ad [&#8230;]<\/p>\n<p><a class=\"btn btn-secondary understrap-read-more-link\" href=\"https:\/\/us.edu.pl\/wydawnictwo\/kazimiera-alberti-dusza-kalabrii\/\">Read More&#8230;<\/a><\/p>\n","protected":false},"author":5000,"featured_media":2918,"comment_status":"open","ping_status":"open","sticky":false,"template":"","format":"standard","meta":{"_expiration-date-status":"","_expiration-date":0,"_expiration-date-type":"","_expiration-date-categories":[],"_expiration-date-options":[]},"categories":[11],"tags":[],"acf":[],"_links":{"self":[{"href":"https:\/\/us.edu.pl\/wydawnictwo\/wp-json\/wp\/v2\/posts\/2916"}],"collection":[{"href":"https:\/\/us.edu.pl\/wydawnictwo\/wp-json\/wp\/v2\/posts"}],"about":[{"href":"https:\/\/us.edu.pl\/wydawnictwo\/wp-json\/wp\/v2\/types\/post"}],"author":[{"embeddable":true,"href":"https:\/\/us.edu.pl\/wydawnictwo\/wp-json\/wp\/v2\/users\/5000"}],"replies":[{"embeddable":true,"href":"https:\/\/us.edu.pl\/wydawnictwo\/wp-json\/wp\/v2\/comments?post=2916"}],"version-history":[{"count":1,"href":"https:\/\/us.edu.pl\/wydawnictwo\/wp-json\/wp\/v2\/posts\/2916\/revisions"}],"predecessor-version":[{"id":2922,"href":"https:\/\/us.edu.pl\/wydawnictwo\/wp-json\/wp\/v2\/posts\/2916\/revisions\/2922"}],"wp:featuredmedia":[{"embeddable":true,"href":"https:\/\/us.edu.pl\/wydawnictwo\/wp-json\/wp\/v2\/media\/2918"}],"wp:attachment":[{"href":"https:\/\/us.edu.pl\/wydawnictwo\/wp-json\/wp\/v2\/media?parent=2916"}],"wp:term":[{"taxonomy":"category","embeddable":true,"href":"https:\/\/us.edu.pl\/wydawnictwo\/wp-json\/wp\/v2\/categories?post=2916"},{"taxonomy":"post_tag","embeddable":true,"href":"https:\/\/us.edu.pl\/wydawnictwo\/wp-json\/wp\/v2\/tags?post=2916"}],"curies":[{"name":"wp","href":"https:\/\/api.w.org\/{rel}","templated":true}]}}