{"id":825,"date":"2024-10-28T13:40:08","date_gmt":"2024-10-28T12:40:08","guid":{"rendered":"https:\/\/us.edu.pl\/wydawnictwo\/?p=825"},"modified":"2024-10-28T13:53:35","modified_gmt":"2024-10-28T12:53:35","slug":"maciej-bernasiewicz-marek-lukasiewicz-monika-noszczyk-bernasiewicz-nieskutecznosc-resocjalizacji-nieletnich-sprawcow-czynow-karalnych","status":"publish","type":"post","link":"https:\/\/us.edu.pl\/wydawnictwo\/maciej-bernasiewicz-marek-lukasiewicz-monika-noszczyk-bernasiewicz-nieskutecznosc-resocjalizacji-nieletnich-sprawcow-czynow-karalnych\/","title":{"rendered":"Maciej Bernasiewicz, Marek \u0141ukasiewicz, Monika Noszczyk-Bernasiewicz: (Nie)skuteczno\u015b\u0107 resocjalizacji nieletnich sprawc\u00f3w czyn\u00f3w karalnych"},"content":{"rendered":"<p><\/p>\n<h1 class=\"title\">(Nie)skuteczno\u015b\u0107 resocjalizacji nieletnich sprawc\u00f3w czyn\u00f3w karalnych<\/h1>\n<p><strong>Maciej Bernasiewicz, Uniwersytet \u015al\u0105ski w Katowicach<span style=\"font-size: 14px;\">\u00a0<a href=\"https:\/\/orcid.org\/0000-0001-6636-5377\">https:\/\/orcid.org\/0000-0001-6636-5377<\/a><\/span><\/strong><\/p>\n<p><strong>Marek \u0141ukasiewicz <a href=\"https:\/\/orcid.org\/0000-0002-2026-4607\">https:\/\/orcid.org\/0000-0002-2026-4607<\/a><\/strong><\/p>\n<p><strong>Monika Noszczyk-Bernasiewicz, Uniwersyt<\/strong><strong>e<\/strong><strong>t \u015al\u0105ski w Katowicach <a href=\"https:\/\/orcid.org\/0000-0001-7704-4018\">https:\/\/orcid.org\/0000-0001-7704-4018<\/a><\/strong><\/p>\n<p>W ksi\u0105\u017cce zaprezentowano wyniki bada\u0144 przeprowadzonych za pomoc\u0105 wywiad\u00f3w pog\u0142\u0119bionych z osadzonymi z zak\u0142ad\u00f3w karnych, kt\u00f3rzy dawniej byli ju\u017c pods\u0105dnymi s\u0105d\u00f3w dla nieletnich. S\u0105 to zatem osoby, kt\u00f3re z prawnokarnego punktu widzenia dowodz\u0105 pora\u017cki w polu prowadzonej wobec nich w przesz\u0142o\u015bci resocjalizacji. Za\u0142o\u017cono jednak, co finalnie okaza\u0142o si\u0119 s\u0142usznym przypuszczeniem, \u017ce osoby takie mog\u0105 dostarczy\u0107 wa\u017cnych informacji o skutecznej resocjalizacji, poniewa\u017c maj\u0105 zar\u00f3wno pozytywne, jak i negatywne do\u015bwiadczenia z resocjalizacj\u0105 w okresie, gdy by\u0142y nieletnie. Jako osoby osadzone dysponuj\u0105 unikatow\u0105 wiedz\u0105 na temat tego, z czego nie uda\u0142o im si\u0119 skorzysta\u0107 w zakresie oferowanej im resocjalizacji i dlaczego dosz\u0142o w ich \u017cyciu do przest\u0119pczo\u015bci powrotnej.<\/p>\n<p>Wejd\u017a i dowiedz si\u0119 wi\u0119cej pod adresem: <a href=\"https:\/\/doi.org\/10.31261\/PN.4234\">https:\/\/doi.org\/10.31261\/PN.4234<\/a><\/p>","protected":false},"excerpt":{"rendered":"<p>(Nie)skuteczno\u015b\u0107 resocjalizacji nieletnich sprawc\u00f3w czyn\u00f3w karalnych Maciej Bernasiewicz, Uniwersytet \u015al\u0105ski w Katowicach\u00a0https:\/\/orcid.org\/0000-0001-6636-5377 Marek \u0141ukasiewicz https:\/\/orcid.org\/0000-0002-2026-4607 Monika Noszczyk-Bernasiewicz, Uniwersytet \u015al\u0105ski w Katowicach https:\/\/orcid.org\/0000-0001-7704-4018 W ksi\u0105\u017cce zaprezentowano wyniki bada\u0144 przeprowadzonych za pomoc\u0105 wywiad\u00f3w pog\u0142\u0119bionych z osadzonymi z zak\u0142ad\u00f3w karnych, kt\u00f3rzy dawniej byli ju\u017c pods\u0105dnymi s\u0105d\u00f3w dla nieletnich. S\u0105 to zatem osoby, kt\u00f3re z prawnokarnego punktu widzenia dowodz\u0105 [&#8230;]<\/p>\n<p><a class=\"btn btn-secondary understrap-read-more-link\" href=\"https:\/\/us.edu.pl\/wydawnictwo\/maciej-bernasiewicz-marek-lukasiewicz-monika-noszczyk-bernasiewicz-nieskutecznosc-resocjalizacji-nieletnich-sprawcow-czynow-karalnych\/\">Read More&#8230;<\/a><\/p>\n","protected":false},"author":5000,"featured_media":845,"comment_status":"open","ping_status":"open","sticky":false,"template":"","format":"standard","meta":{"_expiration-date-status":"","_expiration-date":0,"_expiration-date-type":"","_expiration-date-categories":[],"_expiration-date-options":[]},"categories":[11],"tags":[],"acf":[],"_links":{"self":[{"href":"https:\/\/us.edu.pl\/wydawnictwo\/wp-json\/wp\/v2\/posts\/825"}],"collection":[{"href":"https:\/\/us.edu.pl\/wydawnictwo\/wp-json\/wp\/v2\/posts"}],"about":[{"href":"https:\/\/us.edu.pl\/wydawnictwo\/wp-json\/wp\/v2\/types\/post"}],"author":[{"embeddable":true,"href":"https:\/\/us.edu.pl\/wydawnictwo\/wp-json\/wp\/v2\/users\/5000"}],"replies":[{"embeddable":true,"href":"https:\/\/us.edu.pl\/wydawnictwo\/wp-json\/wp\/v2\/comments?post=825"}],"version-history":[{"count":2,"href":"https:\/\/us.edu.pl\/wydawnictwo\/wp-json\/wp\/v2\/posts\/825\/revisions"}],"predecessor-version":[{"id":848,"href":"https:\/\/us.edu.pl\/wydawnictwo\/wp-json\/wp\/v2\/posts\/825\/revisions\/848"}],"wp:featuredmedia":[{"embeddable":true,"href":"https:\/\/us.edu.pl\/wydawnictwo\/wp-json\/wp\/v2\/media\/845"}],"wp:attachment":[{"href":"https:\/\/us.edu.pl\/wydawnictwo\/wp-json\/wp\/v2\/media?parent=825"}],"wp:term":[{"taxonomy":"category","embeddable":true,"href":"https:\/\/us.edu.pl\/wydawnictwo\/wp-json\/wp\/v2\/categories?post=825"},{"taxonomy":"post_tag","embeddable":true,"href":"https:\/\/us.edu.pl\/wydawnictwo\/wp-json\/wp\/v2\/tags?post=825"}],"curies":[{"name":"wp","href":"https:\/\/api.w.org\/{rel}","templated":true}]}}