{"id":172281,"date":"2024-04-15T11:45:42","date_gmt":"2024-04-15T09:45:42","guid":{"rendered":"https:\/\/us.edu.pl\/wydzial\/wh\/?p=172281"},"modified":"2024-04-15T11:45:42","modified_gmt":"2024-04-15T09:45:42","slug":"konferencja-el-espanol-como-lengua-extranjera-en-europa-central-2004-2020-enfoque-demolinguistico-2","status":"publish","type":"post","link":"https:\/\/us.edu.pl\/wydzial\/wh\/en\/2024\/04\/15\/konferencja-el-espanol-como-lengua-extranjera-en-europa-central-2004-2020-enfoque-demolinguistico-2\/","title":{"rendered":"(Polski) Konferencja \u201eEl espa\u00f1ol como lengua extranjera en Europa Central (2004-2020). Enfoque demoling\u00fc\u00edstico\u201d"},"content":{"rendered":"<p class=\"qtranxs-available-languages-message qtranxs-available-languages-message-en\">Sorry, this entry is only available in <a href=\"https:\/\/us.edu.pl\/wydzial\/wh\/pl\/wp-json\/wp\/v2\/posts\/172281\" class=\"qtranxs-available-language-link qtranxs-available-language-link-pl\" title=\"Polski\">Polish<\/a>.<\/p>","protected":false},"excerpt":{"rendered":"<p>Sorry, this entry is only available in Polish. [&#8230;]<\/p>\n<p><a class=\"btn btn-secondary understrap-read-more-link\" href=\"https:\/\/us.edu.pl\/wydzial\/wh\/en\/2024\/04\/15\/konferencja-el-espanol-como-lengua-extranjera-en-europa-central-2004-2020-enfoque-demolinguistico-2\/\">Read More&#8230;<\/a><\/p>\n","protected":false},"author":1,"featured_media":172092,"comment_status":"open","ping_status":"open","sticky":false,"template":"","format":"standard","meta":{"_expiration-date-status":"","_expiration-date":0,"_expiration-date-type":"","_expiration-date-categories":[],"_expiration-date-options":[]},"categories":[7,6],"tags":[],"acf":[],"_links":{"self":[{"href":"https:\/\/us.edu.pl\/wydzial\/wh\/en\/wp-json\/wp\/v2\/posts\/172281"}],"collection":[{"href":"https:\/\/us.edu.pl\/wydzial\/wh\/en\/wp-json\/wp\/v2\/posts"}],"about":[{"href":"https:\/\/us.edu.pl\/wydzial\/wh\/en\/wp-json\/wp\/v2\/types\/post"}],"author":[{"embeddable":true,"href":"https:\/\/us.edu.pl\/wydzial\/wh\/en\/wp-json\/wp\/v2\/users\/1"}],"replies":[{"embeddable":true,"href":"https:\/\/us.edu.pl\/wydzial\/wh\/en\/wp-json\/wp\/v2\/comments?post=172281"}],"version-history":[{"count":2,"href":"https:\/\/us.edu.pl\/wydzial\/wh\/en\/wp-json\/wp\/v2\/posts\/172281\/revisions"}],"predecessor-version":[{"id":172285,"href":"https:\/\/us.edu.pl\/wydzial\/wh\/en\/wp-json\/wp\/v2\/posts\/172281\/revisions\/172285"}],"wp:featuredmedia":[{"embeddable":true,"href":"https:\/\/us.edu.pl\/wydzial\/wh\/en\/wp-json\/wp\/v2\/media\/172092"}],"wp:attachment":[{"href":"https:\/\/us.edu.pl\/wydzial\/wh\/en\/wp-json\/wp\/v2\/media?parent=172281"}],"wp:term":[{"taxonomy":"category","embeddable":true,"href":"https:\/\/us.edu.pl\/wydzial\/wh\/en\/wp-json\/wp\/v2\/categories?post=172281"},{"taxonomy":"post_tag","embeddable":true,"href":"https:\/\/us.edu.pl\/wydzial\/wh\/en\/wp-json\/wp\/v2\/tags?post=172281"}],"curies":[{"name":"wp","href":"https:\/\/api.w.org\/{rel}","templated":true}]}}