{"id":14512,"date":"2021-09-22T16:23:12","date_gmt":"2021-09-22T14:23:12","guid":{"rendered":"https:\/\/us.edu.pl\/wydzial\/wh\/?p=14512"},"modified":"2021-10-14T14:12:58","modified_gmt":"2021-10-14T12:12:58","slug":"program-nauka-dla-spoleczenstwa","status":"publish","type":"post","link":"https:\/\/us.edu.pl\/wydzial\/wh\/2021\/09\/22\/program-nauka-dla-spoleczenstwa\/","title":{"rendered":"Program Nauka dla Spo\u0142ecze\u0144stwa"},"content":{"rendered":"<p>[vc_row][vc_column width=&#8221;2\/3&#8243;]\r\n                <div class=\"text-modules\">\r\n                    <div class=\"container\">\r\n                        \r\n                        <div class=\"text-modules__content\"><p>Celem nowego programu Ministra Edukacji i Nauki jest wsparcie podmiot\u00f3w systemu szkolnictwa wy\u017cszego i nauki oraz innych jednostek organizacyjnych dzia\u0142aj\u0105cych na rzecz upowszechniania nauki.<\/p>\n<p>Program obejmuje finansowanie projekt\u00f3w w trzech obszarach:<\/p>\n<ol>\n<li><strong>\u201eDoskona\u0142o\u015b\u0107 naukowa\u201d<\/strong>;<\/li>\n<li><strong>\u201eNauka dla innowacyjno\u015bci\u201d<\/strong>;<\/li>\n<li><strong>\u201eHumanistyka \u2013 Spo\u0142ecze\u0144stwo \u2013 To\u017csamo\u015b\u0107\u201d<\/strong> \u2013 s\u0142u\u017c\u0105cy wspieraniu projekt\u00f3w maj\u0105cych na celu:\n<ol>\n<li>rozw\u00f3j nauk humanistycznych oraz stymulowanie i promowanie innowacyjnych bada\u0144 humanistycznych,<\/li>\n<li>rozw\u00f3j i promowanie bada\u0144 interdyscyplinarnych w obszarze humanistyki,<\/li>\n<li>wykorzystanie humanistyki do rozwoju innych obszar\u00f3w nauki, a tak\u017ce kultury, edukacji, gospodarki i spo\u0142ecze\u0144stwa,<\/li>\n<li>badanie oraz promowanie idei polsko\u015bci w historii, kulturze i my\u015bli politycznej,<\/li>\n<li>prowadzenie bada\u0144 w zakresie to\u017csamo\u015bci narodowej (kulturowej) na rzecz trwa\u0142o\u015bci polskiej tradycji narodowej,<\/li>\n<li>badanie oraz promowanie polskich tradycji regionalnych i narodowych oraz postaw patriotycznych,<\/li>\n<li>badanie oraz popularyzacja regionalnych i narodowych \u017ar\u00f3de\u0142 kultury polskiej (w tym literatury, sztuki, muzyki i my\u015bli filozoficznej) w kraju i za granic\u0105,<\/li>\n<li>prowadzenie bada\u0144 nad polskim muzealnictwem i miejscami pami\u0119ci narodowej w kraju i za granic\u0105.<\/li>\n<\/ol>\n<\/li>\n<\/ol>\n<p>Warunkiem udzia\u0142u w programie jest przedstawienie projektu:<\/p>\n<ol>\n<li>kt\u00f3rego okres realizacji nie przekracza 24 miesi\u0119cy;<\/li>\n<li>kt\u00f3rego koszt realizacji wynosi co najmniej 100 000 z\u0142, jednak nie wi\u0119cej ni\u017c 2 000 000 z\u0142;<\/li>\n<li>kt\u00f3ry nie obejmuje dzia\u0142a\u0144 finansowanych z innych \u015brodk\u00f3w pochodz\u0105cych z bud\u017cetu pa\u0144stwa;<\/li>\n<li>kt\u00f3rego koszty po\u015brednie nie przekraczaj\u0105 15% przyznanej wysoko\u015bci \u015brodk\u00f3w finansowych;<\/li>\n<li>kt\u00f3ry realizuje co najmniej jeden cel, o kt\u00f3rym mowa powy\u017cej;<\/li>\n<li>kt\u00f3ry wpisuje si\u0119 w co najmniej jeden obszar, o kt\u00f3rym mowa powy\u017cej;<\/li>\n<li>kt\u00f3ry wskazuje konkretne i weryfikowalne rezultaty;<\/li>\n<li>kt\u00f3ry posiada merytoryczne uzasadnienie dla jego realizacji.<\/li>\n<\/ol>\n<p>Nab\u00f3r wniosk\u00f3w w ramach programu trwa od pocz\u0105tku sierpnia 2021 r. i jest prowadzony w trybie ci\u0105g\u0142ym.<\/p>\n<p>Wnioski sk\u0142ada si\u0119 w <a href=\"https:\/\/osf.opi.org.pl\">Zintegrowanym Systemie Us\u0142ug dla Nauki \u2212 Obs\u0142uga Strumieni Finansowania (OSF)<\/a>.<\/p>\n<p>Szczeg\u00f3\u0142owe informacje dotycz\u0105ce warunk\u00f3w i zasad uczestnictwa w programie zawarto w <a href=\"https:\/\/programy.nauka.gov.pl\/wp-content\/uploads\/2015\/12\/20210701_Komunikat_MEiN_-_Nauka_dla_spoleczenstwa.pdf\" class=\"mtli_attachment mtli_pdf\" class=\"mtli_attachment mtli_pdf\">Komunikacie Ministra Edukacji i Nauki z dnia 1 lipca 2021 r.<\/a> o ustanowieniu programu pod nazw\u0105 \u201eNauka dla Spo\u0142ecze\u0144stwa\u201d i naborze wniosk\u00f3w.<\/p>\n<\/div>\r\n                    <\/div>\r\n                <\/div>[\/vc_column][vc_column width=&#8221;1\/3&#8243;]\r\n                <div class=\"text-modules\">\r\n                    <div class=\"container\">\r\n                        \r\n                        <div class=\"text-modules__content\"><p><img class=\"alignnone wp-image-12561 size-full\" src=\"https:\/\/us.edu.pl\/wydzial\/wh\/wp-content\/uploads\/sites\/15\/OBRAZKI-WYR\u00d3\u017bNIAJ\u0104CE\/team-5614132_640.jpg\" alt=\"grupa ludzi &quot;przybijaj\u0105cych pi\u0105tki&quot; nad sto\u0142em w biurze\" width=\"640\" height=\"427\" srcset=\"https:\/\/us.edu.pl\/wydzial\/wh\/wp-content\/uploads\/sites\/15\/OBRAZKI-WYR\u00d3\u017bNIAJ\u0104CE\/team-5614132_640.jpg 640w, https:\/\/us.edu.pl\/wydzial\/wh\/wp-content\/uploads\/sites\/15\/OBRAZKI-WYR\u00d3\u017bNIAJ\u0104CE\/team-5614132_640-300x200.jpg 300w, https:\/\/us.edu.pl\/wydzial\/wh\/wp-content\/uploads\/sites\/15\/OBRAZKI-WYR\u00d3\u017bNIAJ\u0104CE\/team-5614132_640-575x384.jpg 575w\" sizes=\"(max-width: 640px) 100vw, 640px\" \/><\/p>\n<\/div>\r\n                    <\/div>\r\n                <\/div>[\/vc_column][\/vc_row]<\/p>","protected":false},"excerpt":{"rendered":"<p>[vc_row][vc_column width=&#8221;2\/3&#8243;][\/vc_column][vc_column width=&#8221;1\/3&#8243;][\/vc_column][\/vc_row] [&#8230;]<\/p>\n<p><a class=\"btn btn-secondary understrap-read-more-link\" href=\"https:\/\/us.edu.pl\/wydzial\/wh\/2021\/09\/22\/program-nauka-dla-spoleczenstwa\/\">Read More&#8230;<\/a><\/p>\n","protected":false},"author":1,"featured_media":12561,"comment_status":"open","ping_status":"open","sticky":false,"template":"","format":"standard","meta":{"_expiration-date-status":"saved","_expiration-date":0,"_expiration-date-type":"","_expiration-date-categories":[],"_expiration-date-options":[]},"categories":[9],"tags":[294],"acf":[],"_links":{"self":[{"href":"https:\/\/us.edu.pl\/wydzial\/wh\/wp-json\/wp\/v2\/posts\/14512"}],"collection":[{"href":"https:\/\/us.edu.pl\/wydzial\/wh\/wp-json\/wp\/v2\/posts"}],"about":[{"href":"https:\/\/us.edu.pl\/wydzial\/wh\/wp-json\/wp\/v2\/types\/post"}],"author":[{"embeddable":true,"href":"https:\/\/us.edu.pl\/wydzial\/wh\/wp-json\/wp\/v2\/users\/1"}],"replies":[{"embeddable":true,"href":"https:\/\/us.edu.pl\/wydzial\/wh\/wp-json\/wp\/v2\/comments?post=14512"}],"version-history":[{"count":2,"href":"https:\/\/us.edu.pl\/wydzial\/wh\/wp-json\/wp\/v2\/posts\/14512\/revisions"}],"predecessor-version":[{"id":14853,"href":"https:\/\/us.edu.pl\/wydzial\/wh\/wp-json\/wp\/v2\/posts\/14512\/revisions\/14853"}],"wp:featuredmedia":[{"embeddable":true,"href":"https:\/\/us.edu.pl\/wydzial\/wh\/wp-json\/wp\/v2\/media\/12561"}],"wp:attachment":[{"href":"https:\/\/us.edu.pl\/wydzial\/wh\/wp-json\/wp\/v2\/media?parent=14512"}],"wp:term":[{"taxonomy":"category","embeddable":true,"href":"https:\/\/us.edu.pl\/wydzial\/wh\/wp-json\/wp\/v2\/categories?post=14512"},{"taxonomy":"post_tag","embeddable":true,"href":"https:\/\/us.edu.pl\/wydzial\/wh\/wp-json\/wp\/v2\/tags?post=14512"}],"curies":[{"name":"wp","href":"https:\/\/api.w.org\/{rel}","templated":true}]}}