{"id":157186,"date":"2022-07-06T15:02:44","date_gmt":"2022-07-06T13:02:44","guid":{"rendered":"https:\/\/us.edu.pl\/wydzial\/wh\/?p=157186"},"modified":"2022-07-07T09:39:07","modified_gmt":"2022-07-07T07:39:07","slug":"zmarla-prof-anna-wegrzyniakowa","status":"publish","type":"post","link":"https:\/\/us.edu.pl\/wydzial\/wh\/2022\/07\/06\/zmarla-prof-anna-wegrzyniakowa\/","title":{"rendered":"Zmar\u0142a prof. Anna W\u0119grzyniakowa"},"content":{"rendered":"<p>[vc_row][vc_column width=&#8221;2\/3&#8243;]\r\n                <div class=\"text-modules\">\r\n                    <div class=\"container\">\r\n                        \r\n                        <div class=\"text-modules__content\"><p><!--break--><\/p>\n<table style=\"margin: auto; border: 3px solid #000000;\" width=\"90%\" cellspacing=\"1\" cellpadding=\"1\">\n<tbody>\n<tr>\n<td style=\"text-align: center;\">&nbsp;<\/p>\n<p>&nbsp;<\/p>\n<p>Z wielkim \u017calem zawiadamiam o \u015bmierci<\/p>\n<p>&nbsp;<\/p>\n<p><strong>prof. dr hab. Anny W\u0119grzyniakowej<\/strong>,<\/p>\n<p>&nbsp;<\/p>\n<p>wieloletniej pracownicy Zak\u0142adu Teorii Literatury<br \/>\nInstytutu Nauk o Literaturze Polskiej.<\/p>\n<p>&nbsp;<\/p>\n<p>Rodzinie, wszystkim wsp\u00f3\u0142pracownikom i przyjacio\u0142om<br \/>\nw imieniu zespo\u0142u dzieka\u0144skiego sk\u0142adam najszczersze kondolencje<\/p>\n<p>&nbsp;<\/p>\n<p><strong>Dziekan Wydzia\u0142u Humanistycznego<\/strong><\/p>\n<p><strong>prof. dr hab. Adam Dziadek<\/strong><\/p>\n<p>&nbsp;<\/p>\n<p>&nbsp;<\/td>\n<\/tr>\n<\/tbody>\n<\/table>\n<p>\n<\/div>\r\n                    <\/div>\r\n                <\/div>\r\n                <div class=\"text-modules\">\r\n                    <div class=\"container\">\r\n                        \r\n                        <div class=\"text-modules__content\"><\/p>\n<p style=\"text-align: justify;\">Msza \u015bwi\u0119ta \u017ca\u0142obna odprawiona zostanie w dniu 9 lipca 2022 r. (sobota) o godzinie 11.00 w ko\u015bciele pw. Naj\u015bwi\u0119tszego Serca Pana Jezusa w Bielsku-Bia\u0142ej, ul. Traugutta 13 (za dworcem autobusowym w Bielsku). Ceremonia pogrzebowa odb\u0119dzie si\u0119 po Mszy \u015bw., na cmentarzu parafialnym przy ul. Pszczelej w Mikuszowicach \u015al\u0105skich (przy B\u0142oniach).<\/p>\n<p>\n<\/div>\r\n                    <\/div>\r\n                <\/div>[\/vc_column][vc_column width=&#8221;1\/3&#8243;]\r\n                <div class=\"text-modules\">\r\n                    <div class=\"container\">\r\n                        \r\n                        <div class=\"text-modules__content\"><\/p>\n<p><img class=\"alignnone wp-image-6520 size-full\" src=\"https:\/\/us.edu.pl\/wydzial\/wh\/wp-content\/uploads\/sites\/15\/OBRAZKI-WYR\u00d3\u017bNIAJ\u0104CE\/joanna-kosinska-HdVIGmYhUsA-unsplash-1.jpg\" alt=\"Zapalny znicz (czarno-bia\u0142e zdj\u0119cie)\" width=\"690\" height=\"400\" srcset=\"https:\/\/us.edu.pl\/wydzial\/wh\/wp-content\/uploads\/sites\/15\/OBRAZKI-WYR\u00d3\u017bNIAJ\u0104CE\/joanna-kosinska-HdVIGmYhUsA-unsplash-1.jpg 690w, https:\/\/us.edu.pl\/wydzial\/wh\/wp-content\/uploads\/sites\/15\/OBRAZKI-WYR\u00d3\u017bNIAJ\u0104CE\/joanna-kosinska-HdVIGmYhUsA-unsplash-1-300x174.jpg 300w, https:\/\/us.edu.pl\/wydzial\/wh\/wp-content\/uploads\/sites\/15\/OBRAZKI-WYR\u00d3\u017bNIAJ\u0104CE\/joanna-kosinska-HdVIGmYhUsA-unsplash-1-575x333.jpg 575w\" sizes=\"(max-width: 690px) 100vw, 690px\" \/><\/p>\n<\/div>\r\n                    <\/div>\r\n                <\/div>[\/vc_column][\/vc_row]<\/p>","protected":false},"excerpt":{"rendered":"<p>[vc_row][vc_column width=&#8221;2\/3&#8243;][\/vc_column][vc_column width=&#8221;1\/3&#8243;][\/vc_column][\/vc_row] [&#8230;]<\/p>\n<p><a class=\"btn btn-secondary understrap-read-more-link\" href=\"https:\/\/us.edu.pl\/wydzial\/wh\/2022\/07\/06\/zmarla-prof-anna-wegrzyniakowa\/\">Read More&#8230;<\/a><\/p>\n","protected":false},"author":1,"featured_media":6520,"comment_status":"open","ping_status":"open","sticky":false,"template":"","format":"standard","meta":{"_expiration-date-status":"","_expiration-date":0,"_expiration-date-type":"","_expiration-date-categories":[],"_expiration-date-options":[]},"categories":[6],"tags":[],"acf":[],"_links":{"self":[{"href":"https:\/\/us.edu.pl\/wydzial\/wh\/wp-json\/wp\/v2\/posts\/157186"}],"collection":[{"href":"https:\/\/us.edu.pl\/wydzial\/wh\/wp-json\/wp\/v2\/posts"}],"about":[{"href":"https:\/\/us.edu.pl\/wydzial\/wh\/wp-json\/wp\/v2\/types\/post"}],"author":[{"embeddable":true,"href":"https:\/\/us.edu.pl\/wydzial\/wh\/wp-json\/wp\/v2\/users\/1"}],"replies":[{"embeddable":true,"href":"https:\/\/us.edu.pl\/wydzial\/wh\/wp-json\/wp\/v2\/comments?post=157186"}],"version-history":[{"count":5,"href":"https:\/\/us.edu.pl\/wydzial\/wh\/wp-json\/wp\/v2\/posts\/157186\/revisions"}],"predecessor-version":[{"id":157191,"href":"https:\/\/us.edu.pl\/wydzial\/wh\/wp-json\/wp\/v2\/posts\/157186\/revisions\/157191"}],"wp:featuredmedia":[{"embeddable":true,"href":"https:\/\/us.edu.pl\/wydzial\/wh\/wp-json\/wp\/v2\/media\/6520"}],"wp:attachment":[{"href":"https:\/\/us.edu.pl\/wydzial\/wh\/wp-json\/wp\/v2\/media?parent=157186"}],"wp:term":[{"taxonomy":"category","embeddable":true,"href":"https:\/\/us.edu.pl\/wydzial\/wh\/wp-json\/wp\/v2\/categories?post=157186"},{"taxonomy":"post_tag","embeddable":true,"href":"https:\/\/us.edu.pl\/wydzial\/wh\/wp-json\/wp\/v2\/tags?post=157186"}],"curies":[{"name":"wp","href":"https:\/\/api.w.org\/{rel}","templated":true}]}}