{"id":158277,"date":"2022-09-23T11:34:33","date_gmt":"2022-09-23T09:34:33","guid":{"rendered":"https:\/\/us.edu.pl\/wydzial\/wh\/?p=158277"},"modified":"2022-09-23T11:34:33","modified_gmt":"2022-09-23T09:34:33","slug":"monografia-prof-dariusza-kuboka-nominowana-do-nagrody-im-jana-dlugosza","status":"publish","type":"post","link":"https:\/\/us.edu.pl\/wydzial\/wh\/2022\/09\/23\/monografia-prof-dariusza-kuboka-nominowana-do-nagrody-im-jana-dlugosza\/","title":{"rendered":"Monografia prof. Dariusza Kuboka nominowana do Nagrody im. Jana D\u0142ugosza"},"content":{"rendered":"<p>[vc_row][vc_column width=&#8221;2\/3&#8243;]\r\n                <div class=\"text-modules\">\r\n                    <div class=\"container\">\r\n                        \r\n                        <div class=\"text-modules__content\"><p>Z przyjemno\u015bci\u0105 informujemy, \u017ce monografia autorstwa <a href=\"https:\/\/us.edu.pl\/instytut\/ifil\/osoby\/dariusz-kubok\/\">Profesora Dariusza Kuboka<\/a> <a href=\"https:\/\/wydawnictwo.us.edu.pl\/node\/24113\">\u201eKrytycyzm, sceptycyzm i zetetycyzm we wczesnej filozofii greckiej\u201d<\/a> znalaz\u0142a si\u0119 w gronie 10 Nominowanych do Nagrody im. Jana D\u0142ugosza.<\/p>\n<p>&nbsp;<\/p>\n<p><strong>Konkurs o Nagrod\u0119 imienia Jana D\u0142ugosza<\/strong>, organizowany w ramach Mi\u0119dzynarodowych Targ\u00f3w Ksi\u0105\u017cki w Krakowie, nagradza dzie\u0142a wnosz\u0105ce istotny wk\u0142ad w rozw\u00f3j \u015bwiatowej nauki i kultury. To jeden z najbardziej presti\u017cowych konkurs\u00f3w w Polsce. Jak pisz\u0105 organizatorzy: \u201ePrzedstawiane do Nagrody dzie\u0142a pomagaj\u0105 wiele rzeczy lepiej pozna\u0107 i zrozumie\u0107, odgrywaj\u0105 istotn\u0105 rol\u0119 w kszta\u0142towaniu podstawowych i uniwersalnych warto\u015bci naszej cywilizacji. Dostarczaj\u0105 gruntownej wiedzy i stanowi\u0105 bogaty materia\u0142 do przemy\u015ble\u0144, staj\u0105c si\u0119 nie tylko lektur\u0105, ale tak\u017ce przedmiotem studi\u00f3w. (\u2026) Typowane do Nagrody ksi\u0105\u017cki maj\u0105 szans\u0119 znale\u017a\u0107 si\u0119 w\u015br\u00f3d podstawowych dzie\u0142 s\u0142u\u017c\u0105cych budowaniu \u015bwiadomo\u015bci historyczno-kulturowej Polak\u00f3w\u201d.<\/p>\n<p>Wyboru dokonuje Jury pod przewodnictwem prof. W\u0142adys\u0142awa Str\u00f3\u017cewskiego. W jego sk\u0142ad wchodz\u0105 prof. Andrzej Chwalba, prof. Andrzej M\u0105czy\u0144ski, prof. Ryszard Nycz, prof. Jan Ostrowski, prof. Leszek Polony oraz prof. Piotr Sztompka.<\/p>\n<p>Jubileuszowa, 25. Gala Wr\u0119czenia Nagrody im. Jana D\u0142ugosza odb\u0119dzie si\u0119 27 pa\u017adziernika 2022 r. w Centrum Kongresowym ICE Krak\u00f3w.<\/p>\n<p>Wi\u0119cej informacji o konkursie oraz pe\u0142n\u0105 list\u0119 10 Nominowanych mo\u017cna znale\u017a\u0107 na <a href=\"https:\/\/www.dlugosz.krakow.pl\/pl\/\">stronie konkursu<\/a>.<\/p>\n<\/div>\r\n                    <\/div>\r\n                <\/div>[\/vc_column][vc_column width=&#8221;1\/3&#8243;]\r\n                <div class=\"text-modules\">\r\n                    <div class=\"container\">\r\n                        \r\n                        <div class=\"text-modules__content\"><p><img class=\"alignnone wp-image-158280 size-full\" src=\"https:\/\/us.edu.pl\/wydzial\/wh\/wp-content\/uploads\/sites\/15\/Bez-kategorii\/Krytycyzm-sceptycyzm-i-zetetycyzm-we-wczesnej-filozofii-greckiej.jpg\" alt=\"Ok\u0142adka ksi\u0105\u017cki prof. Dariusza Kuboka &quot;Krytycyzm, sceptycyzm i zetetycyzm we wczesnej filozofii greckiej&quot;\" width=\"699\" height=\"954\" srcset=\"https:\/\/us.edu.pl\/wydzial\/wh\/wp-content\/uploads\/sites\/15\/Bez-kategorii\/Krytycyzm-sceptycyzm-i-zetetycyzm-we-wczesnej-filozofii-greckiej.jpg 699w, https:\/\/us.edu.pl\/wydzial\/wh\/wp-content\/uploads\/sites\/15\/Bez-kategorii\/Krytycyzm-sceptycyzm-i-zetetycyzm-we-wczesnej-filozofii-greckiej-220x300.jpg 220w, https:\/\/us.edu.pl\/wydzial\/wh\/wp-content\/uploads\/sites\/15\/Bez-kategorii\/Krytycyzm-sceptycyzm-i-zetetycyzm-we-wczesnej-filozofii-greckiej-421x575.jpg 421w\" sizes=\"(max-width: 699px) 100vw, 699px\" \/><\/p>\n<\/div>\r\n                    <\/div>\r\n                <\/div>[\/vc_column][\/vc_row]<\/p>","protected":false},"excerpt":{"rendered":"<p>[vc_row][vc_column width=&#8221;2\/3&#8243;][\/vc_column][vc_column width=&#8221;1\/3&#8243;][\/vc_column][\/vc_row] [&#8230;]<\/p>\n<p><a class=\"btn btn-secondary understrap-read-more-link\" href=\"https:\/\/us.edu.pl\/wydzial\/wh\/2022\/09\/23\/monografia-prof-dariusza-kuboka-nominowana-do-nagrody-im-jana-dlugosza\/\">Read More&#8230;<\/a><\/p>\n","protected":false},"author":1,"featured_media":158286,"comment_status":"open","ping_status":"open","sticky":false,"template":"","format":"standard","meta":{"_expiration-date-status":"","_expiration-date":0,"_expiration-date-type":"","_expiration-date-categories":[],"_expiration-date-options":[]},"categories":[6],"tags":[],"acf":[],"_links":{"self":[{"href":"https:\/\/us.edu.pl\/wydzial\/wh\/wp-json\/wp\/v2\/posts\/158277"}],"collection":[{"href":"https:\/\/us.edu.pl\/wydzial\/wh\/wp-json\/wp\/v2\/posts"}],"about":[{"href":"https:\/\/us.edu.pl\/wydzial\/wh\/wp-json\/wp\/v2\/types\/post"}],"author":[{"embeddable":true,"href":"https:\/\/us.edu.pl\/wydzial\/wh\/wp-json\/wp\/v2\/users\/1"}],"replies":[{"embeddable":true,"href":"https:\/\/us.edu.pl\/wydzial\/wh\/wp-json\/wp\/v2\/comments?post=158277"}],"version-history":[{"count":2,"href":"https:\/\/us.edu.pl\/wydzial\/wh\/wp-json\/wp\/v2\/posts\/158277\/revisions"}],"predecessor-version":[{"id":158289,"href":"https:\/\/us.edu.pl\/wydzial\/wh\/wp-json\/wp\/v2\/posts\/158277\/revisions\/158289"}],"wp:featuredmedia":[{"embeddable":true,"href":"https:\/\/us.edu.pl\/wydzial\/wh\/wp-json\/wp\/v2\/media\/158286"}],"wp:attachment":[{"href":"https:\/\/us.edu.pl\/wydzial\/wh\/wp-json\/wp\/v2\/media?parent=158277"}],"wp:term":[{"taxonomy":"category","embeddable":true,"href":"https:\/\/us.edu.pl\/wydzial\/wh\/wp-json\/wp\/v2\/categories?post=158277"},{"taxonomy":"post_tag","embeddable":true,"href":"https:\/\/us.edu.pl\/wydzial\/wh\/wp-json\/wp\/v2\/tags?post=158277"}],"curies":[{"name":"wp","href":"https:\/\/api.w.org\/{rel}","templated":true}]}}