{"id":16042,"date":"2021-10-21T11:54:14","date_gmt":"2021-10-21T09:54:14","guid":{"rendered":"https:\/\/us.edu.pl\/wydzial\/wh\/?p=16042"},"modified":"2021-10-21T11:54:14","modified_gmt":"2021-10-21T09:54:14","slug":"grant-ncn-dla-dr-magdaleny-malinowskiej","status":"publish","type":"post","link":"https:\/\/us.edu.pl\/wydzial\/wh\/2021\/10\/21\/grant-ncn-dla-dr-magdaleny-malinowskiej\/","title":{"rendered":"Grant NCN dla dr Magdaleny Malinowskiej"},"content":{"rendered":"<p>[vc_row][vc_column width=&#8221;2\/3&#8243;]\r\n                <div class=\"text-modules\">\r\n                    <div class=\"container\">\r\n                        \r\n                        <div class=\"text-modules__content\"><p><a href=\"https:\/\/us.edu.pl\/instytut\/il\/osoby\/magdalena-malinowska\/\"><strong>Dr Magdalena Malinowska<\/strong><\/a> z <a href=\"https:\/\/us.edu.pl\/instytut\/il\/\">Instytutu Literaturoznawstwa U\u015a<\/a> otrzyma\u0142a grant MINIATURA Narodowego Centrum Nauki, kt\u00f3ry pozwoli na sfinansowanie trzymiesi\u0119cznego sta\u017cu naukowego pod opiek\u0105 prof. Olgi Hel-Bongo na Wydziale Humanistycznym Uniwersytetu Laval w Quebecu.<\/p>\n<p>Planowane dzia\u0142anie naukowe wpisuje si\u0119 w szerszy projekt \u201eAfryka\u0144skie projekcje przysz\u0142o\u015bci. Afrofuturyzm w literackich i filmowych narracjach kobiecych\u201d, kt\u00f3rego zasadniczym celem b\u0119dzie wypracowanie nowego modelu metodologicznego do badania endogennych kulturowych projekcji przysz\u0142o\u015bci kontynentu afryka\u0144skiego.<\/p>\n<\/div>\r\n                    <\/div>\r\n                <\/div>[\/vc_column][vc_column width=&#8221;1\/3&#8243;]\r\n                <div class=\"text-modules\">\r\n                    <div class=\"container\">\r\n                        \r\n                        <div class=\"text-modules__content\"><p><img class=\"alignnone wp-image-9497 size-full\" src=\"https:\/\/us.edu.pl\/wydzial\/wh\/wp-content\/uploads\/sites\/15\/OBRAZKI-WYR\u00d3\u017bNIAJ\u0104CE\/girl-2618562_640.jpg\" alt=\"kobieta siedz\u0105ca przy biurku widziana od ty\u0142u\" width=\"640\" height=\"426\" srcset=\"https:\/\/us.edu.pl\/wydzial\/wh\/wp-content\/uploads\/sites\/15\/OBRAZKI-WYR\u00d3\u017bNIAJ\u0104CE\/girl-2618562_640.jpg 640w, https:\/\/us.edu.pl\/wydzial\/wh\/wp-content\/uploads\/sites\/15\/OBRAZKI-WYR\u00d3\u017bNIAJ\u0104CE\/girl-2618562_640-300x200.jpg 300w, https:\/\/us.edu.pl\/wydzial\/wh\/wp-content\/uploads\/sites\/15\/OBRAZKI-WYR\u00d3\u017bNIAJ\u0104CE\/girl-2618562_640-575x383.jpg 575w\" sizes=\"(max-width: 640px) 100vw, 640px\" \/><\/p>\n<\/div>\r\n                    <\/div>\r\n                <\/div>[\/vc_column][\/vc_row]<\/p>","protected":false},"excerpt":{"rendered":"<p>[vc_row][vc_column width=&#8221;2\/3&#8243;][\/vc_column][vc_column width=&#8221;1\/3&#8243;][\/vc_column][\/vc_row] [&#8230;]<\/p>\n<p><a class=\"btn btn-secondary understrap-read-more-link\" href=\"https:\/\/us.edu.pl\/wydzial\/wh\/2021\/10\/21\/grant-ncn-dla-dr-magdaleny-malinowskiej\/\">Read More&#8230;<\/a><\/p>\n","protected":false},"author":1,"featured_media":9497,"comment_status":"open","ping_status":"open","sticky":false,"template":"","format":"standard","meta":{"_expiration-date-status":"saved","_expiration-date":0,"_expiration-date-type":"","_expiration-date-categories":[],"_expiration-date-options":[]},"categories":[40,109,6],"tags":[259,247],"acf":[],"_links":{"self":[{"href":"https:\/\/us.edu.pl\/wydzial\/wh\/wp-json\/wp\/v2\/posts\/16042"}],"collection":[{"href":"https:\/\/us.edu.pl\/wydzial\/wh\/wp-json\/wp\/v2\/posts"}],"about":[{"href":"https:\/\/us.edu.pl\/wydzial\/wh\/wp-json\/wp\/v2\/types\/post"}],"author":[{"embeddable":true,"href":"https:\/\/us.edu.pl\/wydzial\/wh\/wp-json\/wp\/v2\/users\/1"}],"replies":[{"embeddable":true,"href":"https:\/\/us.edu.pl\/wydzial\/wh\/wp-json\/wp\/v2\/comments?post=16042"}],"version-history":[{"count":2,"href":"https:\/\/us.edu.pl\/wydzial\/wh\/wp-json\/wp\/v2\/posts\/16042\/revisions"}],"predecessor-version":[{"id":16047,"href":"https:\/\/us.edu.pl\/wydzial\/wh\/wp-json\/wp\/v2\/posts\/16042\/revisions\/16047"}],"wp:featuredmedia":[{"embeddable":true,"href":"https:\/\/us.edu.pl\/wydzial\/wh\/wp-json\/wp\/v2\/media\/9497"}],"wp:attachment":[{"href":"https:\/\/us.edu.pl\/wydzial\/wh\/wp-json\/wp\/v2\/media?parent=16042"}],"wp:term":[{"taxonomy":"category","embeddable":true,"href":"https:\/\/us.edu.pl\/wydzial\/wh\/wp-json\/wp\/v2\/categories?post=16042"},{"taxonomy":"post_tag","embeddable":true,"href":"https:\/\/us.edu.pl\/wydzial\/wh\/wp-json\/wp\/v2\/tags?post=16042"}],"curies":[{"name":"wp","href":"https:\/\/api.w.org\/{rel}","templated":true}]}}