{"id":163353,"date":"2023-03-20T14:14:51","date_gmt":"2023-03-20T13:14:51","guid":{"rendered":"https:\/\/us.edu.pl\/wydzial\/wh\/?p=163353"},"modified":"2023-03-20T14:14:51","modified_gmt":"2023-03-20T13:14:51","slug":"zgloszenie-polonistycznych-prac-magisterskich-do-konkursu-im-profesora-czeslawa-zgorzelskiego","status":"publish","type":"post","link":"https:\/\/us.edu.pl\/wydzial\/wh\/2023\/03\/20\/zgloszenie-polonistycznych-prac-magisterskich-do-konkursu-im-profesora-czeslawa-zgorzelskiego\/","title":{"rendered":"Zg\u0142oszenie polonistycznych prac magisterskich do Konkursu im. Profesora Czes\u0142awa Zgorzelskiego"},"content":{"rendered":"<p>[vc_row][vc_column width=&#8221;2\/3&#8243;]\r\n                <div class=\"text-modules\">\r\n                    <div class=\"container\">\r\n                        \r\n                        <div class=\"text-modules__content\"><\/p>\n<p style=\"text-align: justify;\">Polonistyczne prace magisterskie obronione w 2022 roku \u2013 mgr Aleksandry Ry\u015b oraz mgr. Kamila Mokrzy\u0144skiego \u2013 zosta\u0142y zg\u0142oszone do tegorocznej XXII edycji Konkursu im. Profesora Czes\u0142awa Zgorzelskiego. Konkurs ma charakter og\u00f3lnopolski i s\u0142u\u017cy wyr\u00f3\u017cnieniu autor\u00f3w i autorek najlepszych prac magisterskich reprezentuj\u0105cych dwie dyscypliny \u2013 literaturoznawstwo i j\u0119zykoznawstwo. Organizatorem konkursu jest Konferencja Polonistyk Uniwersyteckich zrzeszaj\u0105ca 21 krajowych jednostek prowadz\u0105cych studia polonistyczne.<\/p>\n<p style=\"text-align: justify;\">Komisja w dyscyplinie literaturoznawstwo w sk\u0142adzie: prof. dr hab. Danuta Opacka-Walasek, dr hab. Monika \u0141ado\u0144, prof. U\u015a oraz dr hab. Maciej Tramer, prof. U\u015a, postanowi\u0142a rekomendowa\u0107 do konkursu prac\u0119 mgr. Kamila Mokrzy\u0144skiego pt. <em>Wizerunek nauki na przyk\u0142adzie powie\u015bci Stanis\u0142awa Lema \u201eSolaris\u201d<\/em>, napisan\u0105 pod kierunkiem dr. hab. Mariusza Jochemczyka, prof. U\u015a. W uzasadnieniu decyzji komisja doceni\u0142a \u201eogromn\u0105 dojrza\u0142o\u015b\u0107, erudycj\u0119 oraz kompetencje metodologiczne, kt\u00f3re autor rozprawy znakomicie wykorzysta\u0142 do nowatorskiego odczytania jednej z najpopularniejszych i \u2013 zdawa\u0142oby si\u0119 \u2013 najlepiej znanych powie\u015bci Lema\u201d.<\/p>\n<p style=\"text-align: justify;\">Natomiast komisja w dyscyplinie j\u0119zykoznawstwo w sk\u0142adzie: prof. dr hab. Aleksandra Janowska, dr hab. Katarzyna Wyrwas, prof. U\u015a, oraz dr hab. Jaros\u0142aw Pacu\u0142a, prof. U\u015a, podj\u0119\u0142a decyzj\u0119 o rekomendacji do konkursu pracy mgr Aleksandry Ry\u015b pt. <em>Frazeologia jako \u017ar\u00f3d\u0142o bada\u0144 nad wybranymi wyznacznikami potoczno\u015bci (na materiale Korpusu dawnych polskich tekst\u00f3w dramatycznych (1772\u20131939))<\/em> napisan\u0105 po opiek\u0105 naukow\u0105 dr hab. Barbary Mitrengi, prof. U\u015a. Komisja podkre\u015bli\u0142a oryginalno\u015b\u0107 i wysoki poziom naukowy rozprawy, zwr\u00f3ci\u0142a uwag\u0119 na umiej\u0119tnie dobrany materia\u0142 \u017ar\u00f3d\u0142owy, dojrza\u0142\u0105 analiz\u0119 oraz przygotowanie pracy pod wzgl\u0119dem formalnym.<\/p>\n<p style=\"text-align: justify;\">Og\u0142oszenie wynik\u00f3w konkursu nast\u0105pi w pa\u017adzierniku br.<\/p>\n<p style=\"text-align: justify;\">Autorom wyr\u00f3\u017cnionych prac \u017cyczymy sukces\u00f3w na szczeblu og\u00f3lnopolskim!<\/p>\n<p>\n<\/div>\r\n                    <\/div>\r\n                <\/div>[\/vc_column][vc_column width=&#8221;1\/3&#8243;]\r\n                <div class=\"text-modules\">\r\n                    <div class=\"container\">\r\n                        \r\n                        <div class=\"text-modules__content\"><p><img class=\"alignnone wp-image-156504 size-full\" src=\"https:\/\/us.edu.pl\/wydzial\/wh\/wp-content\/uploads\/sites\/15\/OBRAZKI-WYROZNIAJACE\/books-gbc83c8fc2_640.jpg\" alt=\"4 ksi\u0105\u017cki u\u0142o\u017cone jedna na drugiej i oparty o nie notes\" width=\"640\" height=\"426\" srcset=\"https:\/\/us.edu.pl\/wydzial\/wh\/wp-content\/uploads\/sites\/15\/OBRAZKI-WYROZNIAJACE\/books-gbc83c8fc2_640.jpg 640w, https:\/\/us.edu.pl\/wydzial\/wh\/wp-content\/uploads\/sites\/15\/OBRAZKI-WYROZNIAJACE\/books-gbc83c8fc2_640-300x200.jpg 300w, https:\/\/us.edu.pl\/wydzial\/wh\/wp-content\/uploads\/sites\/15\/OBRAZKI-WYROZNIAJACE\/books-gbc83c8fc2_640-575x383.jpg 575w\" sizes=\"(max-width: 640px) 100vw, 640px\" \/><\/p>\n<\/div>\r\n                    <\/div>\r\n                <\/div>[\/vc_column][\/vc_row]<\/p>","protected":false},"excerpt":{"rendered":"<p>[vc_row][vc_column width=&#8221;2\/3&#8243;][\/vc_column][vc_column width=&#8221;1\/3&#8243;][\/vc_column][\/vc_row] [&#8230;]<\/p>\n<p><a class=\"btn btn-secondary understrap-read-more-link\" href=\"https:\/\/us.edu.pl\/wydzial\/wh\/2023\/03\/20\/zgloszenie-polonistycznych-prac-magisterskich-do-konkursu-im-profesora-czeslawa-zgorzelskiego\/\">Read More&#8230;<\/a><\/p>\n","protected":false},"author":2430,"featured_media":156504,"comment_status":"open","ping_status":"open","sticky":false,"template":"","format":"standard","meta":{"_expiration-date-status":"","_expiration-date":0,"_expiration-date-type":"","_expiration-date-categories":[],"_expiration-date-options":[]},"categories":[6],"tags":[],"acf":[],"_links":{"self":[{"href":"https:\/\/us.edu.pl\/wydzial\/wh\/wp-json\/wp\/v2\/posts\/163353"}],"collection":[{"href":"https:\/\/us.edu.pl\/wydzial\/wh\/wp-json\/wp\/v2\/posts"}],"about":[{"href":"https:\/\/us.edu.pl\/wydzial\/wh\/wp-json\/wp\/v2\/types\/post"}],"author":[{"embeddable":true,"href":"https:\/\/us.edu.pl\/wydzial\/wh\/wp-json\/wp\/v2\/users\/2430"}],"replies":[{"embeddable":true,"href":"https:\/\/us.edu.pl\/wydzial\/wh\/wp-json\/wp\/v2\/comments?post=163353"}],"version-history":[{"count":1,"href":"https:\/\/us.edu.pl\/wydzial\/wh\/wp-json\/wp\/v2\/posts\/163353\/revisions"}],"predecessor-version":[{"id":163354,"href":"https:\/\/us.edu.pl\/wydzial\/wh\/wp-json\/wp\/v2\/posts\/163353\/revisions\/163354"}],"wp:featuredmedia":[{"embeddable":true,"href":"https:\/\/us.edu.pl\/wydzial\/wh\/wp-json\/wp\/v2\/media\/156504"}],"wp:attachment":[{"href":"https:\/\/us.edu.pl\/wydzial\/wh\/wp-json\/wp\/v2\/media?parent=163353"}],"wp:term":[{"taxonomy":"category","embeddable":true,"href":"https:\/\/us.edu.pl\/wydzial\/wh\/wp-json\/wp\/v2\/categories?post=163353"},{"taxonomy":"post_tag","embeddable":true,"href":"https:\/\/us.edu.pl\/wydzial\/wh\/wp-json\/wp\/v2\/tags?post=163353"}],"curies":[{"name":"wp","href":"https:\/\/api.w.org\/{rel}","templated":true}]}}