{"id":163634,"date":"2023-03-29T16:35:31","date_gmt":"2023-03-29T14:35:31","guid":{"rendered":"https:\/\/us.edu.pl\/wydzial\/wh\/?p=163634"},"modified":"2023-03-30T10:27:35","modified_gmt":"2023-03-30T08:27:35","slug":"powolanie-czlonkow-rady-jezyka-polskiego","status":"publish","type":"post","link":"https:\/\/us.edu.pl\/wydzial\/wh\/2023\/03\/29\/powolanie-czlonkow-rady-jezyka-polskiego\/","title":{"rendered":"Powo\u0142anie cz\u0142onk\u00f3w Rady J\u0119zyka Polskiego"},"content":{"rendered":"<p>[vc_row][vc_column width=&#8221;2\/3&#8243;]\r\n                <div class=\"text-modules\">\r\n                    <div class=\"container\">\r\n                        \r\n                        <div class=\"text-modules__content\"><p>Prezydium Polskiej Akademii Nauk uchwa\u0142\u0105 nr 9,\/ 2023 z dnia 21 lutego 2023 roku powo\u0142a\u0142o w sk\u0142ad Rady J\u0119zyka Polskiego (RJP) na kadencj\u0119 2023-2026 <a href=\"https:\/\/us.edu.pl\/instytut\/ij\/osoby\/danuta-krzyzyk\/\">dr hab. Danut\u0119 Krzy\u017cyk, prof. U\u015a<\/a> oraz <a href=\"https:\/\/us.edu.pl\/instytut\/ij\/osoby\/aldona-skudrzyk\/\">prof. dr hab. Aldon\u0119 Skudrzyk<\/a>.<\/p>\n<p>&nbsp;<\/p>\n<p>W sk\u0142ad RJP wchodz\u0105 przedstawiciele \u015bwiata nauki, przede wszystkim j\u0119zykoznawcy, a tak\u017ce reprezentanci takich dyscyplin, jak: literaturoznawstwo, historia sztuki, filozofia, logika, prawo, fizyka, informatyka, medycyna, oraz przedstawiciele \u015bwiata kultury: pisarze, aktorzy, dziennikarze.<\/p>\n<p>Do zada\u0144 rady nale\u017cy m.in. upowszechnianie wiedzy o j\u0119zyku polskim, jego odmianach, normach i kryteriach oceny jego u\u017cycia oraz proponowanie form j\u0119zykowych odpowiednich w r\u00f3\u017cnych sytuacjach.<\/p>\n<p>&nbsp;<\/p>\n<p>Pe\u0142ny sk\u0142ad Rady mo\u017cna znale\u017a\u0107 na stronie: <a href=\"https:\/\/rjp.pan.pl\/o-radzie\/skad\">https:\/\/rjp.pan.pl\/o-radzie\/skad<\/a><\/p>\n<\/div>\r\n                    <\/div>\r\n                <\/div>[\/vc_column][vc_column width=&#8221;1\/3&#8243;]\r\n                <div class=\"text-modules\">\r\n                    <div class=\"container\">\r\n                        \r\n                        <div class=\"text-modules__content\"><p><img class=\"alignnone wp-image-163635 size-full\" src=\"https:\/\/us.edu.pl\/wydzial\/wh\/wp-content\/uploads\/sites\/15\/Bez-kategorii\/Rada-jezyka-polskiego.jpg\" alt=\"Rada J\u0119zyka Polskiego\" width=\"100%\" height=\"auto\" srcset=\"https:\/\/us.edu.pl\/wydzial\/wh\/wp-content\/uploads\/sites\/15\/Bez-kategorii\/Rada-jezyka-polskiego.jpg 900w, https:\/\/us.edu.pl\/wydzial\/wh\/wp-content\/uploads\/sites\/15\/Bez-kategorii\/Rada-jezyka-polskiego-300x89.jpg 300w, https:\/\/us.edu.pl\/wydzial\/wh\/wp-content\/uploads\/sites\/15\/Bez-kategorii\/Rada-jezyka-polskiego-768x228.jpg 768w, https:\/\/us.edu.pl\/wydzial\/wh\/wp-content\/uploads\/sites\/15\/Bez-kategorii\/Rada-jezyka-polskiego-575x171.jpg 575w\" sizes=\"(max-width: 900px) 100vw, 900px\" \/><\/p>\n<\/div>\r\n                    <\/div>\r\n                <\/div>[\/vc_column][\/vc_row]<\/p>","protected":false},"excerpt":{"rendered":"<p>[vc_row][vc_column width=&#8221;2\/3&#8243;][\/vc_column][vc_column width=&#8221;1\/3&#8243;][\/vc_column][\/vc_row] [&#8230;]<\/p>\n<p><a class=\"btn btn-secondary understrap-read-more-link\" href=\"https:\/\/us.edu.pl\/wydzial\/wh\/2023\/03\/29\/powolanie-czlonkow-rady-jezyka-polskiego\/\">Read More&#8230;<\/a><\/p>\n","protected":false},"author":1,"featured_media":163643,"comment_status":"open","ping_status":"open","sticky":false,"template":"","format":"standard","meta":{"_expiration-date-status":"","_expiration-date":0,"_expiration-date-type":"","_expiration-date-categories":[],"_expiration-date-options":[]},"categories":[6],"tags":[],"acf":[],"_links":{"self":[{"href":"https:\/\/us.edu.pl\/wydzial\/wh\/wp-json\/wp\/v2\/posts\/163634"}],"collection":[{"href":"https:\/\/us.edu.pl\/wydzial\/wh\/wp-json\/wp\/v2\/posts"}],"about":[{"href":"https:\/\/us.edu.pl\/wydzial\/wh\/wp-json\/wp\/v2\/types\/post"}],"author":[{"embeddable":true,"href":"https:\/\/us.edu.pl\/wydzial\/wh\/wp-json\/wp\/v2\/users\/1"}],"replies":[{"embeddable":true,"href":"https:\/\/us.edu.pl\/wydzial\/wh\/wp-json\/wp\/v2\/comments?post=163634"}],"version-history":[{"count":3,"href":"https:\/\/us.edu.pl\/wydzial\/wh\/wp-json\/wp\/v2\/posts\/163634\/revisions"}],"predecessor-version":[{"id":163639,"href":"https:\/\/us.edu.pl\/wydzial\/wh\/wp-json\/wp\/v2\/posts\/163634\/revisions\/163639"}],"wp:featuredmedia":[{"embeddable":true,"href":"https:\/\/us.edu.pl\/wydzial\/wh\/wp-json\/wp\/v2\/media\/163643"}],"wp:attachment":[{"href":"https:\/\/us.edu.pl\/wydzial\/wh\/wp-json\/wp\/v2\/media?parent=163634"}],"wp:term":[{"taxonomy":"category","embeddable":true,"href":"https:\/\/us.edu.pl\/wydzial\/wh\/wp-json\/wp\/v2\/categories?post=163634"},{"taxonomy":"post_tag","embeddable":true,"href":"https:\/\/us.edu.pl\/wydzial\/wh\/wp-json\/wp\/v2\/tags?post=163634"}],"curies":[{"name":"wp","href":"https:\/\/api.w.org\/{rel}","templated":true}]}}