{"id":164713,"date":"2023-05-15T11:57:15","date_gmt":"2023-05-15T09:57:15","guid":{"rendered":"https:\/\/us.edu.pl\/wydzial\/wh\/?p=164713"},"modified":"2023-05-15T11:57:15","modified_gmt":"2023-05-15T09:57:15","slug":"dr-agata-stronciwilk-na-uniwersytecie-waszyngtonskim-w-seattle","status":"publish","type":"post","link":"https:\/\/us.edu.pl\/wydzial\/wh\/2023\/05\/15\/dr-agata-stronciwilk-na-uniwersytecie-waszyngtonskim-w-seattle\/","title":{"rendered":"Dr Agata Stronciwilk na Uniwersytecie Waszyngto\u0144skim w Seattle"},"content":{"rendered":"<p>[vc_row][vc_column width=&#8221;2\/3&#8243;]\r\n                <div class=\"text-modules\">\r\n                    <div class=\"container\">\r\n                        \r\n                        <div class=\"text-modules__content\"><p>18 maja 2023 r. <a href=\"https:\/\/us.edu.pl\/instytut\/inos\/osoby\/agata-stronciwilk\/\">dr Agata Stronciwilk<\/a> poprowadzi <a href=\"https:\/\/slavic.washington.edu\/calendar?trumbaEmbed=view%3Devent%26eventid%3D166857919\">wyk\u0142ad otwarty pt.: \u201eTextile as Text: Gender and Social Issues in Polish Textile Art\u201d<\/a> na Uniwersytecie Waszyngto\u0144skim w Seattle.<\/p>\n<p>Na wyk\u0142adzie zaprezentowane zostan\u0105 niepokoj\u0105ce, mroczne i z\u0142o\u017cone quasi-rze\u017abiarskie \u201eabakany\u201d Magdaleny Abakanowicz; Feministyczne odkrycie haftu przez Monik\u0119 Dro\u017cy\u0144sk\u0105 i zaskakuj\u0105cy projekt Ma\u0142gorzaty Mirgi-Tas na Biennale w Wenecji 2022. W ka\u017cdym z tych przyk\u0142ad\u00f3w tkanina staje si\u0119 tekstem, poniewa\u017c pozwala na wpisywanie i przepisywanie r\u00f3\u017cnych to\u017csamo\u015bci, historii i narracji. Tkactwo rozumiane jest nie tylko jako technika artystyczna, ale tak\u017ce jako metafora relacyjnych praktyk artystycznych \u2013 cienkie nici sztuki splataj\u0105 patchworkow\u0105 tkank\u0119 spo\u0142eczn\u0105.<\/p>\n<p>&nbsp;<\/p>\n<p>Wyk\u0142ad poprzedzi oficjalne otwarcie wystawy <a href=\"https:\/\/slavic.washington.edu\/calendar?trumbaEmbed=view%3Devent%26eventid%3D166857965\">\u201ePolish School of Poster. New Generations. The Art of Poster From the University of Silesia\u201d<\/a> organizowanej przez dr Agat\u0119 Stronciwilk wraz z prof. Stefanem Lechwarem i prof. Tomaszem Kipk\u0105.<\/p>\n<p>Na wystawie prezentowane b\u0119d\u0105 plakaty zaprojektowane przez artyst\u00f3w r\u00f3\u017cnych pokole\u0144. Kolekcja obejmuje dzie\u0142a stworzone przez profesor\u00f3w, doktorant\u00f3w i student\u00f3w Instytutu Sztuk Pi\u0119knych Uniwersytetu \u015al\u0105skiego w Katowicach.<\/p>\n<\/div>\r\n                    <\/div>\r\n                <\/div>[\/vc_column][vc_column width=&#8221;1\/3&#8243;]\r\n                <div class=\"text-modules\">\r\n                    <div class=\"container\">\r\n                        \r\n                        <div class=\"text-modules__content\"><p><img class=\"alignnone wp-image-164716 size-full\" src=\"https:\/\/us.edu.pl\/wydzial\/wh\/wp-content\/uploads\/sites\/15\/Bez-kategorii\/00_PSPNG_from_US__poster-4-1.jpg\" alt=\"\" width=\"100%\" height=\"auto\" srcset=\"https:\/\/us.edu.pl\/wydzial\/wh\/wp-content\/uploads\/sites\/15\/Bez-kategorii\/00_PSPNG_from_US__poster-4-1.jpg 1431w, https:\/\/us.edu.pl\/wydzial\/wh\/wp-content\/uploads\/sites\/15\/Bez-kategorii\/00_PSPNG_from_US__poster-4-1-210x300.jpg 210w, https:\/\/us.edu.pl\/wydzial\/wh\/wp-content\/uploads\/sites\/15\/Bez-kategorii\/00_PSPNG_from_US__poster-4-1-717x1024.jpg 717w, https:\/\/us.edu.pl\/wydzial\/wh\/wp-content\/uploads\/sites\/15\/Bez-kategorii\/00_PSPNG_from_US__poster-4-1-768x1097.jpg 768w, https:\/\/us.edu.pl\/wydzial\/wh\/wp-content\/uploads\/sites\/15\/Bez-kategorii\/00_PSPNG_from_US__poster-4-1-1075x1536.jpg 1075w, https:\/\/us.edu.pl\/wydzial\/wh\/wp-content\/uploads\/sites\/15\/Bez-kategorii\/00_PSPNG_from_US__poster-4-1-403x575.jpg 403w\" sizes=\"(max-width: 1431px) 100vw, 1431px\" \/><\/p>\n<\/div>\r\n                    <\/div>\r\n                <\/div>[\/vc_column][\/vc_row]<\/p>","protected":false},"excerpt":{"rendered":"<p>[vc_row][vc_column width=&#8221;2\/3&#8243;][\/vc_column][vc_column width=&#8221;1\/3&#8243;][\/vc_column][\/vc_row] [&#8230;]<\/p>\n<p><a class=\"btn btn-secondary understrap-read-more-link\" href=\"https:\/\/us.edu.pl\/wydzial\/wh\/2023\/05\/15\/dr-agata-stronciwilk-na-uniwersytecie-waszyngtonskim-w-seattle\/\">Read More&#8230;<\/a><\/p>\n","protected":false},"author":1,"featured_media":162744,"comment_status":"open","ping_status":"open","sticky":false,"template":"","format":"standard","meta":{"_expiration-date-status":"","_expiration-date":0,"_expiration-date-type":"","_expiration-date-categories":[],"_expiration-date-options":[]},"categories":[6,8],"tags":[],"acf":[],"_links":{"self":[{"href":"https:\/\/us.edu.pl\/wydzial\/wh\/wp-json\/wp\/v2\/posts\/164713"}],"collection":[{"href":"https:\/\/us.edu.pl\/wydzial\/wh\/wp-json\/wp\/v2\/posts"}],"about":[{"href":"https:\/\/us.edu.pl\/wydzial\/wh\/wp-json\/wp\/v2\/types\/post"}],"author":[{"embeddable":true,"href":"https:\/\/us.edu.pl\/wydzial\/wh\/wp-json\/wp\/v2\/users\/1"}],"replies":[{"embeddable":true,"href":"https:\/\/us.edu.pl\/wydzial\/wh\/wp-json\/wp\/v2\/comments?post=164713"}],"version-history":[{"count":1,"href":"https:\/\/us.edu.pl\/wydzial\/wh\/wp-json\/wp\/v2\/posts\/164713\/revisions"}],"predecessor-version":[{"id":164717,"href":"https:\/\/us.edu.pl\/wydzial\/wh\/wp-json\/wp\/v2\/posts\/164713\/revisions\/164717"}],"wp:featuredmedia":[{"embeddable":true,"href":"https:\/\/us.edu.pl\/wydzial\/wh\/wp-json\/wp\/v2\/media\/162744"}],"wp:attachment":[{"href":"https:\/\/us.edu.pl\/wydzial\/wh\/wp-json\/wp\/v2\/media?parent=164713"}],"wp:term":[{"taxonomy":"category","embeddable":true,"href":"https:\/\/us.edu.pl\/wydzial\/wh\/wp-json\/wp\/v2\/categories?post=164713"},{"taxonomy":"post_tag","embeddable":true,"href":"https:\/\/us.edu.pl\/wydzial\/wh\/wp-json\/wp\/v2\/tags?post=164713"}],"curies":[{"name":"wp","href":"https:\/\/api.w.org\/{rel}","templated":true}]}}