{"id":16944,"date":"2021-12-01T15:56:17","date_gmt":"2021-12-01T14:56:17","guid":{"rendered":"https:\/\/us.edu.pl\/wydzial\/wh\/?p=16944"},"modified":"2021-12-03T11:32:27","modified_gmt":"2021-12-03T10:32:27","slug":"granty-ncn-dla-pracownikow-wydzialu-humanistycznego-us","status":"publish","type":"post","link":"https:\/\/us.edu.pl\/wydzial\/wh\/2021\/12\/01\/granty-ncn-dla-pracownikow-wydzialu-humanistycznego-us\/","title":{"rendered":"Granty NCN dla pracownik\u00f3w Wydzia\u0142u Humanistycznego U\u015a"},"content":{"rendered":"<p>[vc_row][vc_column width=&#8221;2\/3&#8243;]\r\n                <div class=\"text-modules\">\r\n                    <div class=\"container\">\r\n                        \r\n                        <div class=\"text-modules__content\"><p>Mi\u0142o nam poinformowa\u0107, \u017ce na listach rankingowych dzia\u0142a\u0144 zakwalifikowanych do finansowania w ramach konkursu Narodowego Centrum Nauki <strong>MINIATURA 5<\/strong> na pojedyncze dzia\u0142ania naukowe znalaz\u0142y si\u0119 projekty pracownik\u00f3w Wydzia\u0142u Humanistycznego.<\/p>\n<p>Konkurs adresowany jest do naukowc\u00f3w, kt\u00f3rzy nie kierowali wcze\u015bniej projektami finansowanymi przez NCN. Grant mo\u017cna by\u0142o otrzyma\u0107 na badania wst\u0119pne, pilota\u017cowe, kwerendy, sta\u017ce naukowe, wyjazdy badawcze i konsultacyjne.<\/p>\n<p>Dofinansowanie otrzymali:<\/p>\n<p><a href=\"https:\/\/us.edu.pl\/instytut\/ifil\/osoby\/witold-marzeda\/\"><strong>dr Witold Marz\u0119da<\/strong><\/a><br \/>\ntytu\u0142 projektu: <em>Zdanie i jego scena. Deiktyczne fundamenty semantyki kognitywnej<\/em><br \/>\nprzyznana kwota: 6\u00a0193 z\u0142<\/p>\n<p><a href=\"https:\/\/us.edu.pl\/instytut\/il\/osoby\/agnieszka-lenart\/\"><strong>dr Agnieszka Lenart<\/strong><\/a><br \/>\ntytu\u0142 projektu: <em>Literatura rosyjskoj\u0119zyczna w Izraelu<\/em><br \/>\nprzyznana kwota: 36\u00a0895 z\u0142<\/p>\n<p><a href=\"https:\/\/us.edu.pl\/instytut\/il\/osoby\/magdalena-malinowska\/\"><strong>dr Magdalena Malinowska<\/strong><\/a><br \/>\ntytu\u0142 projektu: <em>Afryka\u0144skie projekcje przysz\u0142o\u015bci. Afrofuturyzm w literackich i filmowych narracjach kobiecych <\/em><br \/>\nprzyznana kwota: 49\u00a0500 z\u0142<\/p>\n<p>&nbsp;<\/p>\n<p>Wi\u0119cej informacji o konkursie wraz z listami rankingowymi znajduj\u0105 si\u0119 na <a href=\"http:\/\/ncn.gov.pl\/aktualnosci\/2021-11-30-wyniki-miniatura5-lr5\">stronie Narodowego Centrum Nauki<\/a>.<\/p>\n<\/div>\r\n                    <\/div>\r\n                <\/div>[\/vc_column][vc_column width=&#8221;1\/3&#8243;]\r\n                <div class=\"text-modules\">\r\n                    <div class=\"container\">\r\n                        \r\n                        <div class=\"text-modules__content\"><p><img class=\"alignnone wp-image-3533 size-full\" src=\"https:\/\/us.edu.pl\/wydzial\/wh\/wp-content\/uploads\/sites\/15\/2020\/06\/writing-1149962_640.pixabay.jpg\" alt=\"kolorowe zdj\u0119cie: m\u0119\u017cczyzna w niebieskiej koszuli podpisuj\u0105cy dokumenty\" width=\"640\" height=\"426\" srcset=\"https:\/\/us.edu.pl\/wydzial\/wh\/wp-content\/uploads\/sites\/15\/2020\/06\/writing-1149962_640.pixabay.jpg 640w, https:\/\/us.edu.pl\/wydzial\/wh\/wp-content\/uploads\/sites\/15\/2020\/06\/writing-1149962_640.pixabay-300x200.jpg 300w, https:\/\/us.edu.pl\/wydzial\/wh\/wp-content\/uploads\/sites\/15\/2020\/06\/writing-1149962_640.pixabay-575x383.jpg 575w\" sizes=\"(max-width: 640px) 100vw, 640px\" \/><\/p>\n<\/div>\r\n                    <\/div>\r\n                <\/div>[\/vc_column][\/vc_row]<\/p>","protected":false},"excerpt":{"rendered":"<p>[vc_row][vc_column width=&#8221;2\/3&#8243;][\/vc_column][vc_column width=&#8221;1\/3&#8243;][\/vc_column][\/vc_row] [&#8230;]<\/p>\n<p><a class=\"btn btn-secondary understrap-read-more-link\" href=\"https:\/\/us.edu.pl\/wydzial\/wh\/2021\/12\/01\/granty-ncn-dla-pracownikow-wydzialu-humanistycznego-us\/\">Read More&#8230;<\/a><\/p>\n","protected":false},"author":1,"featured_media":3533,"comment_status":"open","ping_status":"open","sticky":false,"template":"","format":"standard","meta":{"_expiration-date-status":"saved","_expiration-date":0,"_expiration-date-type":"","_expiration-date-categories":[],"_expiration-date-options":[]},"categories":[40,109,6],"tags":[247],"acf":[],"_links":{"self":[{"href":"https:\/\/us.edu.pl\/wydzial\/wh\/wp-json\/wp\/v2\/posts\/16944"}],"collection":[{"href":"https:\/\/us.edu.pl\/wydzial\/wh\/wp-json\/wp\/v2\/posts"}],"about":[{"href":"https:\/\/us.edu.pl\/wydzial\/wh\/wp-json\/wp\/v2\/types\/post"}],"author":[{"embeddable":true,"href":"https:\/\/us.edu.pl\/wydzial\/wh\/wp-json\/wp\/v2\/users\/1"}],"replies":[{"embeddable":true,"href":"https:\/\/us.edu.pl\/wydzial\/wh\/wp-json\/wp\/v2\/comments?post=16944"}],"version-history":[{"count":2,"href":"https:\/\/us.edu.pl\/wydzial\/wh\/wp-json\/wp\/v2\/posts\/16944\/revisions"}],"predecessor-version":[{"id":16999,"href":"https:\/\/us.edu.pl\/wydzial\/wh\/wp-json\/wp\/v2\/posts\/16944\/revisions\/16999"}],"wp:featuredmedia":[{"embeddable":true,"href":"https:\/\/us.edu.pl\/wydzial\/wh\/wp-json\/wp\/v2\/media\/3533"}],"wp:attachment":[{"href":"https:\/\/us.edu.pl\/wydzial\/wh\/wp-json\/wp\/v2\/media?parent=16944"}],"wp:term":[{"taxonomy":"category","embeddable":true,"href":"https:\/\/us.edu.pl\/wydzial\/wh\/wp-json\/wp\/v2\/categories?post=16944"},{"taxonomy":"post_tag","embeddable":true,"href":"https:\/\/us.edu.pl\/wydzial\/wh\/wp-json\/wp\/v2\/tags?post=16944"}],"curies":[{"name":"wp","href":"https:\/\/api.w.org\/{rel}","templated":true}]}}