{"id":171807,"date":"2024-03-12T13:19:18","date_gmt":"2024-03-12T12:19:18","guid":{"rendered":"https:\/\/us.edu.pl\/wydzial\/wh\/?p=171807"},"modified":"2024-03-12T13:21:45","modified_gmt":"2024-03-12T12:21:45","slug":"tytul-profesora-dla-joanny-dembinskiej-pawelec","status":"publish","type":"post","link":"https:\/\/us.edu.pl\/wydzial\/wh\/2024\/03\/12\/tytul-profesora-dla-joanny-dembinskiej-pawelec\/","title":{"rendered":"Tytu\u0142 profesora dla Joanny Dembi\u0144skiej-Pawelec"},"content":{"rendered":"<p>[vc_row][vc_column width=&#8221;2\/3&#8243;]\r\n                <div class=\"text-modules\">\r\n                    <div class=\"container\">\r\n                        \r\n                        <div class=\"text-modules__content\"><p>Postanowieniem z dnia 29 lutego 2024 r. Prezydent Rzeczypospolitej Polskiej nada\u0142 tytu\u0142 profesora nauk humanistycznych dr hab. Joannie Dembi\u0144skiej-Pawelec z <a href=\"https:\/\/us.edu.pl\/instytut\/ipo\/\">Instytutu Polonistyki U\u015a<\/a>.<\/p>\n<p>\u015awie\u017co nominowanej pani profesor gratulacje sk\u0142adaj\u0105 w\u0142adze Wydzia\u0142u i Instytutu.<\/p>\n<p><a href=\"https:\/\/us.edu.pl\/instytut\/ipo\/pracownicy\/joanna-dembinska-pawelec\/\">Profesor Joanna Dembi\u0144ska-Pawelec<\/a> uko\u0144czy\u0142a filologi\u0119 polsk\u0105 na Uniwersytecie \u015al\u0105skim. W roku 1998 obroni\u0142a doktorat o poezji Stanis\u0142awa Bara\u0144czaka, kt\u00f3rego promotorem by\u0142 prof. Ireneusz Opacki. Prowadzi badania z zakresu poezji wsp\u00f3\u0142czesnej, genologii oraz interferencji literatury i sztuki, interesuje si\u0119 zagadnieniami rytmu poetyckiego. Opublikowa\u0142a m.in. ksi\u0105\u017cki: \u00a0<em>\u015awiaty mo\u017cliwe w poezji Stanis\u0142awa Bara\u0144czaka<\/em> (1999), \u00a0<em>Villanella. Od Anonima do Bara\u0144czaka<\/em> (2006), \u00a0<em>\u201ePoezja jest sztuk\u0105 rytmu.\u201d O \u015bwiadomo\u015bci rytmu w poezji polskiej dwudziestego wieku (Mi\u0142osz \u2013 Rymkiewicz \u2013 Bara\u0144czak)<\/em> (2010), \u00a0<em>Arabeska. Szkice o poezji<\/em> (2013), \u00a0<em>Sens<\/em><em> \u017cycia, <\/em><em>sens wiersza<\/em><em>. Szkice o tw\u00f3rczo\u015bci Stanis\u0142awa Bara\u0144czaka<\/em> (2021). Wraz z profesorem Constantinem Geamba\u015fu z Uniwersytetu w Bukareszcie przygotowa\u0142a publikacje wybor\u00f3w wierszy S. Bara\u0144czaka i A. Zagajewskiego t\u0142umaczonych na j\u0119zyk rumu\u0144ski.<\/p>\n<\/div>\r\n                    <\/div>\r\n                <\/div>[\/vc_column][vc_column width=&#8221;1\/3&#8243;]\r\n                <div class=\"text-modules\">\r\n                    <div class=\"container\">\r\n                        \r\n                        <div class=\"text-modules__content\"><p><img class=\"alignnone wp-image-19522 size-full\" src=\"https:\/\/us.edu.pl\/wydzial\/wh\/wp-content\/uploads\/sites\/15\/OBRAZKI-WYR\u00d3\u017bNIAJ\u0104CE\/book-g3ff99c803_640.jpg\" alt=\"okulary le\u017c\u0105ce na otwartej ksi\u0105\u017cce\" width=\"100%\" height=\"auto\" srcset=\"https:\/\/us.edu.pl\/wydzial\/wh\/wp-content\/uploads\/sites\/15\/OBRAZKI-WYR\u00d3\u017bNIAJ\u0104CE\/book-g3ff99c803_640.jpg 640w, https:\/\/us.edu.pl\/wydzial\/wh\/wp-content\/uploads\/sites\/15\/OBRAZKI-WYR\u00d3\u017bNIAJ\u0104CE\/book-g3ff99c803_640-300x200.jpg 300w, https:\/\/us.edu.pl\/wydzial\/wh\/wp-content\/uploads\/sites\/15\/OBRAZKI-WYR\u00d3\u017bNIAJ\u0104CE\/book-g3ff99c803_640-575x384.jpg 575w\" sizes=\"(max-width: 640px) 100vw, 640px\" \/><\/p>\n<\/div>\r\n                    <\/div>\r\n                <\/div>[\/vc_column][\/vc_row]<\/p>","protected":false},"excerpt":{"rendered":"<p>[vc_row][vc_column width=&#8221;2\/3&#8243;][\/vc_column][vc_column width=&#8221;1\/3&#8243;][\/vc_column][\/vc_row] [&#8230;]<\/p>\n<p><a class=\"btn btn-secondary understrap-read-more-link\" href=\"https:\/\/us.edu.pl\/wydzial\/wh\/2024\/03\/12\/tytul-profesora-dla-joanny-dembinskiej-pawelec\/\">Read More&#8230;<\/a><\/p>\n","protected":false},"author":1,"featured_media":19522,"comment_status":"open","ping_status":"open","sticky":false,"template":"","format":"standard","meta":{"_expiration-date-status":"","_expiration-date":0,"_expiration-date-type":"","_expiration-date-categories":[],"_expiration-date-options":[]},"categories":[6],"tags":[],"acf":[],"_links":{"self":[{"href":"https:\/\/us.edu.pl\/wydzial\/wh\/wp-json\/wp\/v2\/posts\/171807"}],"collection":[{"href":"https:\/\/us.edu.pl\/wydzial\/wh\/wp-json\/wp\/v2\/posts"}],"about":[{"href":"https:\/\/us.edu.pl\/wydzial\/wh\/wp-json\/wp\/v2\/types\/post"}],"author":[{"embeddable":true,"href":"https:\/\/us.edu.pl\/wydzial\/wh\/wp-json\/wp\/v2\/users\/1"}],"replies":[{"embeddable":true,"href":"https:\/\/us.edu.pl\/wydzial\/wh\/wp-json\/wp\/v2\/comments?post=171807"}],"version-history":[{"count":1,"href":"https:\/\/us.edu.pl\/wydzial\/wh\/wp-json\/wp\/v2\/posts\/171807\/revisions"}],"predecessor-version":[{"id":171808,"href":"https:\/\/us.edu.pl\/wydzial\/wh\/wp-json\/wp\/v2\/posts\/171807\/revisions\/171808"}],"wp:featuredmedia":[{"embeddable":true,"href":"https:\/\/us.edu.pl\/wydzial\/wh\/wp-json\/wp\/v2\/media\/19522"}],"wp:attachment":[{"href":"https:\/\/us.edu.pl\/wydzial\/wh\/wp-json\/wp\/v2\/media?parent=171807"}],"wp:term":[{"taxonomy":"category","embeddable":true,"href":"https:\/\/us.edu.pl\/wydzial\/wh\/wp-json\/wp\/v2\/categories?post=171807"},{"taxonomy":"post_tag","embeddable":true,"href":"https:\/\/us.edu.pl\/wydzial\/wh\/wp-json\/wp\/v2\/tags?post=171807"}],"curies":[{"name":"wp","href":"https:\/\/api.w.org\/{rel}","templated":true}]}}