{"id":172281,"date":"2024-04-15T11:45:42","date_gmt":"2024-04-15T09:45:42","guid":{"rendered":"https:\/\/us.edu.pl\/wydzial\/wh\/?p=172281"},"modified":"2024-04-15T11:45:42","modified_gmt":"2024-04-15T09:45:42","slug":"konferencja-el-espanol-como-lengua-extranjera-en-europa-central-2004-2020-enfoque-demolinguistico-2","status":"publish","type":"post","link":"https:\/\/us.edu.pl\/wydzial\/wh\/2024\/04\/15\/konferencja-el-espanol-como-lengua-extranjera-en-europa-central-2004-2020-enfoque-demolinguistico-2\/","title":{"rendered":"Konferencja \u201eEl espa\u00f1ol como lengua extranjera en Europa Central (2004-2020). Enfoque demoling\u00fc\u00edstico\u201d"},"content":{"rendered":"<p>[vc_row][vc_column width=&#8221;2\/3&#8243;][vc_row_inner][vc_column_inner css=&#8221;.vc_custom_1713174124499{background-color: #d67831 !important;border-radius: 10px !important;}&#8221;]\r\n                <div class=\"text-modules\">\r\n                    <div class=\"container\">\r\n                        \r\n                        <div class=\"text-modules__content\"><p>W dniach <strong>25-26 kwietnia w Uniwersytecie Kome\u0144skiego w Bratys\u0142awie<\/strong> (S\u0142owacja) zorganizowana zostanie konferencja pod tytu\u0142em \u201eEl espa\u00f1ol como lengua extranjera en Europa Central (2004-2020). Enfoque demoling\u00fc\u00edstico\u201d. Wydarzenie, kt\u00f3rego wsp\u00f3\u0142ogranizatorem jest <strong>dr Cecylia Tatoj<\/strong> z Instytutu J\u0119zykoznawstwa Wydzia\u0142u Humanistycznego, jest realizowane w ramach grantu wyszehradzkiego przyznanego na projekt \u201eSpanish as a Foreign Language in Central Europe: A Demolinguistic Approach (2004-2020)\u201d (<a href=\"https:\/\/spanish.filg.uj.edu.pl\/about-the-project?fbclid=IwAR0PJ5E_asvHfpjg7YsTgOxJG6rFhBzHnSMX0CSReikDgJe9-SJr2oIN0X0_aem_AWuKmbCkjtRbDmnu8X_tzEqrgeYsBAQjGthmp9OTIvEn0h5IGTl8JgrOl5rkNNnYuLi3u4MY3vsd-P5Dt6O53qaq\">https:\/\/spanish.filg.uj.edu.pl\/about-the-project<\/a>)<\/p>\n<\/div>\r\n                    <\/div>\r\n                <\/div>[\/vc_column_inner][\/vc_row_inner][vc_row_inner][vc_column_inner][vc_empty_space][\/vc_column_inner][\/vc_row_inner][vc_row_inner][vc_column_inner css=&#8221;.vc_custom_1713173955524{border-right-width: 2px !important;border-left-width: 2px !important;border-left-color: #c63d2d !important;border-left-style: solid !important;border-right-color: #c63d2d !important;border-right-style: solid !important;border-radius: 10px !important;}&#8221;]\r\n                <div class=\"text-modules\">\r\n                    <div class=\"container\">\r\n                        \r\n                        <div class=\"text-modules__content\"><p>Celem projektu, kt\u00f3rego pierwsza cz\u0119\u015b\u0107 wynik\u00f3w zosta\u0142a zaprezentowana podczas konferencji organizowanej w pa\u017adzierniku w Uniwersytecie Po\u0142udniowoczeskim w Czeskich Budziejowicach, a druga cz\u0119\u015b\u0107 zostanie przedstawiona na ww. konferencji w Uniwersytecie Kome\u0144skiego w Bratys\u0142awie, jest analiza sytuacji j\u0119zyka hiszpa\u0144skiego na r\u00f3\u017cnych poziomach edukacji w Polsce, Czechach, na S\u0142owacji i na W\u0119grzech.<\/p>\n<p>Projekt \u201eSpanish as a Foreign Language in Central Europe: A Demolinguistic Approach (2004-2020)\u201d, jest prowadzony w ramach sieci badawczej \u201eEl Espa\u00f1ol en Europa\u201d (<a href=\"https:\/\/l.facebook.com\/l.php?u=https%3A%2F%2Feuropa-hcias.de%2Fes%2F%3Ffbclid%3DIwAR0tLkI321-Qii1giDxaNdiLSTqcaIKRNCh4TcWr77OQq03tnnfS4cy9M8k_aem_AWueC-lmldCwFPRvtQ9T_e6KoE1KLf_zAmSuRFDjoPDs08jKEf6kuo36bj5NWxkTDtKcgwaXnmpeivJ-U4L5Bpmr&amp;h=AT1j5rNeSjWmpU6yJjgdfV4zMvPeocIwyM4LcT0eIlLlLG3FxjhKxrrbUD9ESqSr5hDf6k6hU2aHenStYwkuvb48epGOmgXlo5GpHkImz5Q9D8KpYc6cMEyr2sH8mOAmvA&amp;__tn__=-UK-R&amp;c%5b0%5d=AT301C3Z3dGNlWYbwUu9pLxkhs8ab2bBWlaU7rHF0wzjQTreC_3joT-qkUo0iT9vm1gspu2NOIfmefLH_9iYRTZ63cBVIQltuZ2xvsvr2Ji0VPPvkMulyLGPz7Vtn_MPdqz08GfW6fdwifEugHSPehljiiVKVVzIHhfuaHW7LYxQDr0MOcdpjyNKjPEy8Z1UxKsJp0ntb9vb4Cs\">https:\/\/europa-hcias.de\/es\/<\/a>), kt\u00f3rej celem jest ilo\u015bciowy i jako\u015bciowy opis geografii j\u0119zykowej i kulturowej j\u0119zyka hiszpa\u0144skiego i jego u\u017cytkownik\u00f3w we wszystkich krajach europejskich.<\/p>\n<\/div>\r\n                    <\/div>\r\n                <\/div>[\/vc_column_inner][\/vc_row_inner][\/vc_column][vc_column width=&#8221;1\/3&#8243;]\r\n                <div class=\"text-modules\">\r\n                    <div class=\"container\">\r\n                        \r\n                        <div class=\"text-modules__content\"><p><img class=\"alignnone wp-image-172092 size-full\" src=\"https:\/\/us.edu.pl\/wydzial\/wh\/wp-content\/uploads\/sites\/15\/OBRAZKI-WYROZNIAJACE\/wyklad.jpg\" alt=\"osoba prowadz\u0105ca wyk\u0142ad w sali audytoryjnej\" width=\"800\" height=\"600\" srcset=\"https:\/\/us.edu.pl\/wydzial\/wh\/wp-content\/uploads\/sites\/15\/OBRAZKI-WYROZNIAJACE\/wyklad.jpg 800w, https:\/\/us.edu.pl\/wydzial\/wh\/wp-content\/uploads\/sites\/15\/OBRAZKI-WYROZNIAJACE\/wyklad-300x225.jpg 300w, https:\/\/us.edu.pl\/wydzial\/wh\/wp-content\/uploads\/sites\/15\/OBRAZKI-WYROZNIAJACE\/wyklad-768x576.jpg 768w, https:\/\/us.edu.pl\/wydzial\/wh\/wp-content\/uploads\/sites\/15\/OBRAZKI-WYROZNIAJACE\/wyklad-575x431.jpg 575w\" sizes=\"(max-width: 800px) 100vw, 800px\" \/><\/p>\n<\/div>\r\n                    <\/div>\r\n                <\/div>[\/vc_column][\/vc_row][vc_row][vc_column width=&#8221;2\/3&#8243; css=&#8221;.vc_custom_1713174171238{border-right-width: 2px !important;border-left-width: 2px !important;}&#8221;][vc_empty_space][\/vc_column][vc_column width=&#8221;1\/3&#8243;][\/vc_column][\/vc_row][vc_row][vc_column width=&#8221;2\/3&#8243;]\r\n                <div class=\"text-modules\">\r\n                    <div class=\"container\">\r\n                        \r\n                        <div class=\"text-modules__content\"><p>Program konferencji <a href=\"https:\/\/us.edu.pl\/wydzial\/wh\/wp-content\/uploads\/sites\/15\/Bez-kategorii\/Bratislava_04_2024_poster-y-programa_1-copia.pdf\" class=\"mtli_attachment mtli_pdf\" data-mtli=\"mtli_filesize953,66kB\" class=\"mtli_attachment mtli_pdf\" data-mtli=\"mtli_filesize953,66kB\">w za\u0142\u0105czniku<\/a> oraz na stronie:<\/p>\n<p><a href=\"https:\/\/spanish.filg.uj.edu.pl\/bratislava-2024?fbclid=IwAR1i4I8t55lYysfrUoJUCaj6Ib0Lmh7l_TEXsd-ZxL1gSGs1OCGrvR8zvAY_aem_AWvGKnA7VwV4jZFOJHNeszMVFBk_fQ19pqfaiKMvUYy0BswMq6p74Gres0Q1wLuu2e-VUdOc3Wj1bM4Aw5yhTlnK\">https:\/\/spanish.filg.uj.edu.pl\/bratislava-2024<\/a><\/p>\n<p>Mo\u017cliwo\u015b\u0107 uczestniczenia on-line.<\/p>\n<style type=\"text\/css\">a[data-mtli~=\"mtli_filesize953,66kB\"]:after {content:\" (953,66 kB)\"}<\/style><\/div>\r\n                    <\/div>\r\n                <\/div>[\/vc_column][vc_column width=&#8221;1\/3&#8243;][\/vc_column][\/vc_row]<\/p>\n<style type=\"text\/css\">a[data-mtli~=\"mtli_filesize953,66kB\"]:after {content:\" (953,66 kB)\"}<\/style>","protected":false},"excerpt":{"rendered":"<p>[vc_row][vc_column width=&#8221;2\/3&#8243;][vc_row_inner][vc_column_inner css=&#8221;.vc_custom_1713174124499{background-color: #d67831 !important;border-radius: 10px !important;}&#8221;][\/vc_column_inner][\/vc_row_inner][vc_row_inner][vc_column_inner][vc_empty_space][\/vc_column_inner][\/vc_row_inner][vc_row_inner][vc_column_inner css=&#8221;.vc_custom_1713173955524{border-right-width: 2px !important;border-left-width: 2px !important;border-left-color: #c63d2d !important;border-left-style: solid !important;border-right-color: #c63d2d !important;border-right-style: solid !important;border-radius: 10px !important;}&#8221;][\/vc_column_inner][\/vc_row_inner][\/vc_column][vc_column width=&#8221;1\/3&#8243;][\/vc_column][\/vc_row][vc_row][vc_column width=&#8221;2\/3&#8243; css=&#8221;.vc_custom_1713174171238{border-right-width: 2px !important;border-left-width: 2px !important;}&#8221;][vc_empty_space][\/vc_column][vc_column width=&#8221;1\/3&#8243;][\/vc_column][\/vc_row][vc_row][vc_column width=&#8221;2\/3&#8243;][\/vc_column][vc_column width=&#8221;1\/3&#8243;][\/vc_column][\/vc_row] [&#8230;]<\/p>\n<p><a class=\"btn btn-secondary understrap-read-more-link\" href=\"https:\/\/us.edu.pl\/wydzial\/wh\/2024\/04\/15\/konferencja-el-espanol-como-lengua-extranjera-en-europa-central-2004-2020-enfoque-demolinguistico-2\/\">Read More&#8230;<\/a><\/p>\n","protected":false},"author":1,"featured_media":172092,"comment_status":"open","ping_status":"open","sticky":false,"template":"","format":"standard","meta":{"_expiration-date-status":"","_expiration-date":0,"_expiration-date-type":"","_expiration-date-categories":[],"_expiration-date-options":[]},"categories":[7,6],"tags":[],"acf":[],"_links":{"self":[{"href":"https:\/\/us.edu.pl\/wydzial\/wh\/wp-json\/wp\/v2\/posts\/172281"}],"collection":[{"href":"https:\/\/us.edu.pl\/wydzial\/wh\/wp-json\/wp\/v2\/posts"}],"about":[{"href":"https:\/\/us.edu.pl\/wydzial\/wh\/wp-json\/wp\/v2\/types\/post"}],"author":[{"embeddable":true,"href":"https:\/\/us.edu.pl\/wydzial\/wh\/wp-json\/wp\/v2\/users\/1"}],"replies":[{"embeddable":true,"href":"https:\/\/us.edu.pl\/wydzial\/wh\/wp-json\/wp\/v2\/comments?post=172281"}],"version-history":[{"count":10,"href":"https:\/\/us.edu.pl\/wydzial\/wh\/wp-json\/wp\/v2\/posts\/172281\/revisions"}],"predecessor-version":[{"id":172293,"href":"https:\/\/us.edu.pl\/wydzial\/wh\/wp-json\/wp\/v2\/posts\/172281\/revisions\/172293"}],"wp:featuredmedia":[{"embeddable":true,"href":"https:\/\/us.edu.pl\/wydzial\/wh\/wp-json\/wp\/v2\/media\/172092"}],"wp:attachment":[{"href":"https:\/\/us.edu.pl\/wydzial\/wh\/wp-json\/wp\/v2\/media?parent=172281"}],"wp:term":[{"taxonomy":"category","embeddable":true,"href":"https:\/\/us.edu.pl\/wydzial\/wh\/wp-json\/wp\/v2\/categories?post=172281"},{"taxonomy":"post_tag","embeddable":true,"href":"https:\/\/us.edu.pl\/wydzial\/wh\/wp-json\/wp\/v2\/tags?post=172281"}],"curies":[{"name":"wp","href":"https:\/\/api.w.org\/{rel}","templated":true}]}}