{"id":172811,"date":"2024-05-24T15:02:09","date_gmt":"2024-05-24T13:02:09","guid":{"rendered":"https:\/\/us.edu.pl\/wydzial\/wh\/?p=172811"},"modified":"2024-07-23T14:13:46","modified_gmt":"2024-07-23T12:13:46","slug":"zaproszenie-na-konferencje-after-words-after-worlds-the-legacy-of-jacques-derrida-call-for-papers","status":"publish","type":"post","link":"https:\/\/us.edu.pl\/wydzial\/wh\/2024\/05\/24\/zaproszenie-na-konferencje-after-words-after-worlds-the-legacy-of-jacques-derrida-call-for-papers\/","title":{"rendered":"Zaproszenie na konferencj\u0119 After-words\/After-worlds. The Legacy of Jacques Derrida (Call for papers)"},"content":{"rendered":"<p>[vc_row][vc_column width=&#8221;2\/3&#8243; css=&#8221;.vc_custom_1716551341949{border-top-width: 2px !important;border-right-width: 2px !important;border-bottom-width: 2px !important;border-left-width: 2px !important;border-left-color: #1e73be !important;border-left-style: solid !important;border-right-color: #1e73be !important;border-right-style: solid !important;border-top-color: #1e73be !important;border-top-style: solid !important;border-bottom-color: #1e73be !important;border-bottom-style: solid !important;border-radius: 10px !important;}&#8221;]\r\n                <div class=\"text-modules\">\r\n                    <div class=\"container\">\r\n                        \r\n                        <div class=\"text-modules__content\"><p>W dniach <strong>5-7 listopada 2024 r. na Wydziale Humanistycznym Uniwersytetu \u015al\u0105skiego w Katowicach<\/strong> odb\u0119dzie si\u0119 mi\u0119dzynarodowa konferencja naukowa <em>After-words\/After-worlds. The Legacy of Jacques Derrida<\/em> po\u015bwi\u0119cona dorobkowi intelektualnemu Jacques\u2019a Derridy w dwudziest\u0105 rocznic\u0119 jego \u015bmierci i dwudziest\u0105 si\u00f3dm\u0105 rocznic\u0119 nadania mu doktoratu <em>honoris causa<\/em> przez nasz\u0105 uczelni\u0119.<\/p>\n<p>G\u0142\u00f3wn\u0105 o\u015b proponowanej dyskusji stanowi\u0105 wsp\u00f3\u0142czesne odczytania dekonstrukcji, szczeg\u00f3lnie wyczulone na jej polityczny i spo\u0142eczny wymiar. Tytu\u0142owe \u201epo-s\u0142owa\u201d (\u201epo-s\u0142owia\u201d) i \u201epo-\u015bwiaty\u201d kieruj\u0105 nas ku refleksji nad mo\u017cliw\u0105 przysz\u0142o\u015bci\u0105 jako alternatyw\u0105 dla \u015bwiata n\u0119kanego konfliktami, katastrofami klimatycznymi i \u015brodowiskowymi, kryzysami uchod\u017aczymi czy rozdzieraniem tkanki spo\u0142ecznej przez rozw\u00f3j i ci\u0105g\u0142y wzrost globalnego kapitalizmu.<\/p>\n<\/div>\r\n                    <\/div>\r\n                <\/div>[\/vc_column][vc_column width=&#8221;1\/3&#8243; css=&#8221;.vc_custom_1716555138813{border-top-width: 2px !important;border-right-width: 2px !important;border-bottom-width: 2px !important;border-left-width: 2px !important;background-color: #ce9e2f !important;border-radius: 10px !important;}&#8221;]\r\n                <div class=\"text-modules\">\r\n                    <div class=\"container\">\r\n                        \r\n                        <div class=\"text-modules__content\"><p>Zapraszamy do zapoznania si\u0119 z <a href=\"https:\/\/us.edu.pl\/wydzial\/wh\/wp-content\/uploads\/sites\/15\/Bez-kategorii\/derridalegacy_cfp.pdf\" class=\"mtli_attachment mtli_pdf\" data-mtli=\"mtli_filesize105,10kB\" class=\"mtli_attachment mtli_pdf\" data-mtli=\"mtli_filesize105,10kB\">opisem i warunkami udzia\u0142u w konferencji<\/a> oraz do wysy\u0142ania zg\u0142osze\u0144.<\/p>\n<style type=\"text\/css\">a[data-mtli~=\"mtli_filesize105,10kB\"]:after {content:\" (105,10 kB)\"}<\/style><\/div>\r\n                    <\/div>\r\n                <\/div>[\/vc_column][\/vc_row][vc_row][vc_column][vc_empty_space][\/vc_column][\/vc_row][vc_row][vc_column css=&#8221;.vc_custom_1716555567701{border-top-width: 2px !important;border-right-width: 2px !important;border-bottom-width: 2px !important;border-left-width: 2px !important;border-left-color: #1e73be !important;border-left-style: solid !important;border-right-color: #1e73be !important;border-right-style: solid !important;border-top-color: #1e73be !important;border-top-style: solid !important;border-bottom-color: #1e73be !important;border-bottom-style: solid !important;border-radius: 10px !important;}&#8221;]\r\n                <div class=\"text-modules\">\r\n                    <div class=\"container\">\r\n                        \r\n                        <div class=\"text-modules__content\"><p>Konferencja zgromadzi wybitne badaczki i wybitnych badaczy filozofii Derridy z ca\u0142ego \u015bwiata. W\u015br\u00f3d zaproszonych go\u015bci znajduj\u0105 si\u0119 prof. Anne Berger (Universit\u00e9 de Vincennes \u2013 Paris 8), prof. Vicki Kirby (University of New South Wales), prof. Nicholas Royle (University of Sussex) oraz prof. Jeremy Gilbert (University of East London).<\/p>\n<\/div>\r\n                    <\/div>\r\n                <\/div>[\/vc_column][\/vc_row][vc_row][vc_column width=&#8221;2\/3&#8243;][vc_empty_space][\/vc_column][vc_column width=&#8221;1\/3&#8243;][\/vc_column][\/vc_row][vc_row][vc_column width=&#8221;1\/4&#8243;]\r\n                <div class=\"text-modules\">\r\n                    <div class=\"container\">\r\n                        \r\n                        <div class=\"text-modules__content\"><\/p>\n<p style=\"text-align: center;\">Konferencja odbywa si\u0119 pod honorowym patronatem Dziekana Wydzia\u0142u Humanistycznego Uniwersytetu \u015al\u0105skiego w Katowicach prof. dr hab. Adama Dziadka.<\/p>\n<p><img class=\"alignnone wp-image-172828 size-medium aligncenter\" src=\"https:\/\/us.edu.pl\/wydzial\/wh\/wp-content\/uploads\/sites\/15\/Bez-kategorii\/logoWH-na-osi-2-300x256.jpg\" alt=\"\" width=\"300\" height=\"256\" srcset=\"https:\/\/us.edu.pl\/wydzial\/wh\/wp-content\/uploads\/sites\/15\/Bez-kategorii\/logoWH-na-osi-2-300x256.jpg 300w, https:\/\/us.edu.pl\/wydzial\/wh\/wp-content\/uploads\/sites\/15\/Bez-kategorii\/logoWH-na-osi-2-575x490.jpg 575w, https:\/\/us.edu.pl\/wydzial\/wh\/wp-content\/uploads\/sites\/15\/Bez-kategorii\/logoWH-na-osi-2.jpg 605w\" sizes=\"(max-width: 300px) 100vw, 300px\" \/><\/p>\n<\/div>\r\n                    <\/div>\r\n                <\/div>[\/vc_column][vc_column width=&#8221;1\/4&#8243;]\r\n                <div class=\"text-modules\">\r\n                    <div class=\"container\">\r\n                        \r\n                        <div class=\"text-modules__content\"><p>Partnerem konferencji jest Centre fran\u00e7ais de recherche en sciences sociales.<img class=\"alignnone wp-image-172830 size-medium aligncenter\" src=\"https:\/\/us.edu.pl\/wydzial\/wh\/wp-content\/uploads\/sites\/15\/Bez-kategorii\/cefres-logo-300x127.png\" alt=\"\" width=\"300\" height=\"127\" srcset=\"https:\/\/us.edu.pl\/wydzial\/wh\/wp-content\/uploads\/sites\/15\/Bez-kategorii\/cefres-logo-300x127.png 300w, https:\/\/us.edu.pl\/wydzial\/wh\/wp-content\/uploads\/sites\/15\/Bez-kategorii\/cefres-logo-575x242.png 575w, https:\/\/us.edu.pl\/wydzial\/wh\/wp-content\/uploads\/sites\/15\/Bez-kategorii\/cefres-logo.png 709w\" sizes=\"(max-width: 300px) 100vw, 300px\" \/><\/p>\n<\/div>\r\n                    <\/div>\r\n                <\/div>[\/vc_column][vc_column width=&#8221;1\/4&#8243;]\r\n                <div class=\"text-modules\">\r\n                    <div class=\"container\">\r\n                        \r\n                        <div class=\"text-modules__content\"><\/p>\n<p style=\"text-align: center;\">Wydarzenie realizowane jest w pa\u015bmie <em>Miasto-Region-Akademia<\/em> w ramach obchod\u00f3w <em>Europejskiego Miasta Nauki Katowice 2024<\/em>.<\/p>\n<p style=\"text-align: center;\">Wydarzenie jest dofinansowane ze \u015brodk\u00f3w Wojew\u00f3dztwa \u015al\u0105skiego \u2013 Wsp\u00f3\u0142organizatora <em>Europejskiego Miasta Nauki Katowice 2024<\/em>.<\/p>\n<p><img class=\"wp-image-172829 size-medium alignnone aligncenter\" src=\"https:\/\/us.edu.pl\/wydzial\/wh\/wp-content\/uploads\/sites\/15\/Bez-kategorii\/MRA_dofinansowanie-86x300.png\" alt=\"\" width=\"86\" height=\"300\" srcset=\"https:\/\/us.edu.pl\/wydzial\/wh\/wp-content\/uploads\/sites\/15\/Bez-kategorii\/MRA_dofinansowanie-86x300.png 86w, https:\/\/us.edu.pl\/wydzial\/wh\/wp-content\/uploads\/sites\/15\/Bez-kategorii\/MRA_dofinansowanie-165x575.png 165w, https:\/\/us.edu.pl\/wydzial\/wh\/wp-content\/uploads\/sites\/15\/Bez-kategorii\/MRA_dofinansowanie.png 180w\" sizes=\"(max-width: 86px) 100vw, 86px\" \/><\/p>\n<\/div>\r\n                    <\/div>\r\n                <\/div>[\/vc_column][vc_column width=&#8221;1\/4&#8243;]\r\n                <div class=\"text-modules\">\r\n                    <div class=\"container\">\r\n                        \r\n                        <div class=\"text-modules__content\"><\/p>\n<p style=\"text-align: center;\">Patronat medialny nad konferencj\u0105 sprawuje Miesi\u0119cznik \u201e\u015al\u0105sk\u201d.<\/p>\n<p style=\"text-align: center;\"><img class=\"alignnone size-medium wp-image-172831 aligncenter\" src=\"https:\/\/us.edu.pl\/wydzial\/wh\/wp-content\/uploads\/sites\/15\/Bez-kategorii\/miesiecznik-slask-300x108.jpeg\" alt=\"\" width=\"300\" height=\"108\" srcset=\"https:\/\/us.edu.pl\/wydzial\/wh\/wp-content\/uploads\/sites\/15\/Bez-kategorii\/miesiecznik-slask-300x108.jpeg 300w, https:\/\/us.edu.pl\/wydzial\/wh\/wp-content\/uploads\/sites\/15\/Bez-kategorii\/miesiecznik-slask.jpeg 458w\" sizes=\"(max-width: 300px) 100vw, 300px\" \/><\/p>\n<p>\n<\/div>\r\n                    <\/div>\r\n                <\/div>\r\n                <div class=\"text-modules\">\r\n                    <div class=\"container\">\r\n                        \r\n                        <div class=\"text-modules__content\"><p>oraz \u201eCzas Kultury&#8221;<\/p>\n<p><img class=\"alignnone wp-image-173440 size-large\" src=\"https:\/\/us.edu.pl\/wydzial\/wh\/wp-content\/uploads\/sites\/15\/Bez-kategorii\/CzK-logotyp-1024x184.jpg\" alt=\"Czas kultury\" width=\"640\" height=\"115\" srcset=\"https:\/\/us.edu.pl\/wydzial\/wh\/wp-content\/uploads\/sites\/15\/Bez-kategorii\/CzK-logotyp-1024x184.jpg 1024w, https:\/\/us.edu.pl\/wydzial\/wh\/wp-content\/uploads\/sites\/15\/Bez-kategorii\/CzK-logotyp-300x54.jpg 300w, https:\/\/us.edu.pl\/wydzial\/wh\/wp-content\/uploads\/sites\/15\/Bez-kategorii\/CzK-logotyp-768x138.jpg 768w, https:\/\/us.edu.pl\/wydzial\/wh\/wp-content\/uploads\/sites\/15\/Bez-kategorii\/CzK-logotyp-1536x276.jpg 1536w, https:\/\/us.edu.pl\/wydzial\/wh\/wp-content\/uploads\/sites\/15\/Bez-kategorii\/CzK-logotyp-2048x368.jpg 2048w, https:\/\/us.edu.pl\/wydzial\/wh\/wp-content\/uploads\/sites\/15\/Bez-kategorii\/CzK-logotyp-575x103.jpg 575w\" sizes=\"(max-width: 640px) 100vw, 640px\" \/><\/p>\n<\/div>\r\n                    <\/div>\r\n                <\/div>[\/vc_column][\/vc_row]<\/p>\n<style type=\"text\/css\">a[data-mtli~=\"mtli_filesize105,10kB\"]:after {content:\" (105,10 kB)\"}<\/style>","protected":false},"excerpt":{"rendered":"<p>[vc_row][vc_column width=&#8221;2\/3&#8243; css=&#8221;.vc_custom_1716551341949{border-top-width: 2px !important;border-right-width: 2px !important;border-bottom-width: 2px !important;border-left-width: 2px !important;border-left-color: #1e73be !important;border-left-style: solid !important;border-right-color: #1e73be !important;border-right-style: solid !important;border-top-color: #1e73be !important;border-top-style: solid !important;border-bottom-color: #1e73be !important;border-bottom-style: solid !important;border-radius: 10px !important;}&#8221;][\/vc_column][vc_column width=&#8221;1\/3&#8243; css=&#8221;.vc_custom_1716555138813{border-top-width: 2px !important;border-right-width: 2px !important;border-bottom-width: 2px !important;border-left-width: 2px !important;background-color: #ce9e2f !important;border-radius: 10px !important;}&#8221;][\/vc_column][\/vc_row][vc_row][vc_column][vc_empty_space][\/vc_column][\/vc_row][vc_row][vc_column css=&#8221;.vc_custom_1716555567701{border-top-width: 2px !important;border-right-width: 2px !important;border-bottom-width: 2px !important;border-left-width: 2px !important;border-left-color: #1e73be !important;border-left-style: solid [&#8230;]<\/p>\n<p><a class=\"btn btn-secondary understrap-read-more-link\" href=\"https:\/\/us.edu.pl\/wydzial\/wh\/2024\/05\/24\/zaproszenie-na-konferencje-after-words-after-worlds-the-legacy-of-jacques-derrida-call-for-papers\/\">Read More&#8230;<\/a><\/p>\n","protected":false},"author":2429,"featured_media":169366,"comment_status":"open","ping_status":"open","sticky":false,"template":"","format":"standard","meta":{"_expiration-date-status":"","_expiration-date":0,"_expiration-date-type":"","_expiration-date-categories":[],"_expiration-date-options":[]},"categories":[6],"tags":[],"acf":[],"_links":{"self":[{"href":"https:\/\/us.edu.pl\/wydzial\/wh\/wp-json\/wp\/v2\/posts\/172811"}],"collection":[{"href":"https:\/\/us.edu.pl\/wydzial\/wh\/wp-json\/wp\/v2\/posts"}],"about":[{"href":"https:\/\/us.edu.pl\/wydzial\/wh\/wp-json\/wp\/v2\/types\/post"}],"author":[{"embeddable":true,"href":"https:\/\/us.edu.pl\/wydzial\/wh\/wp-json\/wp\/v2\/users\/2429"}],"replies":[{"embeddable":true,"href":"https:\/\/us.edu.pl\/wydzial\/wh\/wp-json\/wp\/v2\/comments?post=172811"}],"version-history":[{"count":10,"href":"https:\/\/us.edu.pl\/wydzial\/wh\/wp-json\/wp\/v2\/posts\/172811\/revisions"}],"predecessor-version":[{"id":173760,"href":"https:\/\/us.edu.pl\/wydzial\/wh\/wp-json\/wp\/v2\/posts\/172811\/revisions\/173760"}],"wp:featuredmedia":[{"embeddable":true,"href":"https:\/\/us.edu.pl\/wydzial\/wh\/wp-json\/wp\/v2\/media\/169366"}],"wp:attachment":[{"href":"https:\/\/us.edu.pl\/wydzial\/wh\/wp-json\/wp\/v2\/media?parent=172811"}],"wp:term":[{"taxonomy":"category","embeddable":true,"href":"https:\/\/us.edu.pl\/wydzial\/wh\/wp-json\/wp\/v2\/categories?post=172811"},{"taxonomy":"post_tag","embeddable":true,"href":"https:\/\/us.edu.pl\/wydzial\/wh\/wp-json\/wp\/v2\/tags?post=172811"}],"curies":[{"name":"wp","href":"https:\/\/api.w.org\/{rel}","templated":true}]}}