{"id":172866,"date":"2024-05-27T13:36:49","date_gmt":"2024-05-27T11:36:49","guid":{"rendered":"https:\/\/us.edu.pl\/wydzial\/wh\/?p=172866"},"modified":"2025-03-17T17:21:54","modified_gmt":"2025-03-17T16:21:54","slug":"tytul-profesora-dla-andrzeja-charciarka","status":"publish","type":"post","link":"https:\/\/us.edu.pl\/wydzial\/wh\/2024\/05\/27\/tytul-profesora-dla-andrzeja-charciarka\/","title":{"rendered":"Tytu\u0142 profesora dla Andrzeja Charciarka"},"content":{"rendered":"<p>[vc_row][vc_column width=&#8221;2\/3&#8243;]\r\n                <div class=\"text-modules\">\r\n                    <div class=\"container\">\r\n                        \r\n                        <div class=\"text-modules__content\"><p>Postanowieniem z dnia 15 maja 2024 r. Prezydent Rzeczypospolitej Polskiej nada\u0142 tytu\u0142 profesora nauk humanistycznych Panu <a href=\"https:\/\/us.edu.pl\/instytut\/ij\/osoby\/andrzej-charciarek\/\">dr hab. Andrzejowi Charciarkowi, prof. U\u015a<\/a> z <a href=\"https:\/\/us.edu.pl\/instytut\/ij\/\">Instytutu J\u0119zykoznawstwa U\u015a<\/a>.<\/p>\n<p>\u015awie\u017co nominowanemu Profesorowi serdeczne gratulacje sk\u0142adaj\u0105 w\u0142adze Wydzia\u0142u oraz Instytutu i \u017cycz\u0105 dalszych sukces\u00f3w w pracy naukowej.<\/p>\n<\/div>\r\n                    <\/div>\r\n                <\/div>[vc_row_inner][vc_column_inner css=&#8221;.vc_custom_1742228480331{border-top-width: 2px !important;border-right-width: 2px !important;border-bottom-width: 2px !important;border-left-width: 2px !important;border-left-color: #9b132a !important;border-left-style: solid !important;border-right-color: #9b132a !important;border-right-style: solid !important;border-top-color: #9b132a !important;border-top-style: solid !important;border-bottom-color: #9b132a !important;border-bottom-style: solid !important;border-radius: 5px !important;}&#8221;]\r\n                <div class=\"text-modules\">\r\n                    <div class=\"container\">\r\n                        \r\n                        <div class=\"text-modules__content\"><p>Prof. dr hab. Andrzej Charciarek prowadzi badania naukowe w zakresie j\u0119zykoznawstwa s\u0142owia\u0144skiego, g\u0142\u00f3wnie leksykografii przek\u0142adowej, lingwistyki korpusowej, stylistyki i pragmatyki. W 2023 roku nak\u0142adem Wydawnictwa Uniwersytetu \u015al\u0105skiego ukaza\u0142a si\u0119 jego monografia pt. \u201ePolskie i czeskie napisy publiczne. Stylistyka i pragmatyka\u201d.<\/p>\n<\/div>\r\n                    <\/div>\r\n                <\/div>[\/vc_column_inner][\/vc_row_inner][\/vc_column][vc_column width=&#8221;1\/3&#8243;]\r\n                <div class=\"text-modules\">\r\n                    <div class=\"container\">\r\n                        \r\n                        <div class=\"text-modules__content\"><p><img class=\"alignnone wp-image-172867 size-full\" src=\"https:\/\/us.edu.pl\/wydzial\/wh\/wp-content\/uploads\/sites\/15\/OBRAZKI-WYROZNIAJACE\/okulary-na-ksiazce.png\" alt=\"okulary le\u017c\u0105ce na otwartej ksi\u0105\u017cce\" width=\"100%\" height=\"auto\" srcset=\"https:\/\/us.edu.pl\/wydzial\/wh\/wp-content\/uploads\/sites\/15\/OBRAZKI-WYROZNIAJACE\/okulary-na-ksiazce.png 2048w, https:\/\/us.edu.pl\/wydzial\/wh\/wp-content\/uploads\/sites\/15\/OBRAZKI-WYROZNIAJACE\/okulary-na-ksiazce-300x199.png 300w, https:\/\/us.edu.pl\/wydzial\/wh\/wp-content\/uploads\/sites\/15\/OBRAZKI-WYROZNIAJACE\/okulary-na-ksiazce-1024x680.png 1024w, https:\/\/us.edu.pl\/wydzial\/wh\/wp-content\/uploads\/sites\/15\/OBRAZKI-WYROZNIAJACE\/okulary-na-ksiazce-768x510.png 768w, https:\/\/us.edu.pl\/wydzial\/wh\/wp-content\/uploads\/sites\/15\/OBRAZKI-WYROZNIAJACE\/okulary-na-ksiazce-1536x1020.png 1536w, https:\/\/us.edu.pl\/wydzial\/wh\/wp-content\/uploads\/sites\/15\/OBRAZKI-WYROZNIAJACE\/okulary-na-ksiazce-575x382.png 575w\" sizes=\"(max-width: 2048px) 100vw, 2048px\" \/><\/p>\n<\/div>\r\n                    <\/div>\r\n                <\/div>[\/vc_column][\/vc_row]<\/p>","protected":false},"excerpt":{"rendered":"<p>[vc_row][vc_column width=&#8221;2\/3&#8243;][vc_row_inner][vc_column_inner css=&#8221;.vc_custom_1742228480331{border-top-width: 2px !important;border-right-width: 2px !important;border-bottom-width: 2px !important;border-left-width: 2px !important;border-left-color: #9b132a !important;border-left-style: solid !important;border-right-color: #9b132a !important;border-right-style: solid !important;border-top-color: #9b132a !important;border-top-style: solid !important;border-bottom-color: #9b132a !important;border-bottom-style: solid !important;border-radius: 5px !important;}&#8221;][\/vc_column_inner][\/vc_row_inner][\/vc_column][vc_column width=&#8221;1\/3&#8243;][\/vc_column][\/vc_row] [&#8230;]<\/p>\n<p><a class=\"btn btn-secondary understrap-read-more-link\" href=\"https:\/\/us.edu.pl\/wydzial\/wh\/2024\/05\/27\/tytul-profesora-dla-andrzeja-charciarka\/\">Read More&#8230;<\/a><\/p>\n","protected":false},"author":1,"featured_media":172867,"comment_status":"open","ping_status":"open","sticky":false,"template":"","format":"standard","meta":{"_expiration-date-status":"","_expiration-date":0,"_expiration-date-type":"","_expiration-date-categories":[],"_expiration-date-options":[]},"categories":[6],"tags":[],"acf":[],"_links":{"self":[{"href":"https:\/\/us.edu.pl\/wydzial\/wh\/wp-json\/wp\/v2\/posts\/172866"}],"collection":[{"href":"https:\/\/us.edu.pl\/wydzial\/wh\/wp-json\/wp\/v2\/posts"}],"about":[{"href":"https:\/\/us.edu.pl\/wydzial\/wh\/wp-json\/wp\/v2\/types\/post"}],"author":[{"embeddable":true,"href":"https:\/\/us.edu.pl\/wydzial\/wh\/wp-json\/wp\/v2\/users\/1"}],"replies":[{"embeddable":true,"href":"https:\/\/us.edu.pl\/wydzial\/wh\/wp-json\/wp\/v2\/comments?post=172866"}],"version-history":[{"count":7,"href":"https:\/\/us.edu.pl\/wydzial\/wh\/wp-json\/wp\/v2\/posts\/172866\/revisions"}],"predecessor-version":[{"id":186532,"href":"https:\/\/us.edu.pl\/wydzial\/wh\/wp-json\/wp\/v2\/posts\/172866\/revisions\/186532"}],"wp:featuredmedia":[{"embeddable":true,"href":"https:\/\/us.edu.pl\/wydzial\/wh\/wp-json\/wp\/v2\/media\/172867"}],"wp:attachment":[{"href":"https:\/\/us.edu.pl\/wydzial\/wh\/wp-json\/wp\/v2\/media?parent=172866"}],"wp:term":[{"taxonomy":"category","embeddable":true,"href":"https:\/\/us.edu.pl\/wydzial\/wh\/wp-json\/wp\/v2\/categories?post=172866"},{"taxonomy":"post_tag","embeddable":true,"href":"https:\/\/us.edu.pl\/wydzial\/wh\/wp-json\/wp\/v2\/tags?post=172866"}],"curies":[{"name":"wp","href":"https:\/\/api.w.org\/{rel}","templated":true}]}}