{"id":173078,"date":"2024-06-10T11:59:00","date_gmt":"2024-06-10T09:59:00","guid":{"rendered":"https:\/\/us.edu.pl\/wydzial\/wh\/?p=173078"},"modified":"2024-06-10T13:57:26","modified_gmt":"2024-06-10T11:57:26","slug":"dr-hab-wojciech-smieja-wspolorganizatorem-miedzynarodowego-sympozjum","status":"publish","type":"post","link":"https:\/\/us.edu.pl\/wydzial\/wh\/2024\/06\/10\/dr-hab-wojciech-smieja-wspolorganizatorem-miedzynarodowego-sympozjum\/","title":{"rendered":"Dr hab. Wojciech \u015amieja, prof. U\u015a wsp\u00f3\u0142organizatorem mi\u0119dzynarodowego sympozjum"},"content":{"rendered":"<p>[vc_row][vc_column width=&#8221;2\/3&#8243;][vc_row_inner][vc_column_inner css=&#8221;.vc_custom_1718013295717{border-right-width: 2px !important;border-left-width: 2px !important;background-color: #ccadc4 !important;border-left-color: #713e81 !important;border-left-style: solid !important;border-right-color: #713e81 !important;border-right-style: solid !important;border-radius: 10px !important;}&#8221;]\r\n                <div class=\"text-modules\">\r\n                    <div class=\"container\">\r\n                        \r\n                        <div class=\"text-modules__content\"><p>Mi\u0142o nam poinformowa\u0107, \u017ce w dniach <strong>19-20 czerwca 2024<\/strong> odb\u0119dzie si\u0119 <strong>mi\u0119dzynarodowe sympozjum Central-European Masculinities in a Comparative Perspective<\/strong>, wsp\u00f3\u0142organizowane przez <a href=\"https:\/\/us.edu.pl\/instytut\/il\/osoby\/wojciech-smieja\/\">dr. hab. Wojciecha \u015amiej\u0119, prof. U\u015a<\/a> z Instytutu Literaturoznawstwa Wydzia\u0142u Humanistycznego U\u015a i z udzia\u0142em prof. Filipa Mazurkiewicza z Instytutu Polonistyki, a tak\u017ce doktorantki Szko\u0142y Doktorskiej, p. Aleksandry D\u0119bi\u0144skiej.<\/p>\n<p>Podczas wydarzenia odb\u0119d\u0105 si\u0119 interdyscyplinarne panele i dyskusje po\u015bwi\u0119cone aktualnemu stanowi wiedzy w dziedzinie Critical Studies on Men and Masculinities (CSMM) subdyscyplinie gender studies oraz metodom i kierunkom dalszych bada\u0144, przygotowuj\u0105ce grunt pod mi\u0119dzynarodow\u0105 konferencj\u0119, kt\u00f3ra odb\u0119dzie si\u0119 w Katowicach w dniach 14-15 listopada 2024.<\/p>\n<p>&nbsp;<\/p>\n<p>Sympozjum organizowane jest przez <a href=\"https:\/\/cefres.cz\/en\/cefres\">CEFRES<\/a> (French Research Center in Humanities and Social Sciences) w ramach projektu badawczego <a href=\"https:\/\/cefres.cz\/en\/25445\">Central European Masculinities<\/a>, przy wsparciu francuskiego Ministerstwa Szkolnictwa Wy\u017cszego i Bada\u0144 Naukowych (MESR, Program PARCECO), we wsp\u00f3\u0142pracy z Uniwersytetem \u015al\u0105skim w Katowicach, Instytutem Literatury Czeskiej, Czeskiej Akademii Nauk (\u00da\u010cL AV\u010cR) oraz Wydzia\u0142em Literatury Czeskiej i Por\u00f3wnawczej Uniwersytetu Karola (\u00da\u010cLK FF UK).<\/p>\n<p>Wi\u0119cej informacji oraz program wydarzenia mo\u017cna znale\u017a\u0107 <a href=\"https:\/\/cefres.cz\/en\/events\/central-european-masculinities\">na stronie CEFRES<\/a>.<\/p>\n<\/div>\r\n                    <\/div>\r\n                <\/div>\r\n                <div class=\"text-modules\">\r\n                    <div class=\"container\">\r\n                        \r\n                        <div class=\"text-modules__content\"><p><img class=\"alignnone wp-image-173079 size-full\" src=\"https:\/\/us.edu.pl\/wydzial\/wh\/wp-content\/uploads\/sites\/15\/Bez-kategorii\/Central-European-Masculinities.jpg\" alt=\"Grafika z napisem International workshop Central-European Masculinities in a Comparative Perspective, z t\u0142a wy\u0142ania si\u0119 sylwetka m\u0119\u017cczyzny\" width=\"100%\" height=\"auto\" srcset=\"https:\/\/us.edu.pl\/wydzial\/wh\/wp-content\/uploads\/sites\/15\/Bez-kategorii\/Central-European-Masculinities.jpg 1280w, https:\/\/us.edu.pl\/wydzial\/wh\/wp-content\/uploads\/sites\/15\/Bez-kategorii\/Central-European-Masculinities-300x166.jpg 300w, https:\/\/us.edu.pl\/wydzial\/wh\/wp-content\/uploads\/sites\/15\/Bez-kategorii\/Central-European-Masculinities-1024x568.jpg 1024w, https:\/\/us.edu.pl\/wydzial\/wh\/wp-content\/uploads\/sites\/15\/Bez-kategorii\/Central-European-Masculinities-768x426.jpg 768w, https:\/\/us.edu.pl\/wydzial\/wh\/wp-content\/uploads\/sites\/15\/Bez-kategorii\/Central-European-Masculinities-575x319.jpg 575w\" sizes=\"(max-width: 1280px) 100vw, 1280px\" \/><\/p>\n<\/div>\r\n                    <\/div>\r\n                <\/div>[\/vc_column_inner][\/vc_row_inner][\/vc_column][vc_column width=&#8221;1\/3&#8243;][\/vc_column][\/vc_row]<\/p>","protected":false},"excerpt":{"rendered":"<p>[vc_row][vc_column width=&#8221;2\/3&#8243;][vc_row_inner][vc_column_inner css=&#8221;.vc_custom_1718013295717{border-right-width: 2px !important;border-left-width: 2px !important;background-color: #ccadc4 !important;border-left-color: #713e81 !important;border-left-style: solid !important;border-right-color: #713e81 !important;border-right-style: solid !important;border-radius: 10px !important;}&#8221;][\/vc_column_inner][\/vc_row_inner][\/vc_column][vc_column width=&#8221;1\/3&#8243;][\/vc_column][\/vc_row] [&#8230;]<\/p>\n<p><a class=\"btn btn-secondary understrap-read-more-link\" href=\"https:\/\/us.edu.pl\/wydzial\/wh\/2024\/06\/10\/dr-hab-wojciech-smieja-wspolorganizatorem-miedzynarodowego-sympozjum\/\">Read More&#8230;<\/a><\/p>\n","protected":false},"author":1,"featured_media":173086,"comment_status":"open","ping_status":"open","sticky":false,"template":"","format":"standard","meta":{"_expiration-date-status":"","_expiration-date":0,"_expiration-date-type":"","_expiration-date-categories":[],"_expiration-date-options":[]},"categories":[6],"tags":[],"acf":[],"_links":{"self":[{"href":"https:\/\/us.edu.pl\/wydzial\/wh\/wp-json\/wp\/v2\/posts\/173078"}],"collection":[{"href":"https:\/\/us.edu.pl\/wydzial\/wh\/wp-json\/wp\/v2\/posts"}],"about":[{"href":"https:\/\/us.edu.pl\/wydzial\/wh\/wp-json\/wp\/v2\/types\/post"}],"author":[{"embeddable":true,"href":"https:\/\/us.edu.pl\/wydzial\/wh\/wp-json\/wp\/v2\/users\/1"}],"replies":[{"embeddable":true,"href":"https:\/\/us.edu.pl\/wydzial\/wh\/wp-json\/wp\/v2\/comments?post=173078"}],"version-history":[{"count":8,"href":"https:\/\/us.edu.pl\/wydzial\/wh\/wp-json\/wp\/v2\/posts\/173078\/revisions"}],"predecessor-version":[{"id":173090,"href":"https:\/\/us.edu.pl\/wydzial\/wh\/wp-json\/wp\/v2\/posts\/173078\/revisions\/173090"}],"wp:featuredmedia":[{"embeddable":true,"href":"https:\/\/us.edu.pl\/wydzial\/wh\/wp-json\/wp\/v2\/media\/173086"}],"wp:attachment":[{"href":"https:\/\/us.edu.pl\/wydzial\/wh\/wp-json\/wp\/v2\/media?parent=173078"}],"wp:term":[{"taxonomy":"category","embeddable":true,"href":"https:\/\/us.edu.pl\/wydzial\/wh\/wp-json\/wp\/v2\/categories?post=173078"},{"taxonomy":"post_tag","embeddable":true,"href":"https:\/\/us.edu.pl\/wydzial\/wh\/wp-json\/wp\/v2\/tags?post=173078"}],"curies":[{"name":"wp","href":"https:\/\/api.w.org\/{rel}","templated":true}]}}