{"id":174568,"date":"2024-09-05T13:33:55","date_gmt":"2024-09-05T11:33:55","guid":{"rendered":"https:\/\/us.edu.pl\/wydzial\/wh\/?p=174568"},"modified":"2024-09-05T13:36:11","modified_gmt":"2024-09-05T11:36:11","slug":"prof-piotr-zawojski-laureatem-konkursu-ksiazka-roku-2023","status":"publish","type":"post","link":"https:\/\/us.edu.pl\/wydzial\/wh\/2024\/09\/05\/prof-piotr-zawojski-laureatem-konkursu-ksiazka-roku-2023\/","title":{"rendered":"Prof. Piotr Zawojski laureatem konkursu &#8222;Ksi\u0105\u017cka Roku 2023&#8243;"},"content":{"rendered":"<p>[vc_row][vc_column width=&#8221;2\/3&#8243;][vc_row_inner][vc_column_inner css=&#8221;.vc_custom_1725535965789{border-left-width: 2px !important;border-left-color: #000000 !important;border-left-style: solid !important;border-radius: 10px !important;}&#8221;]\r\n                <div class=\"text-modules\">\r\n                    <div class=\"container\">\r\n                        \r\n                        <div class=\"text-modules__content\"><p>Mi\u0142o nam poinformowa\u0107, \u017ce nagroda w konkursie <a href=\"http:\/\/ptbfm.org\/\">Polskiego Towarzystwa Bada\u0144 nad Filmem i Mediami<\/a> \u201eKsi\u0105\u017cka Roku 2023\u201d zosta\u0142a przyznana Profesorowi <a href=\"https:\/\/us.edu.pl\/instytut\/inok\/osoby\/piotr-zawojski\/\">Piotrowi Zawojskiemu<\/a> za ksi\u0105\u017ck\u0119 <a href=\"https:\/\/wydawnictwo.us.edu.pl\/node\/26223\">\u201ePisanie i czytanie (o) fotografii: odkrywcy, klasycy, obrazoburcy\u201d<\/a>.<\/p>\n<p>Jury, obraduj\u0105ce w sk\u0142adzie Barbara G\u0142ebicka-Giza, Patrycja W\u0142odek, Miros\u0142aw Filiciak, Gra\u017cyna \u015awi\u0119tochowska i Piotr Zwierzchowski, tak uzasadni\u0142o swoj\u0105 decyzj\u0119:<\/p>\n<p><em>Nagroda &#8222;Ksi\u0105\u017cka Roku 2023&#8221; zosta\u0142a przyznana\u00a0Piotrowi Zawojskiemu za ksi\u0105\u017ck\u0119 &#8222;Pisanie i czytanie (o) fotografii: odkrywcy, klasycy, obrazoburcy&#8221; w uznaniu zastosowania podej\u015bcia autorskiego do podj\u0119cia refleksji nad klasycznymi i najnowszymi koncepcjami dotycz\u0105cymi medium fotografii. Podej\u015bcie to ma walor scalaj\u0105cy, przez co ksi\u0105\u017cka zyskuje jako opracowanie, kt\u00f3re rzuca na omawiane teorie nowe \u015bwiat\u0142o. Zachowuj\u0105c wszystkie cechy \u015bwietnego warsztatu naukowego, Autor unika hermetyczno\u015bci wywodu &#8211; konsekwentnie i w spos\u00f3b dojrza\u0142y przedstawia w\u0142asny w\u0142asny punkt widzenia, przez co z jednej strony demonstruje oryginalno\u015b\u0107 badawcz\u0105, z drugiej w spos\u00f3b wysoce umiej\u0119tny w\u0142\u0105cza czytelnika w kr\u0105g w\u0142asnych odkry\u0107 i fascynacji.<\/em><\/p>\n<\/div>\r\n                    <\/div>\r\n                <\/div>[\/vc_column_inner][\/vc_row_inner][vc_empty_space][vc_row_inner][vc_column_inner css=&#8221;.vc_custom_1725535908264{background-color: #f8f8f8 !important;}&#8221;]\r\n                <div class=\"text-modules\">\r\n                    <div class=\"container\">\r\n                        \r\n                        <div class=\"text-modules__content\"><p>Ksi\u0105\u017cka jest pr\u00f3b\u0105 nowej interpretacji wypowiedzi klasycznych autor\u00f3w pisz\u0105cych o fotografii jako medium, sposobie rejestracji \u015bwiata, narz\u0119dziu kreacji artystycznej i maszynerii epistemologicznej.<\/p>\n<p>Obok rozdzia\u0142\u00f3w analizuj\u0105cych ich pogl\u0105dy cz\u0119\u015b\u0107 rozdzia\u0142\u00f3w zosta\u0142a po\u015bwi\u0119cona autorom proponuj\u0105cym nowe rozpoznania fenomenu fotografii, zw\u0142aszcza w kontek\u015bcie ekspansji nowych medi\u00f3w wizualnych oraz rozwa\u017ca\u0144 na temat jej \u201enie-ludzkiego\u201d wymiaru.<\/p>\n<p>W autorskim zamierzeniu kilkana\u015bcie tekst\u00f3w utrzymanych w stylistyce eseju naukowego \u2013 \u0142\u0105cz\u0105cego przyst\u0119pno\u015b\u0107 wywodu z nierezygnowaniem z pog\u0142\u0119bionej analizy i interpretacji \u2013 ma prezentowa\u0107 r\u00f3\u017cnorodno\u015b\u0107 spojrzenia na fotografi\u0119.<\/p>\n<\/div>\r\n                    <\/div>\r\n                <\/div>[\/vc_column_inner][\/vc_row_inner][\/vc_column][vc_column width=&#8221;1\/3&#8243;]\r\n                <div class=\"text-modules\">\r\n                    <div class=\"container\">\r\n                        \r\n                        <div class=\"text-modules__content\"><p><img class=\"alignnone wp-image-174570 size-full\" src=\"https:\/\/us.edu.pl\/wydzial\/wh\/wp-content\/uploads\/sites\/15\/Bez-kategorii\/Pisanie-i-czytanie.jpg\" alt=\"ksi\u0105\u017cka prof. Piotra Zawojskiego pt. Pisanie i czytanie (o) fotografii : odkrywcy, klasycy, obrazoburcy\" width=\"100%\" height=\"auto\" srcset=\"https:\/\/us.edu.pl\/wydzial\/wh\/wp-content\/uploads\/sites\/15\/Bez-kategorii\/Pisanie-i-czytanie.jpg 366w, https:\/\/us.edu.pl\/wydzial\/wh\/wp-content\/uploads\/sites\/15\/Bez-kategorii\/Pisanie-i-czytanie-214x300.jpg 214w\" sizes=\"(max-width: 366px) 100vw, 366px\" \/><\/p>\n<\/div>\r\n                    <\/div>\r\n                <\/div>[\/vc_column][\/vc_row]<\/p>","protected":false},"excerpt":{"rendered":"<p>[vc_row][vc_column width=&#8221;2\/3&#8243;][vc_row_inner][vc_column_inner css=&#8221;.vc_custom_1725535965789{border-left-width: 2px !important;border-left-color: #000000 !important;border-left-style: solid !important;border-radius: 10px !important;}&#8221;][\/vc_column_inner][\/vc_row_inner][vc_empty_space][vc_row_inner][vc_column_inner css=&#8221;.vc_custom_1725535908264{background-color: #f8f8f8 !important;}&#8221;][\/vc_column_inner][\/vc_row_inner][\/vc_column][vc_column width=&#8221;1\/3&#8243;][\/vc_column][\/vc_row] [&#8230;]<\/p>\n<p><a class=\"btn btn-secondary understrap-read-more-link\" href=\"https:\/\/us.edu.pl\/wydzial\/wh\/2024\/09\/05\/prof-piotr-zawojski-laureatem-konkursu-ksiazka-roku-2023\/\">Read More&#8230;<\/a><\/p>\n","protected":false},"author":1,"featured_media":168297,"comment_status":"open","ping_status":"open","sticky":false,"template":"","format":"standard","meta":{"_expiration-date-status":"","_expiration-date":0,"_expiration-date-type":"","_expiration-date-categories":[],"_expiration-date-options":[]},"categories":[6],"tags":[],"acf":[],"_links":{"self":[{"href":"https:\/\/us.edu.pl\/wydzial\/wh\/wp-json\/wp\/v2\/posts\/174568"}],"collection":[{"href":"https:\/\/us.edu.pl\/wydzial\/wh\/wp-json\/wp\/v2\/posts"}],"about":[{"href":"https:\/\/us.edu.pl\/wydzial\/wh\/wp-json\/wp\/v2\/types\/post"}],"author":[{"embeddable":true,"href":"https:\/\/us.edu.pl\/wydzial\/wh\/wp-json\/wp\/v2\/users\/1"}],"replies":[{"embeddable":true,"href":"https:\/\/us.edu.pl\/wydzial\/wh\/wp-json\/wp\/v2\/comments?post=174568"}],"version-history":[{"count":4,"href":"https:\/\/us.edu.pl\/wydzial\/wh\/wp-json\/wp\/v2\/posts\/174568\/revisions"}],"predecessor-version":[{"id":174584,"href":"https:\/\/us.edu.pl\/wydzial\/wh\/wp-json\/wp\/v2\/posts\/174568\/revisions\/174584"}],"wp:featuredmedia":[{"embeddable":true,"href":"https:\/\/us.edu.pl\/wydzial\/wh\/wp-json\/wp\/v2\/media\/168297"}],"wp:attachment":[{"href":"https:\/\/us.edu.pl\/wydzial\/wh\/wp-json\/wp\/v2\/media?parent=174568"}],"wp:term":[{"taxonomy":"category","embeddable":true,"href":"https:\/\/us.edu.pl\/wydzial\/wh\/wp-json\/wp\/v2\/categories?post=174568"},{"taxonomy":"post_tag","embeddable":true,"href":"https:\/\/us.edu.pl\/wydzial\/wh\/wp-json\/wp\/v2\/tags?post=174568"}],"curies":[{"name":"wp","href":"https:\/\/api.w.org\/{rel}","templated":true}]}}