{"id":180868,"date":"2024-12-03T13:47:34","date_gmt":"2024-12-03T12:47:34","guid":{"rendered":"https:\/\/us.edu.pl\/wydzial\/wh\/?p=180868"},"modified":"2024-12-03T13:48:27","modified_gmt":"2024-12-03T12:48:27","slug":"zmarl-dr-jacek-illg","status":"publish","type":"post","link":"https:\/\/us.edu.pl\/wydzial\/wh\/2024\/12\/03\/zmarl-dr-jacek-illg\/","title":{"rendered":"Zmar\u0142 dr Jacek Illg"},"content":{"rendered":"<p>[vc_row][vc_column width=&#8221;2\/3&#8243;]\r\n                <div class=\"text-modules\">\r\n                    <div class=\"container\">\r\n                        \r\n                        <div class=\"text-modules__content\"><p><!--break--><\/p>\n<table style=\"margin: auto; border: 3px solid #000000;\" width=\"90%\" cellspacing=\"1\" cellpadding=\"1\">\n<tbody>\n<tr>\n<td style=\"text-align: center;\">&nbsp;<\/p>\n<p>Do \u015brodowiska bohemistycznego naszej Uczelni dotar\u0142a smutna wiadomo\u015b\u0107.<\/p>\n<p>26 listopada 2024 roku<\/p>\n<p>zmar\u0142<\/p>\n<p><strong>dr Jacek Illg<\/strong><\/p>\n<p>&nbsp;<\/p>\n<p>nasz nauczyciel i kolega, bohemista, literaturoznawca,<br \/>\nby\u0142y pracownik Katedry Filologii S\u0142owia\u0144skiej<br \/>\nna Wydziale Filologicznym Uniwersytetu \u015al\u0105skiego.<\/p>\n<p>&nbsp;<\/p>\n<p>Jacek Illg by\u0142 jednym z pierwszych absolwent\u00f3w \u015bl\u0105skiej bohemistyki,<br \/>\na nast\u0119pnie asystentem naukowo-dydaktycznym (1979-1983),<br \/>\nbadaczem dorobku literackiego Milana Kundery oraz t\u0142umaczem, redaktorem i wydawc\u0105.<\/p>\n<p>&nbsp;<\/p>\n<p><strong>Cze\u015b\u0107 Jego pami\u0119ci!<\/strong><\/p>\n<p>&nbsp;<\/p>\n<p>Byli studenci i koledzy.<\/p>\n<p>&nbsp;<\/p>\n<p>&nbsp;<\/td>\n<\/tr>\n<\/tbody>\n<\/table>\n<p>\n<\/div>\r\n                    <\/div>\r\n                <\/div>[\/vc_column][vc_column width=&#8221;1\/3&#8243;]\r\n                <div class=\"text-modules\">\r\n                    <div class=\"container\">\r\n                        \r\n                        <div class=\"text-modules__content\"><\/p>\n<p><img class=\"alignnone wp-image-6520 size-full\" src=\"https:\/\/us.edu.pl\/wydzial\/wh\/wp-content\/uploads\/sites\/15\/OBRAZKI-WYR\u00d3\u017bNIAJ\u0104CE\/joanna-kosinska-HdVIGmYhUsA-unsplash-1.jpg\" alt=\"Zapalny znicz (czarno-bia\u0142e zdj\u0119cie)\" width=\"100%\" height=\"auto\" srcset=\"https:\/\/us.edu.pl\/wydzial\/wh\/wp-content\/uploads\/sites\/15\/OBRAZKI-WYR\u00d3\u017bNIAJ\u0104CE\/joanna-kosinska-HdVIGmYhUsA-unsplash-1.jpg 690w, https:\/\/us.edu.pl\/wydzial\/wh\/wp-content\/uploads\/sites\/15\/OBRAZKI-WYR\u00d3\u017bNIAJ\u0104CE\/joanna-kosinska-HdVIGmYhUsA-unsplash-1-300x174.jpg 300w, https:\/\/us.edu.pl\/wydzial\/wh\/wp-content\/uploads\/sites\/15\/OBRAZKI-WYR\u00d3\u017bNIAJ\u0104CE\/joanna-kosinska-HdVIGmYhUsA-unsplash-1-575x333.jpg 575w\" sizes=\"(max-width: 690px) 100vw, 690px\" \/><\/p>\n<\/div>\r\n                    <\/div>\r\n                <\/div>[vc_row_inner][vc_column_inner css=&#8221;.vc_custom_1733229951628{border-left-width: 2px !important;background-color: #f8f8f8 !important;border-left-color: #000000 !important;border-left-style: solid !important;}&#8221;]\r\n                <div class=\"text-modules\">\r\n                    <div class=\"container\">\r\n                        \r\n                        <div class=\"text-modules__content\"><p>Msza \u017ca\u0142obna zostanie odprawiona <strong>6 grudnia 2024 o godz. 15.00<\/strong> w ko\u015bciele \u015bw. Micha\u0142a Archanio\u0142a przy ul. Gawron\u00f3w 20 w Katowicach.<\/p>\n<\/div>\r\n                    <\/div>\r\n                <\/div>[\/vc_column_inner][\/vc_row_inner][vc_empty_space][vc_row_inner][vc_column_inner css=&#8221;.vc_custom_1733229981704{border-left-width: 2px !important;background-color: #f8f8f8 !important;border-left-color: #000000 !important;border-left-style: solid !important;}&#8221;]\r\n                <div class=\"text-modules\">\r\n                    <div class=\"container\">\r\n                        \r\n                        <div class=\"text-modules__content\"><p>Msza pogrzebowa odb\u0119dzie si\u0119 <strong>7 grudnia 2024 o godz. 13.00<\/strong>\u00a0w ko\u015bciele \u015bw. Wojciecha przy ul. Toporczyk\u00f3w 1 w Ksi\u0105\u017cu Wielkim (powiat Miech\u00f3w).<\/p>\n<\/div>\r\n                    <\/div>\r\n                <\/div>[\/vc_column_inner][\/vc_row_inner][\/vc_column][\/vc_row]<\/p>","protected":false},"excerpt":{"rendered":"<p>[vc_row][vc_column width=&#8221;2\/3&#8243;][\/vc_column][vc_column width=&#8221;1\/3&#8243;][vc_row_inner][vc_column_inner css=&#8221;.vc_custom_1733229951628{border-left-width: 2px !important;background-color: #f8f8f8 !important;border-left-color: #000000 !important;border-left-style: solid !important;}&#8221;][\/vc_column_inner][\/vc_row_inner][vc_empty_space][vc_row_inner][vc_column_inner css=&#8221;.vc_custom_1733229981704{border-left-width: 2px !important;background-color: #f8f8f8 !important;border-left-color: #000000 !important;border-left-style: solid !important;}&#8221;][\/vc_column_inner][\/vc_row_inner][\/vc_column][\/vc_row] [&#8230;]<\/p>\n<p><a class=\"btn btn-secondary understrap-read-more-link\" href=\"https:\/\/us.edu.pl\/wydzial\/wh\/2024\/12\/03\/zmarl-dr-jacek-illg\/\">Read More&#8230;<\/a><\/p>\n","protected":false},"author":1,"featured_media":6520,"comment_status":"open","ping_status":"open","sticky":false,"template":"","format":"standard","meta":{"_expiration-date-status":"","_expiration-date":0,"_expiration-date-type":"","_expiration-date-categories":[],"_expiration-date-options":[]},"categories":[6],"tags":[71],"acf":[],"_links":{"self":[{"href":"https:\/\/us.edu.pl\/wydzial\/wh\/wp-json\/wp\/v2\/posts\/180868"}],"collection":[{"href":"https:\/\/us.edu.pl\/wydzial\/wh\/wp-json\/wp\/v2\/posts"}],"about":[{"href":"https:\/\/us.edu.pl\/wydzial\/wh\/wp-json\/wp\/v2\/types\/post"}],"author":[{"embeddable":true,"href":"https:\/\/us.edu.pl\/wydzial\/wh\/wp-json\/wp\/v2\/users\/1"}],"replies":[{"embeddable":true,"href":"https:\/\/us.edu.pl\/wydzial\/wh\/wp-json\/wp\/v2\/comments?post=180868"}],"version-history":[{"count":7,"href":"https:\/\/us.edu.pl\/wydzial\/wh\/wp-json\/wp\/v2\/posts\/180868\/revisions"}],"predecessor-version":[{"id":180885,"href":"https:\/\/us.edu.pl\/wydzial\/wh\/wp-json\/wp\/v2\/posts\/180868\/revisions\/180885"}],"wp:featuredmedia":[{"embeddable":true,"href":"https:\/\/us.edu.pl\/wydzial\/wh\/wp-json\/wp\/v2\/media\/6520"}],"wp:attachment":[{"href":"https:\/\/us.edu.pl\/wydzial\/wh\/wp-json\/wp\/v2\/media?parent=180868"}],"wp:term":[{"taxonomy":"category","embeddable":true,"href":"https:\/\/us.edu.pl\/wydzial\/wh\/wp-json\/wp\/v2\/categories?post=180868"},{"taxonomy":"post_tag","embeddable":true,"href":"https:\/\/us.edu.pl\/wydzial\/wh\/wp-json\/wp\/v2\/tags?post=180868"}],"curies":[{"name":"wp","href":"https:\/\/api.w.org\/{rel}","templated":true}]}}