{"id":190415,"date":"2025-06-27T08:56:00","date_gmt":"2025-06-27T06:56:00","guid":{"rendered":"https:\/\/us.edu.pl\/wydzial\/wh\/?p=190415"},"modified":"2025-06-27T14:11:55","modified_gmt":"2025-06-27T12:11:55","slug":"zapraszamy-na-wystawe-fitoglosje","status":"publish","type":"post","link":"https:\/\/us.edu.pl\/wydzial\/wh\/2025\/06\/27\/zapraszamy-na-wystawe-fitoglosje\/","title":{"rendered":"Zapraszamy na wystaw\u0119 \u201eFitoglosje\u201d"},"content":{"rendered":"<p>[vc_row][vc_column width=&#8221;2\/3&#8243; css=&#8221;.vc_custom_1751007322820{border-top-width: 2px !important;border-right-width: 2px !important;border-bottom-width: 2px !important;border-left-width: 2px !important;border-left-color: #af7528 !important;border-left-style: solid !important;border-right-color: #af7528 !important;border-right-style: solid !important;border-top-color: #af7528 !important;border-top-style: solid !important;border-bottom-color: #af7528 !important;border-bottom-style: solid !important;border-radius: 10px !important;}&#8221;]\r\n                <div class=\"text-modules\">\r\n                    <div class=\"container\">\r\n                        \r\n                        <div class=\"text-modules__content\"><p><strong>Biblioteka \u015al\u0105ska, Galeria Holu G\u0142\u00f3wnego, plac Rady Europy 1, Katowice<\/strong><strong><br \/>\nTermin: 2\u201331 lipca 2025\u00a0r.<br \/>\nWernisa\u017c: 2 lipca 2025\u00a0r., godz.\u00a018.00<\/strong><\/p>\n<p>Wystawa jest\u00a0ostatni\u0105 tego typu ods\u0142on\u0105 projektu \u201ePostindustrialny s\u0142ownik ro\u015blinno-ludzki\u201d\u00a0realizowanego przez\u00a0zesp\u00f3\u0142 badawczy z\u0142o\u017cony z\u00a0Joanny So\u0107ko (Uniwersytet \u015al\u0105ski), Joanny Zdzienickiej-Oba\u0142ek (ASP w\u00a0Katowicach) i\u00a0Paw\u0142a Szeibla (ASP w\u00a0Katowicach). Jej tytu\u0142 \u0142\u0105czy ro\u015bliny (gr. phyto) z\u00a0j\u0119zykiem (gr. glossa), obrazuj\u0105c pr\u00f3by uchwycenia mi\u0119dzygatunkowych spoufale\u0144. Projekt anga\u017cuje wsp\u00f3\u0142czesne metody bada\u0144 artystycznych do\u00a0zadawania pyta\u0144 o\u00a0\u017cycie ro\u015blin porastaj\u0105cych tereny poprzemys\u0142owe.<\/p>\n<p>Ekspozycja splata wsp\u00f3\u0142czesne teksty i\u00a0obrazy oraz\u00a0starodruki (ze\u00a0zbior\u00f3w Biblioteki \u015al\u0105skiej), tworz\u0105c \u201eekosystem\u201d oddzia\u0142uj\u0105cych na\u00a0siebie prac, w\u00a0kt\u00f3rych\u00a0osoby artystyczne i\u00a0pisz\u0105ce badaj\u0105 subtelne sploty i\u00a0\u017cyciodajne zwi\u0105zki, wypracowuj\u0105c nowe sposoby komunikacji.<\/p>\n<p>Zesp\u00f3\u0142 kuratorski: Joanna So\u0107ko, Joanna Zdzienicka-Oba\u0142ek, Pawe\u0142 Szeibel<\/p>\n<p>Projekt: Anna Kopaczewska<\/p>\n<p>Wyb\u00f3r i\u00a0opieka merytoryczna nad\u00a0starodrukami: Weronika Paw\u0142owicz (Biblioteka \u015al\u0105ska)<\/p>\n<p>Osoby tw\u00f3rcze bior\u0105ce udzia\u0142 w wystawie: Mateusz Worek, Katarzyna Cichost\u0119pska, Stanis\u0142aw Kalina Jaglarz, Kasjo Kmiecik, Aleksandra Krysi\u0144ska, Martyna Krzywicka, Weronika \u0141\u0119ska, Marcel Myrta, Joanna So\u0107ko, Pawe\u0142 Szeibel, Joanna Zdzienicka-Oba\u0142ek, Zofia Zi\u0119ba oraz osoby uczestnicz\u0105ce w warsztatach: pracownicy Biblioteki \u015al\u0105skiej, w\u0142a\u015bciciele ogr\u00f3dk\u00f3w dzia\u0142kowych ROD \u201eJedno\u015b\u0107\u201d, studentki i studenci Wydzia\u0142u Humanistycznego Uniwersytetu \u015al\u0105skiego.<\/p>\n<p>Wernisa\u017c b\u0119dzie t\u0142umaczony na\u00a0Polski J\u0119zyk Migowy. Wst\u0119p wolny.<\/p>\n<\/div>\r\n                    <\/div>\r\n                <\/div>[\/vc_column][vc_column width=&#8221;1\/3&#8243;]\r\n                <div class=\"text-modules\">\r\n                    <div class=\"container\">\r\n                        \r\n                        <div class=\"text-modules__content\"><p><img class=\"alignnone wp-image-190416 size-full\" src=\"https:\/\/us.edu.pl\/wydzial\/wh\/wp-content\/uploads\/sites\/15\/Bez-kategorii\/Fitoglosje-plakat.png\" alt=\"\" width=\"1000\" height=\"1000\" srcset=\"https:\/\/us.edu.pl\/wydzial\/wh\/wp-content\/uploads\/sites\/15\/Bez-kategorii\/Fitoglosje-plakat.png 1000w, https:\/\/us.edu.pl\/wydzial\/wh\/wp-content\/uploads\/sites\/15\/Bez-kategorii\/Fitoglosje-plakat-300x300.png 300w, https:\/\/us.edu.pl\/wydzial\/wh\/wp-content\/uploads\/sites\/15\/Bez-kategorii\/Fitoglosje-plakat-150x150.png 150w, https:\/\/us.edu.pl\/wydzial\/wh\/wp-content\/uploads\/sites\/15\/Bez-kategorii\/Fitoglosje-plakat-768x768.png 768w, https:\/\/us.edu.pl\/wydzial\/wh\/wp-content\/uploads\/sites\/15\/Bez-kategorii\/Fitoglosje-plakat-575x575.png 575w\" sizes=\"(max-width: 1000px) 100vw, 1000px\" \/><\/p>\n<\/div>\r\n                    <\/div>\r\n                <\/div>[\/vc_column][\/vc_row]<\/p>","protected":false},"excerpt":{"rendered":"<p>[vc_row][vc_column width=&#8221;2\/3&#8243; css=&#8221;.vc_custom_1751007322820{border-top-width: 2px !important;border-right-width: 2px !important;border-bottom-width: 2px !important;border-left-width: 2px !important;border-left-color: #af7528 !important;border-left-style: solid !important;border-right-color: #af7528 !important;border-right-style: solid !important;border-top-color: #af7528 !important;border-top-style: solid !important;border-bottom-color: #af7528 !important;border-bottom-style: solid !important;border-radius: 10px !important;}&#8221;][\/vc_column][vc_column width=&#8221;1\/3&#8243;][\/vc_column][\/vc_row] [&#8230;]<\/p>\n<p><a class=\"btn btn-secondary understrap-read-more-link\" href=\"https:\/\/us.edu.pl\/wydzial\/wh\/2025\/06\/27\/zapraszamy-na-wystawe-fitoglosje\/\">Read More&#8230;<\/a><\/p>\n","protected":false},"author":2429,"featured_media":190420,"comment_status":"open","ping_status":"open","sticky":false,"template":"","format":"standard","meta":{"_expiration-date-status":"","_expiration-date":0,"_expiration-date-type":"","_expiration-date-categories":[],"_expiration-date-options":[]},"categories":[6],"tags":[],"acf":[],"_links":{"self":[{"href":"https:\/\/us.edu.pl\/wydzial\/wh\/wp-json\/wp\/v2\/posts\/190415"}],"collection":[{"href":"https:\/\/us.edu.pl\/wydzial\/wh\/wp-json\/wp\/v2\/posts"}],"about":[{"href":"https:\/\/us.edu.pl\/wydzial\/wh\/wp-json\/wp\/v2\/types\/post"}],"author":[{"embeddable":true,"href":"https:\/\/us.edu.pl\/wydzial\/wh\/wp-json\/wp\/v2\/users\/2429"}],"replies":[{"embeddable":true,"href":"https:\/\/us.edu.pl\/wydzial\/wh\/wp-json\/wp\/v2\/comments?post=190415"}],"version-history":[{"count":2,"href":"https:\/\/us.edu.pl\/wydzial\/wh\/wp-json\/wp\/v2\/posts\/190415\/revisions"}],"predecessor-version":[{"id":190446,"href":"https:\/\/us.edu.pl\/wydzial\/wh\/wp-json\/wp\/v2\/posts\/190415\/revisions\/190446"}],"wp:featuredmedia":[{"embeddable":true,"href":"https:\/\/us.edu.pl\/wydzial\/wh\/wp-json\/wp\/v2\/media\/190420"}],"wp:attachment":[{"href":"https:\/\/us.edu.pl\/wydzial\/wh\/wp-json\/wp\/v2\/media?parent=190415"}],"wp:term":[{"taxonomy":"category","embeddable":true,"href":"https:\/\/us.edu.pl\/wydzial\/wh\/wp-json\/wp\/v2\/categories?post=190415"},{"taxonomy":"post_tag","embeddable":true,"href":"https:\/\/us.edu.pl\/wydzial\/wh\/wp-json\/wp\/v2\/tags?post=190415"}],"curies":[{"name":"wp","href":"https:\/\/api.w.org\/{rel}","templated":true}]}}