{"id":191521,"date":"2025-09-01T11:54:55","date_gmt":"2025-09-01T09:54:55","guid":{"rendered":"https:\/\/us.edu.pl\/wydzial\/wh\/?p=191521"},"modified":"2025-09-01T11:54:55","modified_gmt":"2025-09-01T09:54:55","slug":"monografia-naukowa-studenta-filologii-germanskiej-jest-juz-dostepna","status":"publish","type":"post","link":"https:\/\/us.edu.pl\/wydzial\/wh\/2025\/09\/01\/monografia-naukowa-studenta-filologii-germanskiej-jest-juz-dostepna\/","title":{"rendered":"Monografia naukowa studenta Filologii Germa\u0144skiej jest ju\u017c dost\u0119pna!"},"content":{"rendered":"<p>[vc_row][vc_column width=&#8221;2\/3&#8243;]\r\n                <div class=\"text-modules\">\r\n                    <div class=\"container\">\r\n                        \r\n                        <div class=\"text-modules__content\"><p>Z rado\u015bci\u0105 informujemy, \u017ce w\u0142a\u015bnie ukaza\u0142a si\u0119 niemieckoj\u0119zyczna monografia autorstwa studenta kierunku Filologia Germa\u0144ska, pana <strong>Przemys\u0142awa Ba\u0142uta<\/strong>, pt. \u201e<em><strong>Das Stereotyp der Deutschen im polnischen Meme-Diskurs<\/strong><\/em><em>&#8222;<\/em>.<\/p>\n<p>Publikacja zaliczana do poziomu I wed\u0142ug wykazu ministerialnego zosta\u0142a wydana przez renomowane niemieckie wydawnictwo Verlag Dr. Kova\u010d z siedzib\u0105 w Hamburgu.<\/p>\n<p>Wi\u0119cej szczeg\u00f3\u0142\u00f3w dost\u0119pnych jest pod linkiem:<\/p>\n<p><a href=\"https:\/\/www.verlagdrkovac.de\/978-3-339-14600-7.htm\">https:\/\/www.verlagdrkovac.de\/978-3-339-14600-7.htm<\/a><\/p>\n<\/div>\r\n                    <\/div>\r\n                <\/div>[\/vc_column][vc_column width=&#8221;1\/3&#8243;]\r\n                <div class=\"text-modules\">\r\n                    <div class=\"container\">\r\n                        \r\n                        <div class=\"text-modules__content\"><p><img class=\"alignnone wp-image-191523 size-full\" src=\"https:\/\/us.edu.pl\/wydzial\/wh\/wp-content\/uploads\/sites\/15\/Bez-kategorii\/1-2-1.jpg\" alt=\"\" width=\"1200\" height=\"1600\" srcset=\"https:\/\/us.edu.pl\/wydzial\/wh\/wp-content\/uploads\/sites\/15\/Bez-kategorii\/1-2-1.jpg 1200w, https:\/\/us.edu.pl\/wydzial\/wh\/wp-content\/uploads\/sites\/15\/Bez-kategorii\/1-2-1-225x300.jpg 225w, https:\/\/us.edu.pl\/wydzial\/wh\/wp-content\/uploads\/sites\/15\/Bez-kategorii\/1-2-1-768x1024.jpg 768w, https:\/\/us.edu.pl\/wydzial\/wh\/wp-content\/uploads\/sites\/15\/Bez-kategorii\/1-2-1-1152x1536.jpg 1152w, https:\/\/us.edu.pl\/wydzial\/wh\/wp-content\/uploads\/sites\/15\/Bez-kategorii\/1-2-1-431x575.jpg 431w\" sizes=\"(max-width: 1200px) 100vw, 1200px\" \/><img class=\"alignnone wp-image-191524 size-full\" src=\"https:\/\/us.edu.pl\/wydzial\/wh\/wp-content\/uploads\/sites\/15\/Bez-kategorii\/2-2-1.jpg\" alt=\"\" width=\"1106\" height=\"1600\" srcset=\"https:\/\/us.edu.pl\/wydzial\/wh\/wp-content\/uploads\/sites\/15\/Bez-kategorii\/2-2-1.jpg 1106w, https:\/\/us.edu.pl\/wydzial\/wh\/wp-content\/uploads\/sites\/15\/Bez-kategorii\/2-2-1-207x300.jpg 207w, https:\/\/us.edu.pl\/wydzial\/wh\/wp-content\/uploads\/sites\/15\/Bez-kategorii\/2-2-1-708x1024.jpg 708w, https:\/\/us.edu.pl\/wydzial\/wh\/wp-content\/uploads\/sites\/15\/Bez-kategorii\/2-2-1-768x1111.jpg 768w, https:\/\/us.edu.pl\/wydzial\/wh\/wp-content\/uploads\/sites\/15\/Bez-kategorii\/2-2-1-1062x1536.jpg 1062w, https:\/\/us.edu.pl\/wydzial\/wh\/wp-content\/uploads\/sites\/15\/Bez-kategorii\/2-2-1-397x575.jpg 397w\" sizes=\"(max-width: 1106px) 100vw, 1106px\" \/><\/p>\n<\/div>\r\n                    <\/div>\r\n                <\/div>[\/vc_column][\/vc_row]<\/p>","protected":false},"excerpt":{"rendered":"<p>[vc_row][vc_column width=&#8221;2\/3&#8243;][\/vc_column][vc_column width=&#8221;1\/3&#8243;][\/vc_column][\/vc_row] [&#8230;]<\/p>\n<p><a class=\"btn btn-secondary understrap-read-more-link\" href=\"https:\/\/us.edu.pl\/wydzial\/wh\/2025\/09\/01\/monografia-naukowa-studenta-filologii-germanskiej-jest-juz-dostepna\/\">Read More&#8230;<\/a><\/p>\n","protected":false},"author":2429,"featured_media":191523,"comment_status":"open","ping_status":"open","sticky":false,"template":"","format":"standard","meta":{"_expiration-date-status":"","_expiration-date":0,"_expiration-date-type":"","_expiration-date-categories":[],"_expiration-date-options":[]},"categories":[6],"tags":[],"acf":[],"_links":{"self":[{"href":"https:\/\/us.edu.pl\/wydzial\/wh\/wp-json\/wp\/v2\/posts\/191521"}],"collection":[{"href":"https:\/\/us.edu.pl\/wydzial\/wh\/wp-json\/wp\/v2\/posts"}],"about":[{"href":"https:\/\/us.edu.pl\/wydzial\/wh\/wp-json\/wp\/v2\/types\/post"}],"author":[{"embeddable":true,"href":"https:\/\/us.edu.pl\/wydzial\/wh\/wp-json\/wp\/v2\/users\/2429"}],"replies":[{"embeddable":true,"href":"https:\/\/us.edu.pl\/wydzial\/wh\/wp-json\/wp\/v2\/comments?post=191521"}],"version-history":[{"count":1,"href":"https:\/\/us.edu.pl\/wydzial\/wh\/wp-json\/wp\/v2\/posts\/191521\/revisions"}],"predecessor-version":[{"id":191525,"href":"https:\/\/us.edu.pl\/wydzial\/wh\/wp-json\/wp\/v2\/posts\/191521\/revisions\/191525"}],"wp:featuredmedia":[{"embeddable":true,"href":"https:\/\/us.edu.pl\/wydzial\/wh\/wp-json\/wp\/v2\/media\/191523"}],"wp:attachment":[{"href":"https:\/\/us.edu.pl\/wydzial\/wh\/wp-json\/wp\/v2\/media?parent=191521"}],"wp:term":[{"taxonomy":"category","embeddable":true,"href":"https:\/\/us.edu.pl\/wydzial\/wh\/wp-json\/wp\/v2\/categories?post=191521"},{"taxonomy":"post_tag","embeddable":true,"href":"https:\/\/us.edu.pl\/wydzial\/wh\/wp-json\/wp\/v2\/tags?post=191521"}],"curies":[{"name":"wp","href":"https:\/\/api.w.org\/{rel}","templated":true}]}}