{"id":191571,"date":"2025-09-03T11:05:17","date_gmt":"2025-09-03T09:05:17","guid":{"rendered":"https:\/\/us.edu.pl\/wydzial\/wh\/?p=191571"},"modified":"2025-09-03T11:05:17","modified_gmt":"2025-09-03T09:05:17","slug":"sukces-publikacyjny-studentki-filologii-germanskiej","status":"publish","type":"post","link":"https:\/\/us.edu.pl\/wydzial\/wh\/2025\/09\/03\/sukces-publikacyjny-studentki-filologii-germanskiej\/","title":{"rendered":"Sukces publikacyjny studentki Filologii Germa\u0144skiej!"},"content":{"rendered":"<p>[vc_row][vc_column width=&#8221;2\/3&#8243; css=&#8221;.vc_custom_1756890288163{border-top-width: 2px !important;border-right-width: 2px !important;border-bottom-width: 2px !important;border-left-width: 2px !important;border-left-color: #1e73be !important;border-left-style: solid !important;border-right-color: #1e73be !important;border-right-style: solid !important;border-top-color: #1e73be !important;border-top-style: solid !important;border-bottom-color: #1e73be !important;border-bottom-style: solid !important;border-radius: 10px !important;}&#8221;]\r\n                <div class=\"text-modules\">\r\n                    <div class=\"container\">\r\n                        \r\n                        <div class=\"text-modules__content\"><p>Z rado\u015bci\u0105 informujemy, \u017ce ju\u017c wkr\u00f3tce uka\u017ce si\u0119 niemieckoj\u0119zyczna monografia naukowa autorstwa studentki kierunku Filologia Germa\u0144ska, pani <strong>Wiktorii \u015amiglewskiej<\/strong>, pt. \u201e<strong>Der Fachwortschatz im Bereich der \u00e4sthetischen Medizin im Deutschen und im Polnischen. Eine lexikographische Analyse mit einem deutsch-polnischen und polnisch-deutschen W\u00f6rterbuch<\/strong>&#8222;.<\/p>\n<p>Publikacja zaliczana do poziomu I wed\u0142ug wykazu ministerialnego zostanie wydana przez renomowane niemieckie wydawnictwo Verlag Dr. Kova\u010d z siedzib\u0105 w Hamburgu. <a href=\"https:\/\/www.verlagdrkovac.de\/978-3-339-14620-5.htm\">Wi\u0119cej szczeg\u00f3\u0142\u00f3w jest dost\u0119pnych tutaj.<\/a><\/p>\n<p>\n<\/div>\r\n                    <\/div>\r\n                <\/div>[\/vc_column][vc_column width=&#8221;1\/3&#8243;]\r\n                <div class=\"text-modules\">\r\n                    <div class=\"container\">\r\n                        \r\n                        <div class=\"text-modules__content\"><p><img class=\"alignnone size-full wp-image-191573\" src=\"https:\/\/us.edu.pl\/wydzial\/wh\/wp-content\/uploads\/sites\/15\/Bez-kategorii\/2-3-1.jpg\" alt=\"ok\u0142adka ksi\u0105\u017cki Der Fachwortschatz im Bereich der \u00e4sthetischen Medizin im Deutschen und im Polnischen. Eine lexikographische Analyse mit einem deutsch-polnischen und polnisch-deutschen W\u00f6rterbuch\" width=\"1376\" height=\"1797\" srcset=\"https:\/\/us.edu.pl\/wydzial\/wh\/wp-content\/uploads\/sites\/15\/Bez-kategorii\/2-3-1.jpg 1376w, https:\/\/us.edu.pl\/wydzial\/wh\/wp-content\/uploads\/sites\/15\/Bez-kategorii\/2-3-1-230x300.jpg 230w, https:\/\/us.edu.pl\/wydzial\/wh\/wp-content\/uploads\/sites\/15\/Bez-kategorii\/2-3-1-784x1024.jpg 784w, https:\/\/us.edu.pl\/wydzial\/wh\/wp-content\/uploads\/sites\/15\/Bez-kategorii\/2-3-1-768x1003.jpg 768w, https:\/\/us.edu.pl\/wydzial\/wh\/wp-content\/uploads\/sites\/15\/Bez-kategorii\/2-3-1-1176x1536.jpg 1176w, https:\/\/us.edu.pl\/wydzial\/wh\/wp-content\/uploads\/sites\/15\/Bez-kategorii\/2-3-1-440x575.jpg 440w\" sizes=\"(max-width: 1376px) 100vw, 1376px\" \/><\/p>\n<\/div>\r\n                    <\/div>\r\n                <\/div>[\/vc_column][\/vc_row]<\/p>","protected":false},"excerpt":{"rendered":"<p>[vc_row][vc_column width=&#8221;2\/3&#8243; css=&#8221;.vc_custom_1756890288163{border-top-width: 2px !important;border-right-width: 2px !important;border-bottom-width: 2px !important;border-left-width: 2px !important;border-left-color: #1e73be !important;border-left-style: solid !important;border-right-color: #1e73be !important;border-right-style: solid !important;border-top-color: #1e73be !important;border-top-style: solid !important;border-bottom-color: #1e73be !important;border-bottom-style: solid !important;border-radius: 10px !important;}&#8221;][\/vc_column][vc_column width=&#8221;1\/3&#8243;][\/vc_column][\/vc_row] [&#8230;]<\/p>\n<p><a class=\"btn btn-secondary understrap-read-more-link\" href=\"https:\/\/us.edu.pl\/wydzial\/wh\/2025\/09\/03\/sukces-publikacyjny-studentki-filologii-germanskiej\/\">Read More&#8230;<\/a><\/p>\n","protected":false},"author":2429,"featured_media":191572,"comment_status":"open","ping_status":"open","sticky":false,"template":"","format":"standard","meta":{"_expiration-date-status":"","_expiration-date":0,"_expiration-date-type":"","_expiration-date-categories":[],"_expiration-date-options":[]},"categories":[109,6],"tags":[],"acf":[],"_links":{"self":[{"href":"https:\/\/us.edu.pl\/wydzial\/wh\/wp-json\/wp\/v2\/posts\/191571"}],"collection":[{"href":"https:\/\/us.edu.pl\/wydzial\/wh\/wp-json\/wp\/v2\/posts"}],"about":[{"href":"https:\/\/us.edu.pl\/wydzial\/wh\/wp-json\/wp\/v2\/types\/post"}],"author":[{"embeddable":true,"href":"https:\/\/us.edu.pl\/wydzial\/wh\/wp-json\/wp\/v2\/users\/2429"}],"replies":[{"embeddable":true,"href":"https:\/\/us.edu.pl\/wydzial\/wh\/wp-json\/wp\/v2\/comments?post=191571"}],"version-history":[{"count":2,"href":"https:\/\/us.edu.pl\/wydzial\/wh\/wp-json\/wp\/v2\/posts\/191571\/revisions"}],"predecessor-version":[{"id":191575,"href":"https:\/\/us.edu.pl\/wydzial\/wh\/wp-json\/wp\/v2\/posts\/191571\/revisions\/191575"}],"wp:featuredmedia":[{"embeddable":true,"href":"https:\/\/us.edu.pl\/wydzial\/wh\/wp-json\/wp\/v2\/media\/191572"}],"wp:attachment":[{"href":"https:\/\/us.edu.pl\/wydzial\/wh\/wp-json\/wp\/v2\/media?parent=191571"}],"wp:term":[{"taxonomy":"category","embeddable":true,"href":"https:\/\/us.edu.pl\/wydzial\/wh\/wp-json\/wp\/v2\/categories?post=191571"},{"taxonomy":"post_tag","embeddable":true,"href":"https:\/\/us.edu.pl\/wydzial\/wh\/wp-json\/wp\/v2\/tags?post=191571"}],"curies":[{"name":"wp","href":"https:\/\/api.w.org\/{rel}","templated":true}]}}