{"id":193648,"date":"2025-11-19T08:04:49","date_gmt":"2025-11-19T07:04:49","guid":{"rendered":"https:\/\/us.edu.pl\/wydzial\/wh\/?p=193648"},"modified":"2025-11-19T08:04:49","modified_gmt":"2025-11-19T07:04:49","slug":"cywilizacje-magiczne-wyklad-1","status":"publish","type":"post","link":"https:\/\/us.edu.pl\/wydzial\/wh\/2025\/11\/19\/cywilizacje-magiczne-wyklad-1\/","title":{"rendered":"CYWILIZACJE MAGICZNE (wyk\u0142ad 1)"},"content":{"rendered":"<p>[vc_row][vc_column width=&#8221;2\/3&#8243;]\r\n                <div class=\"text-modules\">\r\n                    <div class=\"container\">\r\n                        \r\n                        <div class=\"text-modules__content\"><\/p>\n<p style=\"text-align: center;\"><strong>CYWILIZACJE MAGICZNE<\/strong><\/p>\n<p style=\"text-align: center;\"><strong>cykl go\u015bcinnych wyk\u0142ad\u00f3w otwartych archeologa dr. Filipa Taterki z Polskiej Akademii Nauk<\/strong><\/p>\n<p style=\"text-align: center;\"><strong>na mediteranistyce Uniwersytetu \u015al\u0105skiego<\/strong><\/p>\n<p>&nbsp;<\/p>\n<p><strong>Prowadz\u0105cy: dr Filip Taterka<\/strong>, archeolog, Polska Akademia Nauk<\/p>\n<p><strong>Wyk\u0142ad 1: <em>Magia w staro\u017cytnym Egipcie \u2013 pr\u00f3ba definicji<\/em><\/strong><\/p>\n<p><strong>Termin: 21.11.2025 (pi\u0105tek), godz. 13.45<\/strong><\/p>\n<p><strong>O wyk\u0142adzie:<\/strong> Staro\u017cytni Egipcjanie uwa\u017cali magi\u0119 za jedn\u0105 najwa\u017cniejszych si\u0142 rz\u0105dz\u0105cych \u015bwiatem, umo\u017cliwiaj\u0105c\u0105 zar\u00f3wno tworzenie, jak i niszczenie. W ramach cyklu wyk\u0142ad\u00f3w przyjrzymy si\u0119 rozmaitym aspektom egipskiej magii. Wyk\u0142ad wprowadzaj\u0105cy stanowi\u0107 b\u0119dzie pr\u00f3b\u0119 zdefiniowania egipskiego poj\u0119cia <em>heka<\/em>, tradycyjnie t\u0142umaczonego jako \u201emagia\u201d, ze szczeg\u00f3lnym uwzgl\u0119dnieniem r\u00f3\u017cnic pomi\u0119dzy egipskim pojmowaniem tego terminu a wsp\u00f3\u0142czesnymi definicjami magii.<\/p>\n<p>&nbsp;<\/p>\n<p><strong>Zapraszamy wszystkich zainteresowanych tematyk\u0105. Link do spotka\u0144 udost\u0119pnia dr Agata Sowi\u0144ska (agata.sowinska@us.edu.pl).<\/strong><\/p>\n<p>Plakat mo\u017cna znale\u017a\u0107 &#8211; <a href=\"https:\/\/us.edu.pl\/wydzial\/wh\/wp-content\/uploads\/sites\/15\/Bez-kategorii\/Magia_1_plakat.pdf\" class=\"mtli_attachment mtli_pdf\" data-mtli=\"mtli_filesize214,57kB\" class=\"mtli_attachment mtli_pdf\" data-mtli=\"mtli_filesize214,57kB\">tutaj<\/a>.<\/p>\n<style type=\"text\/css\">a[data-mtli~=\"mtli_filesize214,57kB\"]:after {content:\" (214,57 kB)\"}<\/style><\/div>\r\n                    <\/div>\r\n                <\/div>[\/vc_column][vc_column width=&#8221;1\/3&#8243;]\r\n                <div class=\"text-modules\">\r\n                    <div class=\"container\">\r\n                        \r\n                        <div class=\"text-modules__content\"><p><img class=\"alignnone size-full wp-image-187064\" src=\"https:\/\/us.edu.pl\/wydzial\/wh\/wp-content\/uploads\/sites\/15\/OBRAZKI-WYROZNIAJACE\/seminarium3.png\" alt=\"uj\u0119cie zza plec\u00f3w osoby prowadz\u0105cej seminarium, w tle publiczno\u015b\u0107\" width=\"800\" height=\"600\" srcset=\"https:\/\/us.edu.pl\/wydzial\/wh\/wp-content\/uploads\/sites\/15\/OBRAZKI-WYROZNIAJACE\/seminarium3.png 800w, https:\/\/us.edu.pl\/wydzial\/wh\/wp-content\/uploads\/sites\/15\/OBRAZKI-WYROZNIAJACE\/seminarium3-300x225.png 300w, https:\/\/us.edu.pl\/wydzial\/wh\/wp-content\/uploads\/sites\/15\/OBRAZKI-WYROZNIAJACE\/seminarium3-768x576.png 768w, https:\/\/us.edu.pl\/wydzial\/wh\/wp-content\/uploads\/sites\/15\/OBRAZKI-WYROZNIAJACE\/seminarium3-575x431.png 575w\" sizes=\"(max-width: 800px) 100vw, 800px\" \/><\/p>\n<\/div>\r\n                    <\/div>\r\n                <\/div>[\/vc_column][\/vc_row]<\/p>\n<style type=\"text\/css\">a[data-mtli~=\"mtli_filesize214,57kB\"]:after {content:\" (214,57 kB)\"}<\/style>","protected":false},"excerpt":{"rendered":"<p>[vc_row][vc_column width=&#8221;2\/3&#8243;][\/vc_column][vc_column width=&#8221;1\/3&#8243;][\/vc_column][\/vc_row] [&#8230;]<\/p>\n<p><a class=\"btn btn-secondary understrap-read-more-link\" href=\"https:\/\/us.edu.pl\/wydzial\/wh\/2025\/11\/19\/cywilizacje-magiczne-wyklad-1\/\">Read More&#8230;<\/a><\/p>\n","protected":false},"author":7256,"featured_media":187064,"comment_status":"open","ping_status":"open","sticky":false,"template":"","format":"standard","meta":{"_expiration-date-status":"","_expiration-date":0,"_expiration-date-type":"","_expiration-date-categories":[],"_expiration-date-options":[]},"categories":[6,12],"tags":[],"acf":[],"_links":{"self":[{"href":"https:\/\/us.edu.pl\/wydzial\/wh\/wp-json\/wp\/v2\/posts\/193648"}],"collection":[{"href":"https:\/\/us.edu.pl\/wydzial\/wh\/wp-json\/wp\/v2\/posts"}],"about":[{"href":"https:\/\/us.edu.pl\/wydzial\/wh\/wp-json\/wp\/v2\/types\/post"}],"author":[{"embeddable":true,"href":"https:\/\/us.edu.pl\/wydzial\/wh\/wp-json\/wp\/v2\/users\/7256"}],"replies":[{"embeddable":true,"href":"https:\/\/us.edu.pl\/wydzial\/wh\/wp-json\/wp\/v2\/comments?post=193648"}],"version-history":[{"count":1,"href":"https:\/\/us.edu.pl\/wydzial\/wh\/wp-json\/wp\/v2\/posts\/193648\/revisions"}],"predecessor-version":[{"id":193653,"href":"https:\/\/us.edu.pl\/wydzial\/wh\/wp-json\/wp\/v2\/posts\/193648\/revisions\/193653"}],"wp:featuredmedia":[{"embeddable":true,"href":"https:\/\/us.edu.pl\/wydzial\/wh\/wp-json\/wp\/v2\/media\/187064"}],"wp:attachment":[{"href":"https:\/\/us.edu.pl\/wydzial\/wh\/wp-json\/wp\/v2\/media?parent=193648"}],"wp:term":[{"taxonomy":"category","embeddable":true,"href":"https:\/\/us.edu.pl\/wydzial\/wh\/wp-json\/wp\/v2\/categories?post=193648"},{"taxonomy":"post_tag","embeddable":true,"href":"https:\/\/us.edu.pl\/wydzial\/wh\/wp-json\/wp\/v2\/tags?post=193648"}],"curies":[{"name":"wp","href":"https:\/\/api.w.org\/{rel}","templated":true}]}}