{"id":193909,"date":"2025-11-28T14:34:13","date_gmt":"2025-11-28T13:34:13","guid":{"rendered":"https:\/\/us.edu.pl\/wydzial\/wh\/?p=193909"},"modified":"2025-11-28T14:46:27","modified_gmt":"2025-11-28T13:46:27","slug":"miedzynarodowa-konferencja-naukowa-linguistik-zwischen-theorie-und-praxis-dynamik-wandel-innovationen-13-14-11-2026","status":"publish","type":"post","link":"https:\/\/us.edu.pl\/wydzial\/wh\/2025\/11\/28\/miedzynarodowa-konferencja-naukowa-linguistik-zwischen-theorie-und-praxis-dynamik-wandel-innovationen-13-14-11-2026\/","title":{"rendered":"Mi\u0119dzynarodowa konferencja naukowa: &#8222;Linguistische Juniorentreffen in Wroc\u0142aw und in Katowice V&#8221; (13-14.11.2026)"},"content":{"rendered":"<p>[vc_row][vc_column width=&#8221;2\/3&#8243;]\r\n                <div class=\"text-modules\">\r\n                    <div class=\"container\">\r\n                        \r\n                        <div class=\"text-modules__content\"><p>W dniach <strong>13-14 listopada 2026 r. <\/strong>odb\u0119dzie si\u0119 pi\u0105ta edycja mi\u0119dzynarodowej konferencji naukowej dedykowanej m\u0142odym badacz(k)om: student(k)om i doktorant(k)om.<\/p>\n<p>&nbsp;<\/p>\n<p>Temat ramowy\u00a0konferencji brzmi:<\/p>\n<p><strong>LINGUISTIK ZWISCHEN THEORIE UND PRAXIS \u2013 DYNAMIK, WANDEL, INNOVATIONEN \/<\/strong><\/p>\n<p><strong>J\u0118ZYKOZNAWSTWO MI\u0118DZY TEORI\u0104 I PRAKTYK\u0104 \u2013 DYNAMIKA, ZMIANY, INNOWACJE \/<\/strong><strong><br \/>\nLINGUISTICS BETWEEN THEORY AND PRACTICE \u2013 DYNAMICS, CHANGES, INNOVATIONS<\/strong><\/p>\n<p>&nbsp;<\/p>\n<p>Konferencja jest organizowana przez Zak\u0142ad Lingwistyki Stosowanej, Zak\u0142ad J\u0119zyka Niemieckiego, J\u0119zykoznawcze Ko\u0142o Naukowe Germanist\u00f3w IFG UWr we wsp\u00f3\u0142pracy z Uniwersytetem \u015al\u0105skim w Katowicach reprezentowanym przez J\u0119zykoznawcze Ko\u0142o Naukowe <a href=\"https:\/\/www.facebook.com\/profile.php?id=61574707423123\">Lingua Germanica<\/a>.<\/p>\n<p>&nbsp;<\/p>\n<p><strong>Termin rejestracji udzia\u0142u w konferencji: <\/strong>15 wrze\u015bnia 2026 r.<\/p>\n<p>&nbsp;<\/p>\n<p><strong>Formularz rejestracji udzia\u0142u jest dost\u0119pny pod linkiem<\/strong>: <a href=\"https:\/\/forms.office.com\/e\/ZZrqsTguq2\">https:\/\/forms.office.com\/e\/ZZrqsTguq2<\/a><\/p>\n<p>&nbsp;<\/p>\n<p><strong>J\u0119zyki konferencji<\/strong>: niemiecki, angielski i polski<\/p>\n<p>&nbsp;<\/p>\n<p>Szczeg\u00f3\u0142owe informacje dost\u0119pne na stronie &#8211; <a href=\"https:\/\/www.ifg.uni.wroc.pl\/wydarzenia\/miedzynarodowa-konferencja-studencko-doktorancka-linguistische-juniorentreffen-in-wroclaw-und-in-katowice-v-13-14-listopada-2026\/\">tutaj<\/a>.<\/p>\n<p>Kontakt: <a href=\"mailto:mariusz.jakosz@us.edu.pl\">mariusz.jakosz@us.edu.pl<\/a><\/p>\n<p>&nbsp;<\/p>\n<p>Serdecznie zapraszamy do udzia\u0142u w konferencji!<\/p>\n<\/div>\r\n                    <\/div>\r\n                <\/div>[\/vc_column][vc_column width=&#8221;1\/3&#8243;]\r\n                <div class=\"text-modules\">\r\n                    <div class=\"container\">\r\n                        \r\n                        <div class=\"text-modules__content\"><p><img class=\"alignnone size-full wp-image-193910\" src=\"https:\/\/us.edu.pl\/wydzial\/wh\/wp-content\/uploads\/sites\/15\/Bez-kategorii\/CfP_2026_PL-scaled.jpg\" alt=\"\" width=\"1811\" height=\"2560\" srcset=\"https:\/\/us.edu.pl\/wydzial\/wh\/wp-content\/uploads\/sites\/15\/Bez-kategorii\/CfP_2026_PL-scaled.jpg 1811w, https:\/\/us.edu.pl\/wydzial\/wh\/wp-content\/uploads\/sites\/15\/Bez-kategorii\/CfP_2026_PL-212x300.jpg 212w, https:\/\/us.edu.pl\/wydzial\/wh\/wp-content\/uploads\/sites\/15\/Bez-kategorii\/CfP_2026_PL-724x1024.jpg 724w, https:\/\/us.edu.pl\/wydzial\/wh\/wp-content\/uploads\/sites\/15\/Bez-kategorii\/CfP_2026_PL-768x1086.jpg 768w, https:\/\/us.edu.pl\/wydzial\/wh\/wp-content\/uploads\/sites\/15\/Bez-kategorii\/CfP_2026_PL-1086x1536.jpg 1086w, https:\/\/us.edu.pl\/wydzial\/wh\/wp-content\/uploads\/sites\/15\/Bez-kategorii\/CfP_2026_PL-1448x2048.jpg 1448w, https:\/\/us.edu.pl\/wydzial\/wh\/wp-content\/uploads\/sites\/15\/Bez-kategorii\/CfP_2026_PL-407x575.jpg 407w\" sizes=\"(max-width: 1811px) 100vw, 1811px\" \/><\/p>\n<\/div>\r\n                    <\/div>\r\n                <\/div>[\/vc_column][\/vc_row]<\/p>","protected":false},"excerpt":{"rendered":"<p>[vc_row][vc_column width=&#8221;2\/3&#8243;][\/vc_column][vc_column width=&#8221;1\/3&#8243;][\/vc_column][\/vc_row] [&#8230;]<\/p>\n<p><a class=\"btn btn-secondary understrap-read-more-link\" href=\"https:\/\/us.edu.pl\/wydzial\/wh\/2025\/11\/28\/miedzynarodowa-konferencja-naukowa-linguistik-zwischen-theorie-und-praxis-dynamik-wandel-innovationen-13-14-11-2026\/\">Read More&#8230;<\/a><\/p>\n","protected":false},"author":7256,"featured_media":180064,"comment_status":"open","ping_status":"open","sticky":false,"template":"","format":"standard","meta":{"_expiration-date-status":"","_expiration-date":0,"_expiration-date-type":"","_expiration-date-categories":[],"_expiration-date-options":[]},"categories":[6,8],"tags":[],"acf":[],"_links":{"self":[{"href":"https:\/\/us.edu.pl\/wydzial\/wh\/wp-json\/wp\/v2\/posts\/193909"}],"collection":[{"href":"https:\/\/us.edu.pl\/wydzial\/wh\/wp-json\/wp\/v2\/posts"}],"about":[{"href":"https:\/\/us.edu.pl\/wydzial\/wh\/wp-json\/wp\/v2\/types\/post"}],"author":[{"embeddable":true,"href":"https:\/\/us.edu.pl\/wydzial\/wh\/wp-json\/wp\/v2\/users\/7256"}],"replies":[{"embeddable":true,"href":"https:\/\/us.edu.pl\/wydzial\/wh\/wp-json\/wp\/v2\/comments?post=193909"}],"version-history":[{"count":4,"href":"https:\/\/us.edu.pl\/wydzial\/wh\/wp-json\/wp\/v2\/posts\/193909\/revisions"}],"predecessor-version":[{"id":193916,"href":"https:\/\/us.edu.pl\/wydzial\/wh\/wp-json\/wp\/v2\/posts\/193909\/revisions\/193916"}],"wp:featuredmedia":[{"embeddable":true,"href":"https:\/\/us.edu.pl\/wydzial\/wh\/wp-json\/wp\/v2\/media\/180064"}],"wp:attachment":[{"href":"https:\/\/us.edu.pl\/wydzial\/wh\/wp-json\/wp\/v2\/media?parent=193909"}],"wp:term":[{"taxonomy":"category","embeddable":true,"href":"https:\/\/us.edu.pl\/wydzial\/wh\/wp-json\/wp\/v2\/categories?post=193909"},{"taxonomy":"post_tag","embeddable":true,"href":"https:\/\/us.edu.pl\/wydzial\/wh\/wp-json\/wp\/v2\/tags?post=193909"}],"curies":[{"name":"wp","href":"https:\/\/api.w.org\/{rel}","templated":true}]}}