{"id":194090,"date":"2025-12-09T07:48:19","date_gmt":"2025-12-09T06:48:19","guid":{"rendered":"https:\/\/us.edu.pl\/wydzial\/wh\/?p=194090"},"modified":"2025-12-09T07:48:19","modified_gmt":"2025-12-09T06:48:19","slug":"cywilizacje-magiczne-wyklad-4-seten","status":"publish","type":"post","link":"https:\/\/us.edu.pl\/wydzial\/wh\/2025\/12\/09\/cywilizacje-magiczne-wyklad-4-seten\/","title":{"rendered":"CYWILIZACJE MAGICZNE (wyk\u0142ad 4: Seten)"},"content":{"rendered":"<p>[vc_row][vc_column width=&#8221;2\/3&#8243;]\r\n                <div class=\"text-modules\">\r\n                    <div class=\"container\">\r\n                        \r\n                        <div class=\"text-modules__content\"><\/p>\n<p style=\"text-align: center;\"><strong>CYWILIZACJE MAGICZNE<\/strong><\/p>\n<p style=\"text-align: center;\"><strong>cykl go\u015bcinnych wyk\u0142ad\u00f3w otwartych archeologa dr. Filipa Taterki z Polskiej Akademii Nauk<\/strong><\/p>\n<p style=\"text-align: center;\"><strong>na mediteranistyce Uniwersytetu \u015al\u0105skiego<\/strong><\/p>\n<p>&nbsp;<\/p>\n<p><strong>Prowadz\u0105cy: dr Filip Taterka<\/strong>, archeolog, Polska Akademia Nauk<\/p>\n<p><strong>Wyk\u0142ad 4: <em>Ksi\u0105\u017c\u0119 Seten i zw\u00f3j Thota<\/em><\/strong><\/p>\n<p><strong>Termin: 12.12.2025 (pi\u0105tek), godz. 13.45 (online: MS Teams)<\/strong><\/p>\n<p><strong>O wyk\u0142adzie:<\/strong> Cha-em-Uaset, czwarty syn Ramzesa II z XIX dynastii, znany by\u0142 ze swego zami\u0142owania do wiedzy i, przede wszystkim, dawnych monument\u00f3w. Jego zas\u0142ugi by\u0142y tak wielkie, \u017ce zosta\u0142 on unie\u015bmiertelniony w cyklu demotycznych opowie\u015bci o Setenie. Jedna z nich opowiada o tym, jak ksi\u0105\u017c\u0119 Seten poszukiwa\u0142 magicznego zwoju Thota, boga m\u0105dro\u015bci. W poszukiwaniu papirusu Seten dotar\u0142 do grobowca, w kt\u00f3rym ku swemu zdziwieniu, napotka\u0142 troje nieumar\u0142ych, kt\u00f3rych dopad\u0142a straszliwa kl\u0105twa zwoju boga m\u0105dro\u015bci.<\/p>\n<p>&nbsp;<\/p>\n<p><strong>Zapraszamy wszystkich zainteresowanych tematyk\u0105. Link do spotka\u0144 udost\u0119pnia dr Agata Sowi\u0144ska (agata.sowinska@us.edu.pl).<\/strong><\/p>\n<p>&nbsp;<\/p>\n<p>Plakat mo\u017cna znale\u017a\u0107 &#8211; <a href=\"https:\/\/us.edu.pl\/wydzial\/wh\/wp-content\/uploads\/sites\/15\/Bez-kategorii\/Magia_4_plakat.pdf\" class=\"mtli_attachment mtli_pdf\" data-mtli=\"mtli_filesize492,07kB\" class=\"mtli_attachment mtli_pdf\" data-mtli=\"mtli_filesize492,07kB\">tutaj<\/a>.<\/p>\n<style type=\"text\/css\">a[data-mtli~=\"mtli_filesize492,07kB\"]:after {content:\" (492,07 kB)\"}<\/style><\/div>\r\n                    <\/div>\r\n                <\/div>[\/vc_column][vc_column width=&#8221;1\/3&#8243;]\r\n                <div class=\"text-modules\">\r\n                    <div class=\"container\">\r\n                        \r\n                        <div class=\"text-modules__content\"><p><img class=\"alignnone size-full wp-image-187064\" src=\"https:\/\/us.edu.pl\/wydzial\/wh\/wp-content\/uploads\/sites\/15\/OBRAZKI-WYROZNIAJACE\/seminarium3.png\" alt=\"uj\u0119cie zza plec\u00f3w osoby prowadz\u0105cej seminarium, w tle publiczno\u015b\u0107\" width=\"800\" height=\"600\" srcset=\"https:\/\/us.edu.pl\/wydzial\/wh\/wp-content\/uploads\/sites\/15\/OBRAZKI-WYROZNIAJACE\/seminarium3.png 800w, https:\/\/us.edu.pl\/wydzial\/wh\/wp-content\/uploads\/sites\/15\/OBRAZKI-WYROZNIAJACE\/seminarium3-300x225.png 300w, https:\/\/us.edu.pl\/wydzial\/wh\/wp-content\/uploads\/sites\/15\/OBRAZKI-WYROZNIAJACE\/seminarium3-768x576.png 768w, https:\/\/us.edu.pl\/wydzial\/wh\/wp-content\/uploads\/sites\/15\/OBRAZKI-WYROZNIAJACE\/seminarium3-575x431.png 575w\" sizes=\"(max-width: 800px) 100vw, 800px\" \/><\/p>\n<\/div>\r\n                    <\/div>\r\n                <\/div>[\/vc_column][\/vc_row]<\/p>\n<style type=\"text\/css\">a[data-mtli~=\"mtli_filesize492,07kB\"]:after {content:\" (492,07 kB)\"}<\/style>","protected":false},"excerpt":{"rendered":"<p>[vc_row][vc_column width=&#8221;2\/3&#8243;][\/vc_column][vc_column width=&#8221;1\/3&#8243;][\/vc_column][\/vc_row] [&#8230;]<\/p>\n<p><a class=\"btn btn-secondary understrap-read-more-link\" href=\"https:\/\/us.edu.pl\/wydzial\/wh\/2025\/12\/09\/cywilizacje-magiczne-wyklad-4-seten\/\">Read More&#8230;<\/a><\/p>\n","protected":false},"author":7256,"featured_media":187064,"comment_status":"open","ping_status":"open","sticky":false,"template":"","format":"standard","meta":{"_expiration-date-status":"","_expiration-date":0,"_expiration-date-type":"","_expiration-date-categories":[],"_expiration-date-options":[]},"categories":[6,12],"tags":[],"acf":[],"_links":{"self":[{"href":"https:\/\/us.edu.pl\/wydzial\/wh\/wp-json\/wp\/v2\/posts\/194090"}],"collection":[{"href":"https:\/\/us.edu.pl\/wydzial\/wh\/wp-json\/wp\/v2\/posts"}],"about":[{"href":"https:\/\/us.edu.pl\/wydzial\/wh\/wp-json\/wp\/v2\/types\/post"}],"author":[{"embeddable":true,"href":"https:\/\/us.edu.pl\/wydzial\/wh\/wp-json\/wp\/v2\/users\/7256"}],"replies":[{"embeddable":true,"href":"https:\/\/us.edu.pl\/wydzial\/wh\/wp-json\/wp\/v2\/comments?post=194090"}],"version-history":[{"count":1,"href":"https:\/\/us.edu.pl\/wydzial\/wh\/wp-json\/wp\/v2\/posts\/194090\/revisions"}],"predecessor-version":[{"id":194092,"href":"https:\/\/us.edu.pl\/wydzial\/wh\/wp-json\/wp\/v2\/posts\/194090\/revisions\/194092"}],"wp:featuredmedia":[{"embeddable":true,"href":"https:\/\/us.edu.pl\/wydzial\/wh\/wp-json\/wp\/v2\/media\/187064"}],"wp:attachment":[{"href":"https:\/\/us.edu.pl\/wydzial\/wh\/wp-json\/wp\/v2\/media?parent=194090"}],"wp:term":[{"taxonomy":"category","embeddable":true,"href":"https:\/\/us.edu.pl\/wydzial\/wh\/wp-json\/wp\/v2\/categories?post=194090"},{"taxonomy":"post_tag","embeddable":true,"href":"https:\/\/us.edu.pl\/wydzial\/wh\/wp-json\/wp\/v2\/tags?post=194090"}],"curies":[{"name":"wp","href":"https:\/\/api.w.org\/{rel}","templated":true}]}}