{"id":19556,"date":"2022-04-05T09:28:04","date_gmt":"2022-04-05T07:28:04","guid":{"rendered":"https:\/\/us.edu.pl\/wydzial\/wh\/?p=19556"},"modified":"2022-04-05T09:31:04","modified_gmt":"2022-04-05T07:31:04","slug":"nabor-uzupelniajacy-na-bezplatne-szkolenia-dla-studentow-z-obslugi-adobe-photoshop-i-indesign-na-poziomie-zaawansowanym","status":"publish","type":"post","link":"https:\/\/us.edu.pl\/wydzial\/wh\/2022\/04\/05\/nabor-uzupelniajacy-na-bezplatne-szkolenia-dla-studentow-z-obslugi-adobe-photoshop-i-indesign-na-poziomie-zaawansowanym\/","title":{"rendered":"Nab\u00f3r uzupe\u0142niaj\u0105cy na bezp\u0142atne szkolenia dla student\u00f3w z obs\u0142ugi Adobe Photoshop i InDesign na poziomie zaawansowanym"},"content":{"rendered":"<p>[vc_row][vc_column width=&#8221;2\/3&#8243;]\r\n                <div class=\"text-modules\">\r\n                    <div class=\"container\">\r\n                        \r\n                        <div class=\"text-modules__content\"><p>Trwa nab\u00f3r uzupe\u0142niaj\u0105cy na bezp\u0142atne szkolenia z obs\u0142ugi program\u00f3w Adobe Photoshop (na poziomie zaawansowanym) i InDesign (na poziomie zaawansowanym), kt\u00f3re poprowadz\u0105 specjali\u015bci z zakresu IT.<\/p>\n<p>Dzi\u0119ki warsztatom adresowanym do wszystkich student\u00f3w Wydzia\u0142u Humanistycznego U\u015a studi\u00f3w stacjonarnych b\u0119d\u0105cych na 2. i 3. roku studi\u00f3w licencjackich oraz na 1. i 2. roku studi\u00f3w magisterskich, zostan\u0105 podniesione kwalifikacje w zakresie obs\u0142ugi program\u00f3w wymaganych w wi\u0119kszo\u015bci miejsc potencjalnego zatrudnienia. Dobra znajomo\u015b\u0107 podstawowych narz\u0119dzi graficznych stanowi licz\u0105c\u0105 si\u0119 na rynku pracy umiej\u0119tno\u015b\u0107.<\/p>\n<p><strong>Rekrutacja potrwa do 22 kwietnia 2022 roku.<\/strong> Wydrukowane i podpisane dokumenty rekrutacyjne (wraz z informacj\u0105 jakie szkolenie: Photoshop\/InDesign i kt\u00f3ra grupa: 1 lub 2) <strong>nale\u017cy z\u0142o\u017cy\u0107 w Biurze ds. Projekt\u00f3w Og\u00f3lnouczelnianych u p. El\u017cbiety Moczulskiej (rektorat U\u015a, ul. Bankowa 12, pok\u00f3j 0.35).<\/strong><\/p>\n<p>Liczba miejsc jest ograniczona. Zaj\u0119cia odbywa\u0107 si\u0119 b\u0119d\u0105 stacjonarnie w Katowicach. W razie jakichkolwiek w\u0105tpliwo\u015bci nale\u017cy si\u0119 skontaktowa\u0107 z koordynator merytoryczn\u0105 projektu na Wydziale Humanistycznym <a href=\"https:\/\/us.edu.pl\/instytut\/il\/osoby\/agnieszka-necka-czapska\/\"><strong>dr hab. Agnieszk\u0105 N\u0119ck\u0105-Czapsk\u0105, prof. U\u015a<\/strong><\/a> (agnieszka.necka@us.edu.pl).<\/p>\n<p>&nbsp;<\/p>\n<p><strong>Terminy szkole\u0144<\/strong><\/p>\n<p><strong>Photoshop zaawansowany<\/strong> (Katowice, Wita Stwosza 3, pi\u0119tro II)<\/p>\n<p>Grupa 1:<\/p>\n<ul>\n<li>4 maja w godz. 13.45-18.30<\/li>\n<li>5 maja w godz. 13.45-18.30<\/li>\n<li>6 maja w godz. 13.45-18.30<\/li>\n<li>7 maja w godz. 9.00-13.45<\/li>\n<\/ul>\n<p>Grupa 2:<\/p>\n<ul>\n<li>30 maja w godz. 13.45-18.30<\/li>\n<li>31 maja w godz. 13.45-18.30<\/li>\n<li>1 czerwca w godz. 13.45-18.30<\/li>\n<li>2 czerwca w godz. 13.45-18.00<\/li>\n<\/ul>\n<p>&nbsp;<\/p>\n<p><strong>InDesign zaawansowany<\/strong> (Katowice, Wita Stwosza 3, pi\u0119tro II)<\/p>\n<p>Grupa 1:<\/p>\n<ul>\n<li>16 maja w godz. 13.45-18.30<\/li>\n<li>17 maja w godz. 13.45-18.30<\/li>\n<li>18 maja w godz. 13.45-18.30<\/li>\n<li>19 maja w godz. 13.45-18.30<\/li>\n<\/ul>\n<p>&nbsp;<\/p>\n<p>Grupa 2:<\/p>\n<ul>\n<li>23 maja w godz. 13.45-18.30<\/li>\n<li>24 maja w godz. 13.45-18.30<\/li>\n<li>25 maja w godz. 13.45-18.30<\/li>\n<li>26 maja w godz. 13.45-18.00<\/li>\n<\/ul>\n<p>&nbsp;<\/p>\n<p>Szkolenia s\u0105 realizowane w ramach projektu pn. \u201eZintegrowany Program Rozwoju Uniwersytetu \u015al\u0105skiego\u201d wsp\u00f3\u0142finansowanego ze \u015brodk\u00f3w Unii Europejskiej w ramach \u015brodk\u00f3w Europejskiego Funduszu Spo\u0142ecznego, Program Operacyjny Wiedza Edukacja Rozw\u00f3j, O\u015b Priorytetowa III Szkolnictwo wy\u017csze dla gospodarki i rozwoju, Dzia\u0142anie 3.5. Kompleksowe programy szk\u00f3\u0142 wy\u017cszych.<\/p>\n<p>&nbsp;<\/p>\n<p><strong>Dokumenty do pobrania: <a href=\"https:\/\/us.edu.pl\/wydzial\/wh\/wp-content\/uploads\/sites\/15\/Nieprzypisane\/Formularze-rekrutacyjne-I-zintegrowany-1-2.pdf\" class=\"mtli_attachment mtli_pdf\" data-mtli=\"mtli_filesize588,47kB\" class=\"mtli_attachment mtli_pdf\" data-mtli=\"mtli_filesize588,47kB\">Formularze rekrutacyjne<\/a><\/strong><\/p>\n<style type=\"text\/css\">a[data-mtli~=\"mtli_filesize588,47kB\"]:after {content:\" (588,47 kB)\"}<\/style><\/div>\r\n                    <\/div>\r\n                <\/div>[\/vc_column][vc_column width=&#8221;1\/3&#8243;]\r\n                <div class=\"text-modules\">\r\n                    <div class=\"container\">\r\n                        \r\n                        <div class=\"text-modules__content\"><p><img class=\"alignnone wp-image-11609 size-full\" src=\"https:\/\/us.edu.pl\/wydzial\/wh\/wp-content\/uploads\/sites\/15\/OBRAZKI-WYR\u00d3\u017bNIAJ\u0104CE\/startup-593341_640.jpg\" alt=\"st\u00f3\u0142 na kt\u00f3rym le\u017cy laptop oraz notesy z notatkami, wida\u0107 d\u0142onie siedz\u0105cych przy nim ludzi\" width=\"640\" height=\"426\" srcset=\"https:\/\/us.edu.pl\/wydzial\/wh\/wp-content\/uploads\/sites\/15\/OBRAZKI-WYR\u00d3\u017bNIAJ\u0104CE\/startup-593341_640.jpg 640w, https:\/\/us.edu.pl\/wydzial\/wh\/wp-content\/uploads\/sites\/15\/OBRAZKI-WYR\u00d3\u017bNIAJ\u0104CE\/startup-593341_640-300x200.jpg 300w, https:\/\/us.edu.pl\/wydzial\/wh\/wp-content\/uploads\/sites\/15\/OBRAZKI-WYR\u00d3\u017bNIAJ\u0104CE\/startup-593341_640-575x383.jpg 575w\" sizes=\"(max-width: 640px) 100vw, 640px\" \/><\/p>\n<\/div>\r\n                    <\/div>\r\n                <\/div>[\/vc_column][\/vc_row]<\/p>\n<style type=\"text\/css\">a[data-mtli~=\"mtli_filesize588,47kB\"]:after {content:\" (588,47 kB)\"}<\/style>","protected":false},"excerpt":{"rendered":"<p>[vc_row][vc_column width=&#8221;2\/3&#8243;][\/vc_column][vc_column width=&#8221;1\/3&#8243;][\/vc_column][\/vc_row] [&#8230;]<\/p>\n<p><a class=\"btn btn-secondary understrap-read-more-link\" href=\"https:\/\/us.edu.pl\/wydzial\/wh\/2022\/04\/05\/nabor-uzupelniajacy-na-bezplatne-szkolenia-dla-studentow-z-obslugi-adobe-photoshop-i-indesign-na-poziomie-zaawansowanym\/\">Read More&#8230;<\/a><\/p>\n","protected":false},"author":2430,"featured_media":11609,"comment_status":"open","ping_status":"open","sticky":false,"template":"","format":"standard","meta":{"_expiration-date-status":"saved","_expiration-date":0,"_expiration-date-type":"","_expiration-date-categories":[],"_expiration-date-options":[]},"categories":[32,6],"tags":[],"acf":[],"_links":{"self":[{"href":"https:\/\/us.edu.pl\/wydzial\/wh\/wp-json\/wp\/v2\/posts\/19556"}],"collection":[{"href":"https:\/\/us.edu.pl\/wydzial\/wh\/wp-json\/wp\/v2\/posts"}],"about":[{"href":"https:\/\/us.edu.pl\/wydzial\/wh\/wp-json\/wp\/v2\/types\/post"}],"author":[{"embeddable":true,"href":"https:\/\/us.edu.pl\/wydzial\/wh\/wp-json\/wp\/v2\/users\/2430"}],"replies":[{"embeddable":true,"href":"https:\/\/us.edu.pl\/wydzial\/wh\/wp-json\/wp\/v2\/comments?post=19556"}],"version-history":[{"count":1,"href":"https:\/\/us.edu.pl\/wydzial\/wh\/wp-json\/wp\/v2\/posts\/19556\/revisions"}],"predecessor-version":[{"id":19558,"href":"https:\/\/us.edu.pl\/wydzial\/wh\/wp-json\/wp\/v2\/posts\/19556\/revisions\/19558"}],"wp:featuredmedia":[{"embeddable":true,"href":"https:\/\/us.edu.pl\/wydzial\/wh\/wp-json\/wp\/v2\/media\/11609"}],"wp:attachment":[{"href":"https:\/\/us.edu.pl\/wydzial\/wh\/wp-json\/wp\/v2\/media?parent=19556"}],"wp:term":[{"taxonomy":"category","embeddable":true,"href":"https:\/\/us.edu.pl\/wydzial\/wh\/wp-json\/wp\/v2\/categories?post=19556"},{"taxonomy":"post_tag","embeddable":true,"href":"https:\/\/us.edu.pl\/wydzial\/wh\/wp-json\/wp\/v2\/tags?post=19556"}],"curies":[{"name":"wp","href":"https:\/\/api.w.org\/{rel}","templated":true}]}}