{"id":196066,"date":"2026-02-27T15:37:07","date_gmt":"2026-02-27T14:37:07","guid":{"rendered":"https:\/\/us.edu.pl\/wydzial\/wh\/?p=196066"},"modified":"2026-02-27T15:39:32","modified_gmt":"2026-02-27T14:39:32","slug":"finansowanie-dla-projektu-z-wydzialu-humanistycznego-w-ramach-narodowego-centrum-nauki","status":"publish","type":"post","link":"https:\/\/us.edu.pl\/wydzial\/wh\/2026\/02\/27\/finansowanie-dla-projektu-z-wydzialu-humanistycznego-w-ramach-narodowego-centrum-nauki\/","title":{"rendered":"Finansowanie dla projektu z Wydzia\u0142u Humanistycznego w ramach Narodowego Centrum Nauki"},"content":{"rendered":"<p>[vc_row][vc_column width=&#8221;2\/3&#8243; css=&#8221;.vc_custom_1764317558687{border-top-width: 2px !important;border-right-width: 2px !important;border-bottom-width: 2px !important;border-left-width: 2px !important;background-color: #e2e2e2 !important;border-left-color: #000000 !important;border-left-style: solid !important;border-right-color: #000000 !important;border-right-style: solid !important;border-top-color: #000000 !important;border-top-style: solid !important;border-bottom-color: #000000 !important;border-bottom-style: solid !important;border-radius: 10px !important;}&#8221;]\r\n                <div class=\"text-modules\">\r\n                    <div class=\"container\">\r\n                        \r\n                        <div class=\"text-modules__content\"><p>Mi\u0142o nam poinformowa\u0107, \u017ce projekt<strong> z naszego wydzia\u0142u zosta\u0142 zakwalifikowany do finansowania<\/strong> z ramienia Narodowego Centrum Nauki:<\/p>\n<p><strong>SONATA BIS:<\/strong><\/p>\n<ul>\n<li><a href=\"https:\/\/us.edu.pl\/instytut\/il\/osoby\/jakub-filonik\/\">dr. Jakuba Filonika, prof. U\u015a<\/a> \u201eKorzenie my\u015blenia politycznego: ugruntowanie poj\u0119ciowe w staro\u017cytnej greckiej filozofii politycznej\u201d<br \/>\n<strong>kwota: \u00a02 813 668\u00a0<\/strong><\/li>\n<\/ul>\n<p>\n<\/div>\r\n                    <\/div>\r\n                <\/div>[\/vc_column][vc_column width=&#8221;1\/3&#8243;]\r\n                <div class=\"text-modules\">\r\n                    <div class=\"container\">\r\n                        \r\n                        <div class=\"text-modules__content\"><p><img class=\"alignnone wp-image-1025 size-full\" src=\"https:\/\/us.edu.pl\/wydzial\/wh\/wp-content\/uploads\/sites\/15\/Nieprzypisane\/narodowe-centrum-nauki-logo.jpg\" alt=\"logo NCN\" width=\"300\" height=\"83\" \/><\/p>\n<\/div>\r\n                    <\/div>\r\n                <\/div>[\/vc_column][\/vc_row]<\/p>","protected":false},"excerpt":{"rendered":"<p>[vc_row][vc_column width=&#8221;2\/3&#8243; css=&#8221;.vc_custom_1764317558687{border-top-width: 2px !important;border-right-width: 2px !important;border-bottom-width: 2px !important;border-left-width: 2px !important;background-color: #e2e2e2 !important;border-left-color: #000000 !important;border-left-style: solid !important;border-right-color: #000000 !important;border-right-style: solid !important;border-top-color: #000000 !important;border-top-style: solid !important;border-bottom-color: #000000 !important;border-bottom-style: solid !important;border-radius: 10px !important;}&#8221;][\/vc_column][vc_column width=&#8221;1\/3&#8243;][\/vc_column][\/vc_row] [&#8230;]<\/p>\n<p><a class=\"btn btn-secondary understrap-read-more-link\" href=\"https:\/\/us.edu.pl\/wydzial\/wh\/2026\/02\/27\/finansowanie-dla-projektu-z-wydzialu-humanistycznego-w-ramach-narodowego-centrum-nauki\/\">Read More&#8230;<\/a><\/p>\n","protected":false},"author":7254,"featured_media":172305,"comment_status":"open","ping_status":"open","sticky":false,"template":"","format":"standard","meta":{"_expiration-date-status":"","_expiration-date":0,"_expiration-date-type":"","_expiration-date-categories":[],"_expiration-date-options":[]},"categories":[40,6],"tags":[],"acf":[],"_links":{"self":[{"href":"https:\/\/us.edu.pl\/wydzial\/wh\/wp-json\/wp\/v2\/posts\/196066"}],"collection":[{"href":"https:\/\/us.edu.pl\/wydzial\/wh\/wp-json\/wp\/v2\/posts"}],"about":[{"href":"https:\/\/us.edu.pl\/wydzial\/wh\/wp-json\/wp\/v2\/types\/post"}],"author":[{"embeddable":true,"href":"https:\/\/us.edu.pl\/wydzial\/wh\/wp-json\/wp\/v2\/users\/7254"}],"replies":[{"embeddable":true,"href":"https:\/\/us.edu.pl\/wydzial\/wh\/wp-json\/wp\/v2\/comments?post=196066"}],"version-history":[{"count":2,"href":"https:\/\/us.edu.pl\/wydzial\/wh\/wp-json\/wp\/v2\/posts\/196066\/revisions"}],"predecessor-version":[{"id":196068,"href":"https:\/\/us.edu.pl\/wydzial\/wh\/wp-json\/wp\/v2\/posts\/196066\/revisions\/196068"}],"wp:featuredmedia":[{"embeddable":true,"href":"https:\/\/us.edu.pl\/wydzial\/wh\/wp-json\/wp\/v2\/media\/172305"}],"wp:attachment":[{"href":"https:\/\/us.edu.pl\/wydzial\/wh\/wp-json\/wp\/v2\/media?parent=196066"}],"wp:term":[{"taxonomy":"category","embeddable":true,"href":"https:\/\/us.edu.pl\/wydzial\/wh\/wp-json\/wp\/v2\/categories?post=196066"},{"taxonomy":"post_tag","embeddable":true,"href":"https:\/\/us.edu.pl\/wydzial\/wh\/wp-json\/wp\/v2\/tags?post=196066"}],"curies":[{"name":"wp","href":"https:\/\/api.w.org\/{rel}","templated":true}]}}