{"id":196538,"date":"2026-03-23T07:56:30","date_gmt":"2026-03-23T06:56:30","guid":{"rendered":"https:\/\/us.edu.pl\/wydzial\/wh\/?p=196538"},"modified":"2026-03-23T07:56:30","modified_gmt":"2026-03-23T06:56:30","slug":"nagroda-dla-absolwentki-wydzialu-humanistycznego","status":"publish","type":"post","link":"https:\/\/us.edu.pl\/wydzial\/wh\/2026\/03\/23\/nagroda-dla-absolwentki-wydzialu-humanistycznego\/","title":{"rendered":"Nagroda dla absolwentki Wydzia\u0142u Humanistycznego"},"content":{"rendered":"<p>[vc_row][vc_column width=&#8221;2\/3&#8243;]\r\n                <div class=\"text-modules\">\r\n                    <div class=\"container\">\r\n                        \r\n                        <div class=\"text-modules__content\"><\/p>\n<p data-start=\"77\" data-end=\"290\">19 marca 2026 roku w <span class=\"hover:entity-accent entity-underline inline cursor-pointer align-baseline\"><span class=\"whitespace-normal\">Centralnym Przystanku Historii IPN<\/span><\/span> odby\u0142a si\u0119 uroczysta gala wr\u0119czenia nagr\u00f3d laureatom XVIII edycji konkursu im. <span class=\"hover:entity-accent entity-underline inline cursor-pointer align-baseline\"><span class=\"whitespace-normal\">W\u0142adys\u0142aw Pob\u00f3g-Malinowski<\/span><\/span> na najlepszy debiut historyczny roku.<\/p>\n<p data-start=\"292\" data-end=\"575\">I Nagrod\u0119 w kategorii prac magisterskich otrzyma\u0142a absolwentka naszego Wydzia\u0142u, mgr Anna Niedba\u0142a. Wyr\u00f3\u017cnienie zosta\u0142o wr\u0119czone przez przedstawicieli <span class=\"hover:entity-accent entity-underline inline cursor-pointer align-baseline\"><span class=\"whitespace-normal\">Instytut Pami\u0119ci Narodowej<\/span><\/span> oraz <span class=\"hover:entity-accent entity-underline inline cursor-pointer align-baseline\"><span class=\"whitespace-normal\">Instytut Historii Polskiej Akademii Nauk<\/span><\/span>.<\/p>\n<p data-start=\"292\" data-end=\"575\">Serdecznie gratulujemy!<\/p>\n<p>\n<\/div>\r\n                    <\/div>\r\n                <\/div>            \r\n                    <div class=\"container\">\r\n                        <div class=\"gallery gallery_3\" data-images-in-row=\"3\">\r\n                            \r\n                            <div class=\"row m-0\">\r\n                                <a data-fancybox-group=\"button\" title=\"\" data-fancybox=\"7844\" href=\"https:\/\/us.edu.pl\/wydzial\/wh\/wp-content\/uploads\/sites\/15\/Bez-kategorii\/IMG_20260319_123540-scaled.jpg\" class=\"gallery__item thumbnail\"\r\n                                    style=\"background-image: url(https:\/\/us.edu.pl\/wydzial\/wh\/wp-content\/uploads\/sites\/15\/Bez-kategorii\/IMG_20260319_123540-768x1024.jpg)\"> <span class=\"d-none\">https:\/\/us.edu.pl\/wydzial\/wh\/wp-content\/uploads\/sites\/15\/Bez-kategorii\/IMG_20260319_123540-scaled.jpg<\/span> <\/a><a data-fancybox-group=\"button\" title=\"\" data-fancybox=\"7844\" href=\"https:\/\/us.edu.pl\/wydzial\/wh\/wp-content\/uploads\/sites\/15\/Bez-kategorii\/IMG_20260319_123642-scaled.jpg\" class=\"gallery__item thumbnail\"\r\n                                    style=\"background-image: url(https:\/\/us.edu.pl\/wydzial\/wh\/wp-content\/uploads\/sites\/15\/Bez-kategorii\/IMG_20260319_123642-768x1024.jpg)\"> <span class=\"d-none\">https:\/\/us.edu.pl\/wydzial\/wh\/wp-content\/uploads\/sites\/15\/Bez-kategorii\/IMG_20260319_123642-scaled.jpg<\/span> <\/a><a data-fancybox-group=\"button\" title=\"\" data-fancybox=\"7844\" href=\"https:\/\/us.edu.pl\/wydzial\/wh\/wp-content\/uploads\/sites\/15\/Bez-kategorii\/IMG_20260319_123720-scaled.jpg\" class=\"gallery__item thumbnail\"\r\n                                    style=\"background-image: url(https:\/\/us.edu.pl\/wydzial\/wh\/wp-content\/uploads\/sites\/15\/Bez-kategorii\/IMG_20260319_123720-768x1024.jpg)\"> <span class=\"d-none\">https:\/\/us.edu.pl\/wydzial\/wh\/wp-content\/uploads\/sites\/15\/Bez-kategorii\/IMG_20260319_123720-scaled.jpg<\/span> <\/a>\r\n                            <\/div>\r\n                    <\/div>\r\n                <\/div>[\/vc_column][vc_column width=&#8221;1\/3&#8243;]\r\n                <div class=\"text-modules\">\r\n                    <div class=\"container\">\r\n                        \r\n                        <div class=\"text-modules__content\"><p><img class=\"alignnone size-full wp-image-196543\" src=\"https:\/\/us.edu.pl\/wydzial\/wh\/wp-content\/uploads\/sites\/15\/Bez-kategorii\/IMG_20260319_130646-scaled.jpg\" alt=\"laureaci XVIII edycji konkursu im. W\u0142adys\u0142awa Pob\u00f3g-Malinowskiego\" width=\"2560\" height=\"1920\" srcset=\"https:\/\/us.edu.pl\/wydzial\/wh\/wp-content\/uploads\/sites\/15\/Bez-kategorii\/IMG_20260319_130646-scaled.jpg 2560w, https:\/\/us.edu.pl\/wydzial\/wh\/wp-content\/uploads\/sites\/15\/Bez-kategorii\/IMG_20260319_130646-300x225.jpg 300w, https:\/\/us.edu.pl\/wydzial\/wh\/wp-content\/uploads\/sites\/15\/Bez-kategorii\/IMG_20260319_130646-1024x768.jpg 1024w, https:\/\/us.edu.pl\/wydzial\/wh\/wp-content\/uploads\/sites\/15\/Bez-kategorii\/IMG_20260319_130646-768x576.jpg 768w, https:\/\/us.edu.pl\/wydzial\/wh\/wp-content\/uploads\/sites\/15\/Bez-kategorii\/IMG_20260319_130646-1536x1152.jpg 1536w, https:\/\/us.edu.pl\/wydzial\/wh\/wp-content\/uploads\/sites\/15\/Bez-kategorii\/IMG_20260319_130646-2048x1536.jpg 2048w, https:\/\/us.edu.pl\/wydzial\/wh\/wp-content\/uploads\/sites\/15\/Bez-kategorii\/IMG_20260319_130646-575x431.jpg 575w\" sizes=\"(max-width: 2560px) 100vw, 2560px\" \/><\/p>\n<\/div>\r\n                    <\/div>\r\n                <\/div>[\/vc_column][\/vc_row]<\/p>","protected":false},"excerpt":{"rendered":"<p>[vc_row][vc_column width=&#8221;2\/3&#8243;][\/vc_column][vc_column width=&#8221;1\/3&#8243;][\/vc_column][\/vc_row] [&#8230;]<\/p>\n<p><a class=\"btn btn-secondary understrap-read-more-link\" href=\"https:\/\/us.edu.pl\/wydzial\/wh\/2026\/03\/23\/nagroda-dla-absolwentki-wydzialu-humanistycznego\/\">Read More&#8230;<\/a><\/p>\n","protected":false},"author":7256,"featured_media":196543,"comment_status":"open","ping_status":"open","sticky":false,"template":"","format":"standard","meta":{"_expiration-date-status":"","_expiration-date":0,"_expiration-date-type":"","_expiration-date-categories":[],"_expiration-date-options":[]},"categories":[6],"tags":[],"acf":[],"_links":{"self":[{"href":"https:\/\/us.edu.pl\/wydzial\/wh\/wp-json\/wp\/v2\/posts\/196538"}],"collection":[{"href":"https:\/\/us.edu.pl\/wydzial\/wh\/wp-json\/wp\/v2\/posts"}],"about":[{"href":"https:\/\/us.edu.pl\/wydzial\/wh\/wp-json\/wp\/v2\/types\/post"}],"author":[{"embeddable":true,"href":"https:\/\/us.edu.pl\/wydzial\/wh\/wp-json\/wp\/v2\/users\/7256"}],"replies":[{"embeddable":true,"href":"https:\/\/us.edu.pl\/wydzial\/wh\/wp-json\/wp\/v2\/comments?post=196538"}],"version-history":[{"count":1,"href":"https:\/\/us.edu.pl\/wydzial\/wh\/wp-json\/wp\/v2\/posts\/196538\/revisions"}],"predecessor-version":[{"id":196544,"href":"https:\/\/us.edu.pl\/wydzial\/wh\/wp-json\/wp\/v2\/posts\/196538\/revisions\/196544"}],"wp:featuredmedia":[{"embeddable":true,"href":"https:\/\/us.edu.pl\/wydzial\/wh\/wp-json\/wp\/v2\/media\/196543"}],"wp:attachment":[{"href":"https:\/\/us.edu.pl\/wydzial\/wh\/wp-json\/wp\/v2\/media?parent=196538"}],"wp:term":[{"taxonomy":"category","embeddable":true,"href":"https:\/\/us.edu.pl\/wydzial\/wh\/wp-json\/wp\/v2\/categories?post=196538"},{"taxonomy":"post_tag","embeddable":true,"href":"https:\/\/us.edu.pl\/wydzial\/wh\/wp-json\/wp\/v2\/tags?post=196538"}],"curies":[{"name":"wp","href":"https:\/\/api.w.org\/{rel}","templated":true}]}}