{"id":196586,"date":"2026-03-23T13:03:22","date_gmt":"2026-03-23T12:03:22","guid":{"rendered":"https:\/\/us.edu.pl\/wydzial\/wh\/?p=196586"},"modified":"2026-03-23T13:03:22","modified_gmt":"2026-03-23T12:03:22","slug":"stypendium-ministra-dla-studentow-wydzialu-humanistycznego","status":"publish","type":"post","link":"https:\/\/us.edu.pl\/wydzial\/wh\/2026\/03\/23\/stypendium-ministra-dla-studentow-wydzialu-humanistycznego\/","title":{"rendered":"Stypendium ministra dla student\u00f3w Wydzia\u0142u Humanistycznego"},"content":{"rendered":"<p>[vc_row][vc_column width=&#8221;2\/3&#8243;]\r\n                <div class=\"text-modules\">\r\n                    <div class=\"container\">\r\n                        \r\n                        <div class=\"text-modules__content\"><p>Z przyjemno\u015bci\u0105 informujemy, \u017ce Minister Nauki i Szkolnictwa Wy\u017cszego podj\u0105\u0142 decyzj\u0119 o przyznaniu stypendium ministra za znacz\u0105ce osi\u0105gni\u0119cia na rok akademicki 2025\/2026 studentom z Wydzia\u0142u Humanistycznego:<\/p>\n<ul>\n<li>Patryk Kominek &#8211; filologia polska,<\/li>\n<li>Aleksandra Zofia Jarosz &#8211; filologia germa\u0144ska.<\/li>\n<\/ul>\n<p>Gratulujemy!<\/p>\n<\/div>\r\n                    <\/div>\r\n                <\/div>[\/vc_column][vc_column width=&#8221;1\/3&#8243;]\r\n                <div class=\"text-modules\">\r\n                    <div class=\"container\">\r\n                        \r\n                        <div class=\"text-modules__content\"><p><img class=\"alignnone wp-image-173750 size-full\" src=\"https:\/\/us.edu.pl\/wydzial\/wh\/wp-content\/uploads\/sites\/15\/Bez-kategorii\/Projekt-bez-nazwy-1-1.png\" alt=\"zdj\u0119cie przedstawiaj\u0105ce d\u0142onie trzech os\u00f3b podczas klaskania\" width=\"800\" height=\"500\" srcset=\"https:\/\/us.edu.pl\/wydzial\/wh\/wp-content\/uploads\/sites\/15\/Bez-kategorii\/Projekt-bez-nazwy-1-1.png 800w, https:\/\/us.edu.pl\/wydzial\/wh\/wp-content\/uploads\/sites\/15\/Bez-kategorii\/Projekt-bez-nazwy-1-1-300x188.png 300w, https:\/\/us.edu.pl\/wydzial\/wh\/wp-content\/uploads\/sites\/15\/Bez-kategorii\/Projekt-bez-nazwy-1-1-768x480.png 768w, https:\/\/us.edu.pl\/wydzial\/wh\/wp-content\/uploads\/sites\/15\/Bez-kategorii\/Projekt-bez-nazwy-1-1-575x359.png 575w\" sizes=\"(max-width: 800px) 100vw, 800px\" \/><\/p>\n<\/div>\r\n                    <\/div>\r\n                <\/div>[\/vc_column][\/vc_row]<\/p>","protected":false},"excerpt":{"rendered":"<p>[vc_row][vc_column width=&#8221;2\/3&#8243;][\/vc_column][vc_column width=&#8221;1\/3&#8243;][\/vc_column][\/vc_row] [&#8230;]<\/p>\n<p><a class=\"btn btn-secondary understrap-read-more-link\" href=\"https:\/\/us.edu.pl\/wydzial\/wh\/2026\/03\/23\/stypendium-ministra-dla-studentow-wydzialu-humanistycznego\/\">Read More&#8230;<\/a><\/p>\n","protected":false},"author":7254,"featured_media":173750,"comment_status":"open","ping_status":"open","sticky":false,"template":"","format":"standard","meta":{"_expiration-date-status":"","_expiration-date":0,"_expiration-date-type":"","_expiration-date-categories":[],"_expiration-date-options":[]},"categories":[109,6],"tags":[],"acf":[],"_links":{"self":[{"href":"https:\/\/us.edu.pl\/wydzial\/wh\/wp-json\/wp\/v2\/posts\/196586"}],"collection":[{"href":"https:\/\/us.edu.pl\/wydzial\/wh\/wp-json\/wp\/v2\/posts"}],"about":[{"href":"https:\/\/us.edu.pl\/wydzial\/wh\/wp-json\/wp\/v2\/types\/post"}],"author":[{"embeddable":true,"href":"https:\/\/us.edu.pl\/wydzial\/wh\/wp-json\/wp\/v2\/users\/7254"}],"replies":[{"embeddable":true,"href":"https:\/\/us.edu.pl\/wydzial\/wh\/wp-json\/wp\/v2\/comments?post=196586"}],"version-history":[{"count":1,"href":"https:\/\/us.edu.pl\/wydzial\/wh\/wp-json\/wp\/v2\/posts\/196586\/revisions"}],"predecessor-version":[{"id":196587,"href":"https:\/\/us.edu.pl\/wydzial\/wh\/wp-json\/wp\/v2\/posts\/196586\/revisions\/196587"}],"wp:featuredmedia":[{"embeddable":true,"href":"https:\/\/us.edu.pl\/wydzial\/wh\/wp-json\/wp\/v2\/media\/173750"}],"wp:attachment":[{"href":"https:\/\/us.edu.pl\/wydzial\/wh\/wp-json\/wp\/v2\/media?parent=196586"}],"wp:term":[{"taxonomy":"category","embeddable":true,"href":"https:\/\/us.edu.pl\/wydzial\/wh\/wp-json\/wp\/v2\/categories?post=196586"},{"taxonomy":"post_tag","embeddable":true,"href":"https:\/\/us.edu.pl\/wydzial\/wh\/wp-json\/wp\/v2\/tags?post=196586"}],"curies":[{"name":"wp","href":"https:\/\/api.w.org\/{rel}","templated":true}]}}