{"id":196658,"date":"2026-03-30T08:09:15","date_gmt":"2026-03-30T06:09:15","guid":{"rendered":"https:\/\/us.edu.pl\/wydzial\/wh\/?p=196658"},"modified":"2026-03-30T08:09:15","modified_gmt":"2026-03-30T06:09:15","slug":"delegacja-z-wybrzeza-kosci-sloniowej-na-wydziale-humanistycznym-us","status":"publish","type":"post","link":"https:\/\/us.edu.pl\/wydzial\/wh\/2026\/03\/30\/delegacja-z-wybrzeza-kosci-sloniowej-na-wydziale-humanistycznym-us\/","title":{"rendered":"Delegacja z Wybrze\u017ca Ko\u015bci S\u0142oniowej na Wydziale Humanistycznym U\u015a"},"content":{"rendered":"<p>[vc_row][vc_column width=&#8221;2\/3&#8243;]\r\n                <div class=\"text-modules\">\r\n                    <div class=\"container\">\r\n                        \r\n                        <div class=\"text-modules__content\"><p>W dniach 16\u201320 marca 2026 roku Wydzia\u0142 Humanistyczny Uniwersytetu \u015al\u0105skiego go\u015bci\u0142 delegacj\u0119 pracownik\u00f3w naukowych Universit\u00e9 F\u00e9lix Houphou\u00ebt-Boigny z Abid\u017canu. Wizyta obejmowa\u0142a wyk\u0142ady dla student\u00f3w i pracownik\u00f3w oraz spotkania po\u015bwi\u0119cone rozwojowi wsp\u00f3\u0142pracy akademickiej.<\/p>\n<p>W trakcie pobytu delegacja spotka\u0142a si\u0119 r\u00f3wnie\u017c z dr. hab. Andrzejem Rabsztynem, prof. U\u015a, dyrektorem zespo\u0142u kierunk\u00f3w roma\u0144skich, a tak\u017ce odwiedzi\u0142a Bibliotek\u0119 Neofilologiczn\u0105 Wydzia\u0142u Humanistycznego.<\/p>\n<p data-start=\"497\" data-end=\"668\">G\u0142\u00f3wn\u0105 organizatork\u0105 wizyty by\u0142a <strong><a href=\"https:\/\/us.edu.pl\/instytut\/ij\/osoby\/cecylia-tatoj\/\">dr Cecylia Tatoj<\/a><\/strong> &#8211; koordynatorka programu Erasmus+, kt\u00f3ra od 2019 roku rozwija wsp\u00f3\u0142prac\u0119 z uczelni\u0105 partnersk\u0105 z Wybrze\u017ca Ko\u015bci S\u0142oniowej.<\/p>\n<p data-start=\"670\" data-end=\"1034\">Wsp\u00f3\u0142praca ta ma r\u00f3wnie\u017c wymiar dydaktyczny i doktorancki. W ubieg\u0142ym semestrze na Wydziale Humanistycznym przebywa\u0142o troje doktorant\u00f3w z Universit\u00e9 F\u00e9lix Houphou\u00ebt-Boigny, natomiast w bie\u017c\u0105cym semestrze jeden z nich powr\u00f3ci\u0142 na kolejn\u0105 mobilno\u015b\u0107, a do\u0142\u0105czy\u0142o do niego czworo nowych doktorant\u00f3w. Wszyscy uczestnicy mobilno\u015bci pozostaj\u0105 pod opiek\u0105 dr Cecylii Tatoj.<\/p>\n<p data-start=\"1036\" data-end=\"1192\">Wizyta wpisuje si\u0119 w dzia\u0142ania Wydzia\u0142u Humanistycznego na rzecz umi\u0119dzynarodowienia oraz wzmacniania wsp\u00f3\u0142pracy mi\u0119dzynarodowej w ramach programu Erasmus+.<\/p>\n<p data-start=\"1194\" data-end=\"1273\">Wi\u0119cej informacji na stronie g\u0142\u00f3wnej Uniwersytetu \u015al\u0105skiego: <a href=\"https:\/\/us.edu.pl\/delegacja-z-universite-felix-houphouet-boigny-goscila-na-uniwersytecie-slaskim\/\">Delegacja z Universit\u00e9 F\u00e9lix Houphou\u00ebt Boigny go\u015bci\u0142a na Uniwersytecie \u015al\u0105skim | Uniwersytet \u015al\u0105ski w Katowicach<\/a><\/p>\n<p>\n<\/div>\r\n                    <\/div>\r\n                <\/div>[\/vc_column][vc_column width=&#8221;1\/3&#8243;]\r\n                <div class=\"text-modules\">\r\n                    <div class=\"container\">\r\n                        \r\n                        <div class=\"text-modules__content\"><p><img class=\"alignnone size-full wp-image-196662\" src=\"https:\/\/us.edu.pl\/wydzial\/wh\/wp-content\/uploads\/sites\/15\/Bez-kategorii\/WKS-1-scaled.jpg\" alt=\"\" width=\"2560\" height=\"1920\" srcset=\"https:\/\/us.edu.pl\/wydzial\/wh\/wp-content\/uploads\/sites\/15\/Bez-kategorii\/WKS-1-scaled.jpg 2560w, https:\/\/us.edu.pl\/wydzial\/wh\/wp-content\/uploads\/sites\/15\/Bez-kategorii\/WKS-1-300x225.jpg 300w, https:\/\/us.edu.pl\/wydzial\/wh\/wp-content\/uploads\/sites\/15\/Bez-kategorii\/WKS-1-1024x768.jpg 1024w, https:\/\/us.edu.pl\/wydzial\/wh\/wp-content\/uploads\/sites\/15\/Bez-kategorii\/WKS-1-768x576.jpg 768w, https:\/\/us.edu.pl\/wydzial\/wh\/wp-content\/uploads\/sites\/15\/Bez-kategorii\/WKS-1-1536x1152.jpg 1536w, https:\/\/us.edu.pl\/wydzial\/wh\/wp-content\/uploads\/sites\/15\/Bez-kategorii\/WKS-1-2048x1536.jpg 2048w, https:\/\/us.edu.pl\/wydzial\/wh\/wp-content\/uploads\/sites\/15\/Bez-kategorii\/WKS-1-575x431.jpg 575w\" sizes=\"(max-width: 2560px) 100vw, 2560px\" \/><\/p>\n<\/div>\r\n                    <\/div>\r\n                <\/div>[\/vc_column][\/vc_row][vc_row][vc_column]            \r\n                    <div class=\"container\">\r\n                        <div class=\"gallery gallery_4\" data-images-in-row=\"4\">\r\n                            \r\n                            <div class=\"row m-0\">\r\n                                <a data-fancybox-group=\"button\" title=\"mat. Uniwersytetu \u015al\u0105skiego\" data-fancybox=\"8712\" href=\"https:\/\/us.edu.pl\/wydzial\/wh\/wp-content\/uploads\/sites\/15\/Bez-kategorii\/WKS-2-scaled.jpg\" class=\"gallery__item thumbnail\"\r\n                                    style=\"background-image: url(https:\/\/us.edu.pl\/wydzial\/wh\/wp-content\/uploads\/sites\/15\/Bez-kategorii\/WKS-2-1024x768.jpg)\"> <span class=\"d-none\">https:\/\/us.edu.pl\/wydzial\/wh\/wp-content\/uploads\/sites\/15\/Bez-kategorii\/WKS-2-scaled.jpg<\/span> <\/a><a data-fancybox-group=\"button\" title=\"mat. Uniwersytetu \u015al\u0105skiego\" data-fancybox=\"8712\" href=\"https:\/\/us.edu.pl\/wydzial\/wh\/wp-content\/uploads\/sites\/15\/Bez-kategorii\/WKS-3.jpg\" class=\"gallery__item thumbnail\"\r\n                                    style=\"background-image: url(https:\/\/us.edu.pl\/wydzial\/wh\/wp-content\/uploads\/sites\/15\/Bez-kategorii\/WKS-3-1024x768.jpg)\"> <span class=\"d-none\">https:\/\/us.edu.pl\/wydzial\/wh\/wp-content\/uploads\/sites\/15\/Bez-kategorii\/WKS-3.jpg<\/span> <\/a><a data-fancybox-group=\"button\" title=\"mat. Uniwersytetu \u015al\u0105skiego\" data-fancybox=\"8712\" href=\"https:\/\/us.edu.pl\/wydzial\/wh\/wp-content\/uploads\/sites\/15\/Bez-kategorii\/WKS-4-scaled.jpg\" class=\"gallery__item thumbnail\"\r\n                                    style=\"background-image: url(https:\/\/us.edu.pl\/wydzial\/wh\/wp-content\/uploads\/sites\/15\/Bez-kategorii\/WKS-4-1024x768.jpg)\"> <span class=\"d-none\">https:\/\/us.edu.pl\/wydzial\/wh\/wp-content\/uploads\/sites\/15\/Bez-kategorii\/WKS-4-scaled.jpg<\/span> <\/a><a data-fancybox-group=\"button\" title=\"mat. Uniwersytetu \u015al\u0105skiego\" data-fancybox=\"8712\" href=\"https:\/\/us.edu.pl\/wydzial\/wh\/wp-content\/uploads\/sites\/15\/Bez-kategorii\/WKS-5-scaled.jpg\" class=\"gallery__item thumbnail\"\r\n                                    style=\"background-image: url(https:\/\/us.edu.pl\/wydzial\/wh\/wp-content\/uploads\/sites\/15\/Bez-kategorii\/WKS-5-1024x768.jpg)\"> <span class=\"d-none\">https:\/\/us.edu.pl\/wydzial\/wh\/wp-content\/uploads\/sites\/15\/Bez-kategorii\/WKS-5-scaled.jpg<\/span> <\/a><a data-fancybox-group=\"button\" title=\"mat. Uniwersytetu \u015al\u0105skiego\" data-fancybox=\"8712\" href=\"https:\/\/us.edu.pl\/wydzial\/wh\/wp-content\/uploads\/sites\/15\/Bez-kategorii\/WKS-6-scaled.jpg\" class=\"gallery__item thumbnail\"\r\n                                    style=\"background-image: url(https:\/\/us.edu.pl\/wydzial\/wh\/wp-content\/uploads\/sites\/15\/Bez-kategorii\/WKS-6-1024x825.jpg)\"> <span class=\"d-none\">https:\/\/us.edu.pl\/wydzial\/wh\/wp-content\/uploads\/sites\/15\/Bez-kategorii\/WKS-6-scaled.jpg<\/span> <\/a><a data-fancybox-group=\"button\" title=\"mat. Uniwersytetu \u015al\u0105skiego\" data-fancybox=\"8712\" href=\"https:\/\/us.edu.pl\/wydzial\/wh\/wp-content\/uploads\/sites\/15\/Bez-kategorii\/WKS-7-scaled.jpg\" class=\"gallery__item thumbnail\"\r\n                                    style=\"background-image: url(https:\/\/us.edu.pl\/wydzial\/wh\/wp-content\/uploads\/sites\/15\/Bez-kategorii\/WKS-7-768x1024.jpg)\"> <span class=\"d-none\">https:\/\/us.edu.pl\/wydzial\/wh\/wp-content\/uploads\/sites\/15\/Bez-kategorii\/WKS-7-scaled.jpg<\/span> <\/a><a data-fancybox-group=\"button\" title=\"mat. Uniwersytetu \u015al\u0105skiego\" data-fancybox=\"8712\" href=\"https:\/\/us.edu.pl\/wydzial\/wh\/wp-content\/uploads\/sites\/15\/Bez-kategorii\/WKS-8-scaled.jpg\" class=\"gallery__item thumbnail\"\r\n                                    style=\"background-image: url(https:\/\/us.edu.pl\/wydzial\/wh\/wp-content\/uploads\/sites\/15\/Bez-kategorii\/WKS-8-1024x768.jpg)\"> <span class=\"d-none\">https:\/\/us.edu.pl\/wydzial\/wh\/wp-content\/uploads\/sites\/15\/Bez-kategorii\/WKS-8-scaled.jpg<\/span> <\/a><a data-fancybox-group=\"button\" title=\"mat. Uniwersytetu \u015al\u0105skiego\" data-fancybox=\"8712\" href=\"https:\/\/us.edu.pl\/wydzial\/wh\/wp-content\/uploads\/sites\/15\/Bez-kategorii\/WKS-9-scaled.jpg\" class=\"gallery__item thumbnail\"\r\n                                    style=\"background-image: url(https:\/\/us.edu.pl\/wydzial\/wh\/wp-content\/uploads\/sites\/15\/Bez-kategorii\/WKS-9-1024x538.jpg)\"> <span class=\"d-none\">https:\/\/us.edu.pl\/wydzial\/wh\/wp-content\/uploads\/sites\/15\/Bez-kategorii\/WKS-9-scaled.jpg<\/span> <\/a><a data-fancybox-group=\"button\" title=\"mat. Uniwersytetu \u015al\u0105skiego\" data-fancybox=\"8712\" href=\"https:\/\/us.edu.pl\/wydzial\/wh\/wp-content\/uploads\/sites\/15\/Bez-kategorii\/WKS-10.jpg\" class=\"gallery__item thumbnail\"\r\n                                    style=\"background-image: url(https:\/\/us.edu.pl\/wydzial\/wh\/wp-content\/uploads\/sites\/15\/Bez-kategorii\/WKS-10.jpg)\"> <span class=\"d-none\">https:\/\/us.edu.pl\/wydzial\/wh\/wp-content\/uploads\/sites\/15\/Bez-kategorii\/WKS-10.jpg<\/span> <\/a><a data-fancybox-group=\"button\" title=\"mat. Uniwersytetu \u015al\u0105skiego\" data-fancybox=\"8712\" href=\"https:\/\/us.edu.pl\/wydzial\/wh\/wp-content\/uploads\/sites\/15\/Bez-kategorii\/WKS-1-scaled.jpg\" class=\"gallery__item thumbnail\"\r\n                                    style=\"background-image: url(https:\/\/us.edu.pl\/wydzial\/wh\/wp-content\/uploads\/sites\/15\/Bez-kategorii\/WKS-1-1024x768.jpg)\"> <span class=\"d-none\">https:\/\/us.edu.pl\/wydzial\/wh\/wp-content\/uploads\/sites\/15\/Bez-kategorii\/WKS-1-scaled.jpg<\/span> <\/a>\r\n                            <\/div>\r\n                    <\/div>\r\n                <\/div>[\/vc_column][\/vc_row]<\/p>","protected":false},"excerpt":{"rendered":"<p>[vc_row][vc_column width=&#8221;2\/3&#8243;][\/vc_column][vc_column width=&#8221;1\/3&#8243;][\/vc_column][\/vc_row][vc_row][vc_column][\/vc_column][\/vc_row] [&#8230;]<\/p>\n<p><a class=\"btn btn-secondary understrap-read-more-link\" href=\"https:\/\/us.edu.pl\/wydzial\/wh\/2026\/03\/30\/delegacja-z-wybrzeza-kosci-sloniowej-na-wydziale-humanistycznym-us\/\">Read More&#8230;<\/a><\/p>\n","protected":false},"author":7254,"featured_media":196662,"comment_status":"open","ping_status":"open","sticky":false,"template":"","format":"standard","meta":{"_expiration-date-status":"","_expiration-date":0,"_expiration-date-type":"","_expiration-date-categories":[],"_expiration-date-options":[]},"categories":[6,8],"tags":[],"acf":[],"_links":{"self":[{"href":"https:\/\/us.edu.pl\/wydzial\/wh\/wp-json\/wp\/v2\/posts\/196658"}],"collection":[{"href":"https:\/\/us.edu.pl\/wydzial\/wh\/wp-json\/wp\/v2\/posts"}],"about":[{"href":"https:\/\/us.edu.pl\/wydzial\/wh\/wp-json\/wp\/v2\/types\/post"}],"author":[{"embeddable":true,"href":"https:\/\/us.edu.pl\/wydzial\/wh\/wp-json\/wp\/v2\/users\/7254"}],"replies":[{"embeddable":true,"href":"https:\/\/us.edu.pl\/wydzial\/wh\/wp-json\/wp\/v2\/comments?post=196658"}],"version-history":[{"count":1,"href":"https:\/\/us.edu.pl\/wydzial\/wh\/wp-json\/wp\/v2\/posts\/196658\/revisions"}],"predecessor-version":[{"id":196673,"href":"https:\/\/us.edu.pl\/wydzial\/wh\/wp-json\/wp\/v2\/posts\/196658\/revisions\/196673"}],"wp:featuredmedia":[{"embeddable":true,"href":"https:\/\/us.edu.pl\/wydzial\/wh\/wp-json\/wp\/v2\/media\/196662"}],"wp:attachment":[{"href":"https:\/\/us.edu.pl\/wydzial\/wh\/wp-json\/wp\/v2\/media?parent=196658"}],"wp:term":[{"taxonomy":"category","embeddable":true,"href":"https:\/\/us.edu.pl\/wydzial\/wh\/wp-json\/wp\/v2\/categories?post=196658"},{"taxonomy":"post_tag","embeddable":true,"href":"https:\/\/us.edu.pl\/wydzial\/wh\/wp-json\/wp\/v2\/tags?post=196658"}],"curies":[{"name":"wp","href":"https:\/\/api.w.org\/{rel}","templated":true}]}}