{"id":196981,"date":"2026-04-23T11:20:42","date_gmt":"2026-04-23T09:20:42","guid":{"rendered":"https:\/\/us.edu.pl\/wydzial\/wh\/?p=196981"},"modified":"2026-04-23T11:20:42","modified_gmt":"2026-04-23T09:20:42","slug":"wystawa-prac-olgi-naliwajko-na-wydziale-humanistycznym-w-sosnowcu","status":"publish","type":"post","link":"https:\/\/us.edu.pl\/wydzial\/wh\/2026\/04\/23\/wystawa-prac-olgi-naliwajko-na-wydziale-humanistycznym-w-sosnowcu\/","title":{"rendered":"Wystawa prac Olgi Naliwajko na Wydziale Humanistycznym w Sosnowcu"},"content":{"rendered":"<p>[vc_row][vc_column width=&#8221;2\/3&#8243;]\r\n                <div class=\"text-modules\">\r\n                    <div class=\"container\">\r\n                        \r\n                        <div class=\"text-modules__content\"><\/p>\n<p data-start=\"0\" data-end=\"340\">W dniach 22 kwietnia \u2013 4 maja 2026 w holu budynku Wydzia\u0142u Humanistycznego w Sosnowcu prezentowana jest wystawa prac Olgi Naliwajko \u2013 m\u0142odej artystki wsp\u00f3\u0142czesnej. Jej realizacje by\u0142y wcze\u015bniej pokazywane m.in. w Muzeum Pa\u0142acu Kr\u00f3la Jana III w Wilanowie, P\u0142ockiej Galerii Sztuki, Chorzowskim Centrum Kultury oraz w Pa\u0142acu w Nakle \u015al\u0105skim.<\/p>\n<p data-start=\"342\" data-end=\"609\">Tw\u00f3rczo\u015b\u0107 artystki koncentruje si\u0119 na kameralnych formach i pracy z codziennymi przedmiotami, kt\u00f3rym nadaje nowe konteksty znaczeniowe. W swoich pracach podejmuje w\u0105tki zwi\u0105zane z nastrojem, przestrzeni\u0105 i wyobra\u017ceniem, buduj\u0105c sp\u00f3jny, rozpoznawalny j\u0119zyk wizualny.<\/p>\n<p data-start=\"611\" data-end=\"712\">Wystawa ma charakter otwarty i stanowi okazj\u0119 do zapoznania si\u0119 z aktualnymi realizacjami artystki.<\/p>\n<p data-start=\"714\" data-end=\"804\" data-is-last-node=\"\" data-is-only-node=\"\">Kuratorem wystawy jest <a href=\"https:\/\/us.edu.pl\/instytut\/ij\/osoby\/katarzyna-kwapisz-osadnik\/\">prof. dr hab. Katarzyna Kwapisz-Osadnik<\/a> z Instytutu J\u0119zykoznawstwa.<\/p>\n<p>\n<\/div>\r\n                    <\/div>\r\n                <\/div>\r\n                <div class=\"text-modules\">\r\n                    <div class=\"container\">\r\n                        \r\n                        <div class=\"text-modules__content\"><p><img class=\"alignnone wp-image-196984 size-medium\" src=\"https:\/\/us.edu.pl\/wydzial\/wh\/wp-content\/uploads\/sites\/15\/Bez-kategorii\/3-15-224x300.jpg\" alt=\"\" width=\"224\" height=\"300\" srcset=\"https:\/\/us.edu.pl\/wydzial\/wh\/wp-content\/uploads\/sites\/15\/Bez-kategorii\/3-15-224x300.jpg 224w, https:\/\/us.edu.pl\/wydzial\/wh\/wp-content\/uploads\/sites\/15\/Bez-kategorii\/3-15-429x575.jpg 429w, https:\/\/us.edu.pl\/wydzial\/wh\/wp-content\/uploads\/sites\/15\/Bez-kategorii\/3-15.jpg 478w\" sizes=\"(max-width: 224px) 100vw, 224px\" \/><img class=\"alignnone wp-image-196983 size-medium\" src=\"https:\/\/us.edu.pl\/wydzial\/wh\/wp-content\/uploads\/sites\/15\/Bez-kategorii\/2-17-225x300.jpg\" alt=\"\" width=\"225\" height=\"300\" srcset=\"https:\/\/us.edu.pl\/wydzial\/wh\/wp-content\/uploads\/sites\/15\/Bez-kategorii\/2-17-225x300.jpg 225w, https:\/\/us.edu.pl\/wydzial\/wh\/wp-content\/uploads\/sites\/15\/Bez-kategorii\/2-17-431x575.jpg 431w, https:\/\/us.edu.pl\/wydzial\/wh\/wp-content\/uploads\/sites\/15\/Bez-kategorii\/2-17.jpg 480w\" sizes=\"(max-width: 225px) 100vw, 225px\" \/><\/p>\n<\/div>\r\n                    <\/div>\r\n                <\/div>[\/vc_column][vc_column width=&#8221;1\/3&#8243;]\r\n                <div class=\"text-modules\">\r\n                    <div class=\"container\">\r\n                        \r\n                        <div class=\"text-modules__content\"><p><img class=\"alignnone size-full wp-image-196982\" src=\"https:\/\/us.edu.pl\/wydzial\/wh\/wp-content\/uploads\/sites\/15\/Bez-kategorii\/1-21.jpg\" alt=\"\" width=\"640\" height=\"480\" srcset=\"https:\/\/us.edu.pl\/wydzial\/wh\/wp-content\/uploads\/sites\/15\/Bez-kategorii\/1-21.jpg 640w, https:\/\/us.edu.pl\/wydzial\/wh\/wp-content\/uploads\/sites\/15\/Bez-kategorii\/1-21-300x225.jpg 300w, https:\/\/us.edu.pl\/wydzial\/wh\/wp-content\/uploads\/sites\/15\/Bez-kategorii\/1-21-575x431.jpg 575w\" sizes=\"(max-width: 640px) 100vw, 640px\" \/><\/p>\n<\/div>\r\n                    <\/div>\r\n                <\/div>[\/vc_column][\/vc_row]<\/p>","protected":false},"excerpt":{"rendered":"<p>[vc_row][vc_column width=&#8221;2\/3&#8243;][\/vc_column][vc_column width=&#8221;1\/3&#8243;][\/vc_column][\/vc_row] [&#8230;]<\/p>\n<p><a class=\"btn btn-secondary understrap-read-more-link\" href=\"https:\/\/us.edu.pl\/wydzial\/wh\/2026\/04\/23\/wystawa-prac-olgi-naliwajko-na-wydziale-humanistycznym-w-sosnowcu\/\">Read More&#8230;<\/a><\/p>\n","protected":false},"author":7256,"featured_media":196982,"comment_status":"open","ping_status":"open","sticky":false,"template":"","format":"standard","meta":{"_expiration-date-status":"","_expiration-date":0,"_expiration-date-type":"","_expiration-date-categories":[],"_expiration-date-options":[]},"categories":[6],"tags":[],"acf":[],"_links":{"self":[{"href":"https:\/\/us.edu.pl\/wydzial\/wh\/wp-json\/wp\/v2\/posts\/196981"}],"collection":[{"href":"https:\/\/us.edu.pl\/wydzial\/wh\/wp-json\/wp\/v2\/posts"}],"about":[{"href":"https:\/\/us.edu.pl\/wydzial\/wh\/wp-json\/wp\/v2\/types\/post"}],"author":[{"embeddable":true,"href":"https:\/\/us.edu.pl\/wydzial\/wh\/wp-json\/wp\/v2\/users\/7256"}],"replies":[{"embeddable":true,"href":"https:\/\/us.edu.pl\/wydzial\/wh\/wp-json\/wp\/v2\/comments?post=196981"}],"version-history":[{"count":1,"href":"https:\/\/us.edu.pl\/wydzial\/wh\/wp-json\/wp\/v2\/posts\/196981\/revisions"}],"predecessor-version":[{"id":196985,"href":"https:\/\/us.edu.pl\/wydzial\/wh\/wp-json\/wp\/v2\/posts\/196981\/revisions\/196985"}],"wp:featuredmedia":[{"embeddable":true,"href":"https:\/\/us.edu.pl\/wydzial\/wh\/wp-json\/wp\/v2\/media\/196982"}],"wp:attachment":[{"href":"https:\/\/us.edu.pl\/wydzial\/wh\/wp-json\/wp\/v2\/media?parent=196981"}],"wp:term":[{"taxonomy":"category","embeddable":true,"href":"https:\/\/us.edu.pl\/wydzial\/wh\/wp-json\/wp\/v2\/categories?post=196981"},{"taxonomy":"post_tag","embeddable":true,"href":"https:\/\/us.edu.pl\/wydzial\/wh\/wp-json\/wp\/v2\/tags?post=196981"}],"curies":[{"name":"wp","href":"https:\/\/api.w.org\/{rel}","templated":true}]}}