{"id":197001,"date":"2026-04-23T14:58:43","date_gmt":"2026-04-23T12:58:43","guid":{"rendered":"https:\/\/us.edu.pl\/wydzial\/wh\/?p=197001"},"modified":"2026-04-27T07:54:15","modified_gmt":"2026-04-27T05:54:15","slug":"spotkanie-autorskie-z-prof-grzegorzem-przebinda","status":"publish","type":"post","link":"https:\/\/us.edu.pl\/wydzial\/wh\/2026\/04\/23\/spotkanie-autorskie-z-prof-grzegorzem-przebinda\/","title":{"rendered":"Spotkanie autorskie z prof. Grzegorzem Przebind\u0105"},"content":{"rendered":"<p>[vc_row][vc_column width=&#8221;2\/3&#8243;]\r\n                <div class=\"text-modules\">\r\n                    <div class=\"container\">\r\n                        \r\n                        <div class=\"text-modules__content\"><p>28 kwietnia 2026 r. w CINiB-ie (godz. 15.30, sala konferencyjna, p. 0) odb\u0119dzie si\u0119 spotkanie autorskie z prof. Grzegorzem Przebind\u0105. Prowadzenie: prof. Piotr Fast.<\/p>\n<p><strong>O wydarzeniu:<\/strong><\/p>\n<p>Debata wok\u00f3\u0142 drugiego tomu dziennik\u00f3w wojennych Profesora Przebindy \u2013 filologa, rusycysty, historyka idei, t\u0142umacza.<\/p>\n<p>Wst\u0119p wolny!<\/p>\n<p><strong>Organizatorzy<\/strong>: Polskie Towarzystwo Rusycystyczne, Uniwersytet \u015al\u0105ski w Katowicach, CINiBA<\/p>\n<p>&nbsp;<\/p>\n<p><a href=\"https:\/\/us.edu.pl\/wydzial\/wh\/wp-content\/uploads\/sites\/15\/Bez-kategorii\/Przebinda-plakat-z-siw.pdf\" class=\"mtli_attachment mtli_pdf\" data-mtli=\"mtli_filesize618,94kB\" class=\"mtli_attachment mtli_pdf\" data-mtli=\"mtli_filesize618,94kB\">Plakat<\/a><\/p>\n<style type=\"text\/css\">a[data-mtli~=\"mtli_filesize618,94kB\"]:after {content:\" (618,94 kB)\"}<\/style><\/div>\r\n                    <\/div>\r\n                <\/div>[\/vc_column][vc_column width=&#8221;1\/3&#8243;]\r\n                <div class=\"text-modules\">\r\n                    <div class=\"container\">\r\n                        \r\n                        <div class=\"text-modules__content\"><p><img class=\"alignnone wp-image-180064 size-full\" src=\"https:\/\/us.edu.pl\/wydzial\/wh\/wp-content\/uploads\/sites\/15\/OBRAZKI-WYROZNIAJACE\/wyklad3.png\" alt=\"sala wyk\u0142adowa wype\u0142niona lud\u017ami\" width=\"800\" height=\"600\" srcset=\"https:\/\/us.edu.pl\/wydzial\/wh\/wp-content\/uploads\/sites\/15\/OBRAZKI-WYROZNIAJACE\/wyklad3.png 800w, https:\/\/us.edu.pl\/wydzial\/wh\/wp-content\/uploads\/sites\/15\/OBRAZKI-WYROZNIAJACE\/wyklad3-300x225.png 300w, https:\/\/us.edu.pl\/wydzial\/wh\/wp-content\/uploads\/sites\/15\/OBRAZKI-WYROZNIAJACE\/wyklad3-768x576.png 768w, https:\/\/us.edu.pl\/wydzial\/wh\/wp-content\/uploads\/sites\/15\/OBRAZKI-WYROZNIAJACE\/wyklad3-575x431.png 575w\" sizes=\"(max-width: 800px) 100vw, 800px\" \/><\/p>\n<\/div>\r\n                    <\/div>\r\n                <\/div>[\/vc_column][\/vc_row]<\/p>\n<style type=\"text\/css\">a[data-mtli~=\"mtli_filesize618,94kB\"]:after {content:\" (618,94 kB)\"}<\/style>","protected":false},"excerpt":{"rendered":"<p>[vc_row][vc_column width=&#8221;2\/3&#8243;][\/vc_column][vc_column width=&#8221;1\/3&#8243;][\/vc_column][\/vc_row] [&#8230;]<\/p>\n<p><a class=\"btn btn-secondary understrap-read-more-link\" href=\"https:\/\/us.edu.pl\/wydzial\/wh\/2026\/04\/23\/spotkanie-autorskie-z-prof-grzegorzem-przebinda\/\">Read More&#8230;<\/a><\/p>\n","protected":false},"author":7254,"featured_media":180064,"comment_status":"open","ping_status":"open","sticky":false,"template":"","format":"standard","meta":{"_expiration-date-status":"","_expiration-date":0,"_expiration-date-type":"","_expiration-date-categories":[],"_expiration-date-options":[]},"categories":[37,6],"tags":[],"acf":[],"_links":{"self":[{"href":"https:\/\/us.edu.pl\/wydzial\/wh\/wp-json\/wp\/v2\/posts\/197001"}],"collection":[{"href":"https:\/\/us.edu.pl\/wydzial\/wh\/wp-json\/wp\/v2\/posts"}],"about":[{"href":"https:\/\/us.edu.pl\/wydzial\/wh\/wp-json\/wp\/v2\/types\/post"}],"author":[{"embeddable":true,"href":"https:\/\/us.edu.pl\/wydzial\/wh\/wp-json\/wp\/v2\/users\/7254"}],"replies":[{"embeddable":true,"href":"https:\/\/us.edu.pl\/wydzial\/wh\/wp-json\/wp\/v2\/comments?post=197001"}],"version-history":[{"count":2,"href":"https:\/\/us.edu.pl\/wydzial\/wh\/wp-json\/wp\/v2\/posts\/197001\/revisions"}],"predecessor-version":[{"id":197056,"href":"https:\/\/us.edu.pl\/wydzial\/wh\/wp-json\/wp\/v2\/posts\/197001\/revisions\/197056"}],"wp:featuredmedia":[{"embeddable":true,"href":"https:\/\/us.edu.pl\/wydzial\/wh\/wp-json\/wp\/v2\/media\/180064"}],"wp:attachment":[{"href":"https:\/\/us.edu.pl\/wydzial\/wh\/wp-json\/wp\/v2\/media?parent=197001"}],"wp:term":[{"taxonomy":"category","embeddable":true,"href":"https:\/\/us.edu.pl\/wydzial\/wh\/wp-json\/wp\/v2\/categories?post=197001"},{"taxonomy":"post_tag","embeddable":true,"href":"https:\/\/us.edu.pl\/wydzial\/wh\/wp-json\/wp\/v2\/tags?post=197001"}],"curies":[{"name":"wp","href":"https:\/\/api.w.org\/{rel}","templated":true}]}}