{"id":197005,"date":"2026-04-24T07:55:48","date_gmt":"2026-04-24T05:55:48","guid":{"rendered":"https:\/\/us.edu.pl\/wydzial\/wh\/?p=197005"},"modified":"2026-04-24T07:58:31","modified_gmt":"2026-04-24T05:58:31","slug":"dr-marcela-gruszczyk-ponownie-w-gronie-ekspertow-programu-ministerstwa-edukacji","status":"publish","type":"post","link":"https:\/\/us.edu.pl\/wydzial\/wh\/2026\/04\/24\/dr-marcela-gruszczyk-ponownie-w-gronie-ekspertow-programu-ministerstwa-edukacji\/","title":{"rendered":"Dr Marcela Gruszczyk ponownie w gronie ekspert\u00f3w programu Ministerstwa Edukacji"},"content":{"rendered":"<p>[vc_row][vc_column width=&#8221;2\/3&#8243;]\r\n                <div class=\"text-modules\">\r\n                    <div class=\"container\">\r\n                        \r\n                        <div class=\"text-modules__content\"><\/p>\n<p data-start=\"159\" data-end=\"322\"><a href=\"https:\/\/us.edu.pl\/instytut\/ih\/osoby\/marcela-gruszczyk\/\">Dr Marcela Gruszczyk<\/a> z Instytutu Historii po raz kolejny zosta\u0142a powo\u0142ana do grona ekspert\u00f3w programu realizowanego przez Ministerstwo Edukacji. W bie\u017c\u0105cym roku badaczka b\u0119dzie wsp\u00f3\u0142pracowa\u0107 przy programie <strong data-start=\"385\" data-end=\"415\">\u201eKompas M\u0142odego Obywatela\u201d<\/strong>, kt\u00f3rego celem jest wspieranie edukacji obywatelskiej m\u0142odzie\u017cy oraz rozwijanie kompetencji spo\u0142ecznych i zaanga\u017cowania w \u017cycie publiczne.<\/p>\n<p data-start=\"558\" data-end=\"704\">To kolejne wyr\u00f3\u017cnienie dla dr Marceli Gruszczyk \u2013 w poprzednim roku r\u00f3wnie\u017c uczestniczy\u0142a w pracach eksperckich przy programach ministerialnych.<\/p>\n<p data-start=\"706\" data-end=\"863\">Powo\u0142anie zosta\u0142o potwierdzone stosownym zarz\u0105dzeniem opublikowanym w <a href=\"https:\/\/e-dziennik-minedu.men.gov.pl\/#\/acts\/3025\">dzienniku Ministerstwa Edukacji.<\/a><\/p>\n<p data-start=\"865\" data-end=\"916\">Serdecznie gratulujemy i \u017cyczymy dalszych sukces\u00f3w!<\/p>\n<p>\n<\/div>\r\n                    <\/div>\r\n                <\/div>[\/vc_column][vc_column width=&#8221;1\/3&#8243;]\r\n                <div class=\"text-modules\">\r\n                    <div class=\"container\">\r\n                        \r\n                        <div class=\"text-modules__content\"><p><img class=\"alignnone size-full wp-image-197006\" src=\"https:\/\/us.edu.pl\/wydzial\/wh\/wp-content\/uploads\/sites\/15\/Bez-kategorii\/Gruszczyk.jpg\" alt=\"\" width=\"413\" height=\"546\" srcset=\"https:\/\/us.edu.pl\/wydzial\/wh\/wp-content\/uploads\/sites\/15\/Bez-kategorii\/Gruszczyk.jpg 413w, https:\/\/us.edu.pl\/wydzial\/wh\/wp-content\/uploads\/sites\/15\/Bez-kategorii\/Gruszczyk-227x300.jpg 227w\" sizes=\"(max-width: 413px) 100vw, 413px\" \/><\/p>\n<\/div>\r\n                    <\/div>\r\n                <\/div>[\/vc_column][\/vc_row]<\/p>","protected":false},"excerpt":{"rendered":"<p>[vc_row][vc_column width=&#8221;2\/3&#8243;][\/vc_column][vc_column width=&#8221;1\/3&#8243;][\/vc_column][\/vc_row] [&#8230;]<\/p>\n<p><a class=\"btn btn-secondary understrap-read-more-link\" href=\"https:\/\/us.edu.pl\/wydzial\/wh\/2026\/04\/24\/dr-marcela-gruszczyk-ponownie-w-gronie-ekspertow-programu-ministerstwa-edukacji\/\">Read More&#8230;<\/a><\/p>\n","protected":false},"author":7256,"featured_media":191875,"comment_status":"open","ping_status":"open","sticky":false,"template":"","format":"standard","meta":{"_expiration-date-status":"","_expiration-date":0,"_expiration-date-type":"","_expiration-date-categories":[],"_expiration-date-options":[]},"categories":[6],"tags":[],"acf":[],"_links":{"self":[{"href":"https:\/\/us.edu.pl\/wydzial\/wh\/wp-json\/wp\/v2\/posts\/197005"}],"collection":[{"href":"https:\/\/us.edu.pl\/wydzial\/wh\/wp-json\/wp\/v2\/posts"}],"about":[{"href":"https:\/\/us.edu.pl\/wydzial\/wh\/wp-json\/wp\/v2\/types\/post"}],"author":[{"embeddable":true,"href":"https:\/\/us.edu.pl\/wydzial\/wh\/wp-json\/wp\/v2\/users\/7256"}],"replies":[{"embeddable":true,"href":"https:\/\/us.edu.pl\/wydzial\/wh\/wp-json\/wp\/v2\/comments?post=197005"}],"version-history":[{"count":2,"href":"https:\/\/us.edu.pl\/wydzial\/wh\/wp-json\/wp\/v2\/posts\/197005\/revisions"}],"predecessor-version":[{"id":197008,"href":"https:\/\/us.edu.pl\/wydzial\/wh\/wp-json\/wp\/v2\/posts\/197005\/revisions\/197008"}],"wp:featuredmedia":[{"embeddable":true,"href":"https:\/\/us.edu.pl\/wydzial\/wh\/wp-json\/wp\/v2\/media\/191875"}],"wp:attachment":[{"href":"https:\/\/us.edu.pl\/wydzial\/wh\/wp-json\/wp\/v2\/media?parent=197005"}],"wp:term":[{"taxonomy":"category","embeddable":true,"href":"https:\/\/us.edu.pl\/wydzial\/wh\/wp-json\/wp\/v2\/categories?post=197005"},{"taxonomy":"post_tag","embeddable":true,"href":"https:\/\/us.edu.pl\/wydzial\/wh\/wp-json\/wp\/v2\/tags?post=197005"}],"curies":[{"name":"wp","href":"https:\/\/api.w.org\/{rel}","templated":true}]}}