{"id":197318,"date":"2026-05-13T12:19:54","date_gmt":"2026-05-13T10:19:54","guid":{"rendered":"https:\/\/us.edu.pl\/wydzial\/wh\/?p=197318"},"modified":"2026-05-14T13:08:30","modified_gmt":"2026-05-14T11:08:30","slug":"publikacja-prof-wojciecha-smiei-w-serii-pod-redakcja-prof-adama-dziadka","status":"publish","type":"post","link":"https:\/\/us.edu.pl\/wydzial\/wh\/2026\/05\/13\/publikacja-prof-wojciecha-smiei-w-serii-pod-redakcja-prof-adama-dziadka\/","title":{"rendered":"Publikacja prof. Wojciecha \u015amiei"},"content":{"rendered":"<p>[vc_row][vc_column width=&#8221;2\/3&#8243; css=&#8221;.vc_custom_1778667552377{border-top-width: 2px !important;border-right-width: 2px !important;border-bottom-width: 2px !important;border-left-width: 2px !important;background-color: rgba(147,167,201,0.26) !important;*background-color: rgb(147,167,201) !important;border-left-color: #104d7c !important;border-left-style: solid !important;border-right-color: #104d7c !important;border-right-style: solid !important;border-top-color: #104d7c !important;border-top-style: solid !important;border-bottom-color: #104d7c !important;border-bottom-style: solid !important;border-radius: 1px !important;}&#8221;]\r\n                <div class=\"text-modules\">\r\n                    <div class=\"container\">\r\n                        \r\n                        <div class=\"text-modules__content\"><p>Nak\u0142adem wydawnictwa Peter Lang ukaza\u0142a si\u0119 publikacja Hegemony and Trauma autorstwa \u00a0<strong><a href=\"https:\/\/us.edu.pl\/instytut\/il\/osoby\/wojciech-smieja\/\">prof. Wojciecha \u015amiei<\/a>. <\/strong>Monografia jest 3 cz\u0119\u015bci\u0105 serii pod redakcj\u0105 <strong><a href=\"https:\/\/us.edu.pl\/instytut\/il\/osoby\/adam-dziadek\/\">prof. Adama Dziadka &#8211; <\/a>STUDIES IN GENDER, MASCULINITY, CULTURE AND LITERATURE.<\/strong><\/p>\n<p>To interdyscyplinarne podej\u015bcie do opisu polskich m\u0119sko\u015bci XIX i XX wieku. Autor podejmuje analiz\u0119 r\u00f3\u017cnorodnych m\u0119sko\u015bci ukszta\u0142towanych w kulturze polskiej pod wp\u0142ywem historii i polityki. Tworz\u0105c podstawy metodologiczne wywodu, opiera si\u0119 na badaniach socjologicznych, psychoanalizie oraz nowoczesnych teoriach literatury.<\/p>\n<p>Monografia powsta\u0142a w ramach projektu badawczego NPRH Polish Men and Masculinities. Przek\u0142ad i edycja w j\u0119zyku angielskim wyboru prac z serii wydawniczej \u201eStudia o M\u0119sko\u015bci\u201d (NPRH\/U21\/SP\/496372\/2021\/10) kierowanego przez prof. Adama Dziadka.<\/p>\n<\/div>\r\n                    <\/div>\r\n                <\/div>\r\n                <div class=\"text-modules\">\r\n                    <div class=\"container\">\r\n                        \r\n                        <div class=\"text-modules__content\"><p><img class=\"alignnone wp-image-193702\" src=\"https:\/\/us.edu.pl\/wydzial\/wh\/wp-content\/uploads\/sites\/15\/Bez-kategorii\/formsofmasculinity.png\" alt=\"ok\u0142adka monografii forms of masculinity z symbolem p\u0142ci m\u0119skiej\" width=\"400\" height=\"563\" srcset=\"https:\/\/us.edu.pl\/wydzial\/wh\/wp-content\/uploads\/sites\/15\/Bez-kategorii\/formsofmasculinity.png 570w, https:\/\/us.edu.pl\/wydzial\/wh\/wp-content\/uploads\/sites\/15\/Bez-kategorii\/formsofmasculinity-213x300.png 213w, https:\/\/us.edu.pl\/wydzial\/wh\/wp-content\/uploads\/sites\/15\/Bez-kategorii\/formsofmasculinity-409x575.png 409w\" sizes=\"(max-width: 400px) 100vw, 400px\" \/>\u00a0 \u00a0 \u00a0 \u00a0 \u00a0 \u00a0 \u00a0 \u00a0 \u00a0 \u00a0 \u00a0<img class=\"alignnone wp-image-196727\" src=\"https:\/\/us.edu.pl\/wydzial\/wh\/wp-content\/uploads\/sites\/15\/Bez-kategorii\/large.webp\" alt=\"okladka Forms of Masculinity\" width=\"399\" height=\"560\" srcset=\"https:\/\/us.edu.pl\/wydzial\/wh\/wp-content\/uploads\/sites\/15\/Bez-kategorii\/large.webp 713w, https:\/\/us.edu.pl\/wydzial\/wh\/wp-content\/uploads\/sites\/15\/Bez-kategorii\/large-214x300.webp 214w, https:\/\/us.edu.pl\/wydzial\/wh\/wp-content\/uploads\/sites\/15\/Bez-kategorii\/large-410x575.webp 410w\" sizes=\"(max-width: 399px) 100vw, 399px\" \/><\/p>\n<\/div>\r\n                    <\/div>\r\n                <\/div>[\/vc_column][vc_column width=&#8221;1\/3&#8243;]\r\n                <div class=\"text-modules\">\r\n                    <div class=\"container\">\r\n                        \r\n                        <div class=\"text-modules__content\"><p><img class=\"alignnone size-full wp-image-197319\" src=\"https:\/\/us.edu.pl\/wydzial\/wh\/wp-content\/uploads\/sites\/15\/Bez-kategorii\/Hegemony-and-Trauma.png\" alt=\"ok\u0142adka publikacji Hegemony and Traumma na bia\u0142ym tle ze znakami p\u0142ci\" width=\"554\" height=\"784\" srcset=\"https:\/\/us.edu.pl\/wydzial\/wh\/wp-content\/uploads\/sites\/15\/Bez-kategorii\/Hegemony-and-Trauma.png 554w, https:\/\/us.edu.pl\/wydzial\/wh\/wp-content\/uploads\/sites\/15\/Bez-kategorii\/Hegemony-and-Trauma-212x300.png 212w, https:\/\/us.edu.pl\/wydzial\/wh\/wp-content\/uploads\/sites\/15\/Bez-kategorii\/Hegemony-and-Trauma-406x575.png 406w\" sizes=\"(max-width: 554px) 100vw, 554px\" \/><\/p>\n<\/div>\r\n                    <\/div>\r\n                <\/div>[\/vc_column][\/vc_row]<\/p>","protected":false},"excerpt":{"rendered":"<p>[vc_row][vc_column width=&#8221;2\/3&#8243; css=&#8221;.vc_custom_1778667552377{border-top-width: 2px !important;border-right-width: 2px !important;border-bottom-width: 2px !important;border-left-width: 2px !important;background-color: rgba(147,167,201,0.26) !important;*background-color: rgb(147,167,201) !important;border-left-color: #104d7c !important;border-left-style: solid !important;border-right-color: #104d7c !important;border-right-style: solid !important;border-top-color: #104d7c !important;border-top-style: solid !important;border-bottom-color: #104d7c !important;border-bottom-style: solid !important;border-radius: 1px !important;}&#8221;][\/vc_column][vc_column width=&#8221;1\/3&#8243;][\/vc_column][\/vc_row] [&#8230;]<\/p>\n<p><a class=\"btn btn-secondary understrap-read-more-link\" href=\"https:\/\/us.edu.pl\/wydzial\/wh\/2026\/05\/13\/publikacja-prof-wojciecha-smiei-w-serii-pod-redakcja-prof-adama-dziadka\/\">Read More&#8230;<\/a><\/p>\n","protected":false},"author":7254,"featured_media":197319,"comment_status":"open","ping_status":"open","sticky":false,"template":"","format":"standard","meta":{"_expiration-date-status":"","_expiration-date":0,"_expiration-date-type":"","_expiration-date-categories":[],"_expiration-date-options":[]},"categories":[38,6],"tags":[],"acf":[],"_links":{"self":[{"href":"https:\/\/us.edu.pl\/wydzial\/wh\/wp-json\/wp\/v2\/posts\/197318"}],"collection":[{"href":"https:\/\/us.edu.pl\/wydzial\/wh\/wp-json\/wp\/v2\/posts"}],"about":[{"href":"https:\/\/us.edu.pl\/wydzial\/wh\/wp-json\/wp\/v2\/types\/post"}],"author":[{"embeddable":true,"href":"https:\/\/us.edu.pl\/wydzial\/wh\/wp-json\/wp\/v2\/users\/7254"}],"replies":[{"embeddable":true,"href":"https:\/\/us.edu.pl\/wydzial\/wh\/wp-json\/wp\/v2\/comments?post=197318"}],"version-history":[{"count":9,"href":"https:\/\/us.edu.pl\/wydzial\/wh\/wp-json\/wp\/v2\/posts\/197318\/revisions"}],"predecessor-version":[{"id":197366,"href":"https:\/\/us.edu.pl\/wydzial\/wh\/wp-json\/wp\/v2\/posts\/197318\/revisions\/197366"}],"wp:featuredmedia":[{"embeddable":true,"href":"https:\/\/us.edu.pl\/wydzial\/wh\/wp-json\/wp\/v2\/media\/197319"}],"wp:attachment":[{"href":"https:\/\/us.edu.pl\/wydzial\/wh\/wp-json\/wp\/v2\/media?parent=197318"}],"wp:term":[{"taxonomy":"category","embeddable":true,"href":"https:\/\/us.edu.pl\/wydzial\/wh\/wp-json\/wp\/v2\/categories?post=197318"},{"taxonomy":"post_tag","embeddable":true,"href":"https:\/\/us.edu.pl\/wydzial\/wh\/wp-json\/wp\/v2\/tags?post=197318"}],"curies":[{"name":"wp","href":"https:\/\/api.w.org\/{rel}","templated":true}]}}