{"id":198553,"date":"2026-09-03T12:18:00","date_gmt":"2026-09-03T10:18:00","guid":{"rendered":"https:\/\/us.edu.pl\/wydzial\/wh\/?p=198553"},"modified":"2026-09-03T12:18:00","modified_gmt":"2026-09-03T10:18:00","slug":"sympozjum-badaczy-literatury-szwajcarskiej-na-uniwersytecie-slaskim","status":"publish","type":"post","link":"https:\/\/us.edu.pl\/wydzial\/wh\/2026\/09\/03\/sympozjum-badaczy-literatury-szwajcarskiej-na-uniwersytecie-slaskim\/","title":{"rendered":"Sympozjum badaczy literatury szwajcarskiej na Uniwersytecie \u015al\u0105skim"},"content":{"rendered":"<p>[vc_row][vc_column width=&#8221;2\/3&#8243;]\r\n                <div class=\"text-modules\">\r\n                    <div class=\"container\">\r\n                        \r\n                        <div class=\"text-modules__content\"><p>W dniach <strong>8-10 wrze\u015bnia 2026\u00a0r.<\/strong> Uniwersytet \u015al\u0105ski b\u0119dzie go\u015bci\u0142 mi\u0119dzynarodow\u0105 grup\u0119 badaczy literatury szwajcarskiej. Wydarzenie to ma charakter zamkni\u0119ty i jest cyklicznym spotkaniem literaturoznawc\u00f3w reprezentuj\u0105cych renomowane europejskie uczelnie i instytucje zwi\u0105zane z kultur\u0105 Szwajcarii.<\/p>\n<p>Organizatorem tegorocznego sympozjum jest <strong>Instytut<\/strong> <strong>Literaturoznawstwa \/ Filologia germa\u0144ska<\/strong> a tematem trzydniowych obrad: <strong>Tod und Verg\u00e4nglichkeit in der Deutschschweizer Literatur<\/strong> (Motyw przemijania i \u015bmierci w literaturze szwajcarskiej).<\/p>\n<p>Zjazd u\u015bwietni obecno\u015b\u0107 <strong>Meral Kureyshi<\/strong>, pisarki nominowanej w 2015 roku do Szwajcarskiej Nagrody Ksi\u0105\u017ckowej. Polskiemu czytelnikowi Kureyshi znana jest przede wszystkim z powie\u015bci <em>S\u0142onie w ogrodzie (Elefanten im Garten, <\/em>2015<em>)<\/em>.<\/p>\n<p>Na spotkanie autorskie z pisark\u0105 zapraszamy <strong>9 wrze\u015bnia 2026\u00a0r. o godz.18:00 do Biblioteki \u015al\u0105skiej<\/strong>.<\/p>\n<\/div>\r\n                    <\/div>\r\n                <\/div>[\/vc_column][vc_column width=&#8221;1\/3&#8243;]\r\n                <div class=\"text-modules\">\r\n                    <div class=\"container\">\r\n                        \r\n                        <div class=\"text-modules__content\"><p><img class=\"alignnone size-full wp-image-189338\" src=\"https:\/\/us.edu.pl\/wydzial\/wh\/wp-content\/uploads\/sites\/15\/OBRAZKI-WYROZNIAJACE\/seminarium4.png\" alt=\"widownia w auli podczas seminarium\" width=\"800\" height=\"600\" srcset=\"https:\/\/us.edu.pl\/wydzial\/wh\/wp-content\/uploads\/sites\/15\/OBRAZKI-WYROZNIAJACE\/seminarium4.png 800w, https:\/\/us.edu.pl\/wydzial\/wh\/wp-content\/uploads\/sites\/15\/OBRAZKI-WYROZNIAJACE\/seminarium4-300x225.png 300w, https:\/\/us.edu.pl\/wydzial\/wh\/wp-content\/uploads\/sites\/15\/OBRAZKI-WYROZNIAJACE\/seminarium4-768x576.png 768w, https:\/\/us.edu.pl\/wydzial\/wh\/wp-content\/uploads\/sites\/15\/OBRAZKI-WYROZNIAJACE\/seminarium4-575x431.png 575w\" sizes=\"(max-width: 800px) 100vw, 800px\" \/><\/p>\n<\/div>\r\n                    <\/div>\r\n                <\/div>[\/vc_column][\/vc_row]<\/p>","protected":false},"excerpt":{"rendered":"<p>[vc_row][vc_column width=&#8221;2\/3&#8243;][\/vc_column][vc_column width=&#8221;1\/3&#8243;][\/vc_column][\/vc_row] [&#8230;]<\/p>\n<p><a class=\"btn btn-secondary understrap-read-more-link\" href=\"https:\/\/us.edu.pl\/wydzial\/wh\/2026\/09\/03\/sympozjum-badaczy-literatury-szwajcarskiej-na-uniwersytecie-slaskim\/\">Read More&#8230;<\/a><\/p>\n","protected":false},"author":7256,"featured_media":189338,"comment_status":"open","ping_status":"open","sticky":false,"template":"","format":"standard","meta":{"_expiration-date-status":"","_expiration-date":0,"_expiration-date-type":"","_expiration-date-categories":[],"_expiration-date-options":[]},"categories":[6],"tags":[],"acf":[],"_links":{"self":[{"href":"https:\/\/us.edu.pl\/wydzial\/wh\/wp-json\/wp\/v2\/posts\/198553"}],"collection":[{"href":"https:\/\/us.edu.pl\/wydzial\/wh\/wp-json\/wp\/v2\/posts"}],"about":[{"href":"https:\/\/us.edu.pl\/wydzial\/wh\/wp-json\/wp\/v2\/types\/post"}],"author":[{"embeddable":true,"href":"https:\/\/us.edu.pl\/wydzial\/wh\/wp-json\/wp\/v2\/users\/7256"}],"replies":[{"embeddable":true,"href":"https:\/\/us.edu.pl\/wydzial\/wh\/wp-json\/wp\/v2\/comments?post=198553"}],"version-history":[{"count":1,"href":"https:\/\/us.edu.pl\/wydzial\/wh\/wp-json\/wp\/v2\/posts\/198553\/revisions"}],"predecessor-version":[{"id":198554,"href":"https:\/\/us.edu.pl\/wydzial\/wh\/wp-json\/wp\/v2\/posts\/198553\/revisions\/198554"}],"wp:featuredmedia":[{"embeddable":true,"href":"https:\/\/us.edu.pl\/wydzial\/wh\/wp-json\/wp\/v2\/media\/189338"}],"wp:attachment":[{"href":"https:\/\/us.edu.pl\/wydzial\/wh\/wp-json\/wp\/v2\/media?parent=198553"}],"wp:term":[{"taxonomy":"category","embeddable":true,"href":"https:\/\/us.edu.pl\/wydzial\/wh\/wp-json\/wp\/v2\/categories?post=198553"},{"taxonomy":"post_tag","embeddable":true,"href":"https:\/\/us.edu.pl\/wydzial\/wh\/wp-json\/wp\/v2\/tags?post=198553"}],"curies":[{"name":"wp","href":"https:\/\/api.w.org\/{rel}","templated":true}]}}