{"id":20262,"date":"2022-05-16T12:05:33","date_gmt":"2022-05-16T10:05:33","guid":{"rendered":"https:\/\/us.edu.pl\/wydzial\/wh\/?p=20262"},"modified":"2022-05-16T12:05:33","modified_gmt":"2022-05-16T10:05:33","slug":"zmarl-prof-dr-hab-czeslaw-glombik","status":"publish","type":"post","link":"https:\/\/us.edu.pl\/wydzial\/wh\/2022\/05\/16\/zmarl-prof-dr-hab-czeslaw-glombik\/","title":{"rendered":"Zmar\u0142 prof. dr hab. Czes\u0142aw G\u0142ombik"},"content":{"rendered":"<p>[vc_row][vc_column width=&#8221;2\/3&#8243;]\r\n                <div class=\"text-modules\">\r\n                    <div class=\"container\">\r\n                        \r\n                        <div class=\"text-modules__content\"><p><!--break--><\/p>\n<table style=\"margin: auto; border: 3px solid #000000;\" width=\"90%\" cellspacing=\"1\" cellpadding=\"1\">\n<tbody>\n<tr>\n<td style=\"text-align: center;\">&nbsp;<\/p>\n<p>S\u0142owa wydaj\u0105 si\u0119 niewystarczaj\u0105ce,<br \/>\naby wyrazi\u0107 smutek, jaki czujemy z powodu \u015bmierci<\/p>\n<p>&nbsp;<\/p>\n<p><strong>\u015bp.<\/strong><\/p>\n<p><strong>prof. dr hab. Czes\u0142awa G\u0142ombika<\/strong><\/p>\n<p>&nbsp;<\/p>\n<p>Odszed\u0142 wieloletni pracownik Instytutu Filozofii, prorektor U\u015a i pe\u0142ni\u0105cy obowi\u0105zki Rektora U\u015a<br \/>\noraz doktor honoris causa Uniwersytetu Palackiego w O\u0142omu\u0144cu.<\/p>\n<p>&nbsp;<\/p>\n<p>Wraz ze \u015bmierci\u0105 Profesora tracimy nie tylko wielkiego historyka filozofii, my\u015bliciela,<br \/>\nale\u00a0znakomitego wychowawc\u0119 b\u0119d\u0105cego\u00a0wzorem nauczyciela akademickiego.<\/p>\n<p>Dla wielu pokole\u0144 badaczy by\u0142 mistrzem, opiekunem naukowym,<br \/>\na przede wszystkim oddanym koleg\u0105, cz\u0142owiekiem,<br \/>\nkt\u00f3rego \u017cyczliwo\u015b\u0107 zawsze b\u0119dzie wspominana.<\/p>\n<p>&nbsp;<\/p>\n<p><strong>\u017bonie, Rodzinie, Najbli\u017cszym oraz Wsp\u00f3\u0142pracownikom i Wychowankom Zmar\u0142ego<\/strong><\/p>\n<p>&nbsp;<\/p>\n<p>wyrazy wsp\u00f3\u0142czucia i \u017calu sk\u0142adaj\u0105,<\/p>\n<p>&nbsp;<\/p>\n<p><strong>Dziekan Wydzia\u0142u Humanistycznego<\/strong><\/p>\n<p><strong>Dyrektor Instytutu Filozofii<\/strong><\/p>\n<p><strong>Uniwersytetu \u015al\u0105skiego w Katowicach<\/strong><\/p>\n<p><strong>wraz z pracownikami\u00a0<\/strong><\/p>\n<p>&nbsp;<\/p>\n<p>&nbsp;<\/td>\n<\/tr>\n<\/tbody>\n<\/table>\n<p>\n<\/div>\r\n                    <\/div>\r\n                <\/div>\r\n                <div class=\"text-modules\">\r\n                    <div class=\"container\">\r\n                        \r\n                        <div class=\"text-modules__content\"><p><!--break--><\/p>\n<table style=\"margin: auto; border: 3px solid #000000;\" width=\"90%\" cellspacing=\"1\" cellpadding=\"1\">\n<tbody>\n<tr>\n<td style=\"text-align: center;\">&nbsp;<\/p>\n<p>Naszej drogiej Kole\u017cance<\/p>\n<p>&nbsp;<\/p>\n<p><strong>dr hab. Krystynie Warcha\u0142owej, prof. U\u015a<br \/>\ni jej Najbli\u017cszym<\/strong><\/p>\n<p>&nbsp;<\/p>\n<p>wyrazy g\u0142\u0119bokiego wsp\u00f3\u0142czucia z powodu \u015bmierci<\/p>\n<p><strong>\u00a0<\/strong><\/p>\n<p><strong>Taty &#8211; prof. dr. hab. Czes\u0142awa G\u0142ombika,<\/strong><\/p>\n<p>&nbsp;<\/p>\n<p>a tak\u017ce s\u0142owa otuchy i wsparcia w tych trudnych chwilach przekazuj\u0105<\/p>\n<p>&nbsp;<\/p>\n<p><strong>Dyrekcja i Pracownicy Kierunku Filologia Angielska<\/strong><\/p>\n<p>&nbsp;<\/p>\n<p>&nbsp;<\/td>\n<\/tr>\n<\/tbody>\n<\/table>\n<p>\n<\/div>\r\n                    <\/div>\r\n                <\/div>\r\n                <div class=\"text-modules\">\r\n                    <div class=\"container\">\r\n                        \r\n                        <div class=\"text-modules__content\"><p><!--break--><\/p>\n<table style=\"margin: auto; border: 3px solid #000000;\" width=\"90%\" cellspacing=\"1\" cellpadding=\"1\">\n<tbody>\n<tr>\n<td style=\"text-align: center;\">&nbsp;<\/p>\n<p>Serdeczne wyrazy g\u0142\u0119bokiego wsp\u00f3\u0142czucia<br \/>\nprzekazujemy na r\u0119ce naszej drogiej Kole\u017canki,<\/p>\n<p>&nbsp;<\/p>\n<p><strong>dr hab. Krystyny Warcha\u0142, prof. U\u015a<\/strong>,<\/p>\n<p>&nbsp;<\/p>\n<p>w zwi\u0105zku ze \u015bmierci\u0105 Jej Ojca \u2013 <strong>prof. dr. hab. Czes\u0142awa G\u0142ombika<\/strong>,<\/p>\n<p>&nbsp;<\/p>\n<p>znakomitego Filozofa i nauczyciela akademickiego.<\/p>\n<p>&nbsp;<\/p>\n<p>\u0141\u0105czymy si\u0119 z Ni\u0105 w tych trudnych chwilach,<br \/>\nprzekazuj\u0105c nasze s\u0142owa otuchy i wsparcia.<\/p>\n<p>&nbsp;<\/p>\n<p><strong>Dyrekcja Instytutu J\u0119zykoznawstwa<\/strong><\/p>\n<p>&nbsp;<\/p>\n<p>&nbsp;<\/td>\n<\/tr>\n<\/tbody>\n<\/table>\n<p>\n<\/div>\r\n                    <\/div>\r\n                <\/div>[\/vc_column][vc_column width=&#8221;1\/3&#8243;]\r\n                <div class=\"text-modules\">\r\n                    <div class=\"container\">\r\n                        \r\n                        <div class=\"text-modules__content\"><\/p>\n<p><img class=\"alignnone wp-image-6520 size-full\" src=\"https:\/\/us.edu.pl\/wydzial\/wh\/wp-content\/uploads\/sites\/15\/OBRAZKI-WYR\u00d3\u017bNIAJ\u0104CE\/joanna-kosinska-HdVIGmYhUsA-unsplash-1.jpg\" alt=\"Zapalny znicz (czarno-bia\u0142e zdj\u0119cie)\" width=\"690\" height=\"400\" srcset=\"https:\/\/us.edu.pl\/wydzial\/wh\/wp-content\/uploads\/sites\/15\/OBRAZKI-WYR\u00d3\u017bNIAJ\u0104CE\/joanna-kosinska-HdVIGmYhUsA-unsplash-1.jpg 690w, https:\/\/us.edu.pl\/wydzial\/wh\/wp-content\/uploads\/sites\/15\/OBRAZKI-WYR\u00d3\u017bNIAJ\u0104CE\/joanna-kosinska-HdVIGmYhUsA-unsplash-1-300x174.jpg 300w, https:\/\/us.edu.pl\/wydzial\/wh\/wp-content\/uploads\/sites\/15\/OBRAZKI-WYR\u00d3\u017bNIAJ\u0104CE\/joanna-kosinska-HdVIGmYhUsA-unsplash-1-575x333.jpg 575w\" sizes=\"(max-width: 690px) 100vw, 690px\" \/><\/p>\n<\/div>\r\n                    <\/div>\r\n                <\/div>[\/vc_column][\/vc_row]<\/p>","protected":false},"excerpt":{"rendered":"<p>[vc_row][vc_column width=&#8221;2\/3&#8243;][\/vc_column][vc_column width=&#8221;1\/3&#8243;][\/vc_column][\/vc_row] [&#8230;]<\/p>\n<p><a class=\"btn btn-secondary understrap-read-more-link\" href=\"https:\/\/us.edu.pl\/wydzial\/wh\/2022\/05\/16\/zmarl-prof-dr-hab-czeslaw-glombik\/\">Read More&#8230;<\/a><\/p>\n","protected":false},"author":1,"featured_media":6520,"comment_status":"open","ping_status":"open","sticky":false,"template":"","format":"standard","meta":{"_expiration-date-status":"","_expiration-date":0,"_expiration-date-type":"","_expiration-date-categories":[],"_expiration-date-options":[]},"categories":[6],"tags":[71],"acf":[],"_links":{"self":[{"href":"https:\/\/us.edu.pl\/wydzial\/wh\/wp-json\/wp\/v2\/posts\/20262"}],"collection":[{"href":"https:\/\/us.edu.pl\/wydzial\/wh\/wp-json\/wp\/v2\/posts"}],"about":[{"href":"https:\/\/us.edu.pl\/wydzial\/wh\/wp-json\/wp\/v2\/types\/post"}],"author":[{"embeddable":true,"href":"https:\/\/us.edu.pl\/wydzial\/wh\/wp-json\/wp\/v2\/users\/1"}],"replies":[{"embeddable":true,"href":"https:\/\/us.edu.pl\/wydzial\/wh\/wp-json\/wp\/v2\/comments?post=20262"}],"version-history":[{"count":6,"href":"https:\/\/us.edu.pl\/wydzial\/wh\/wp-json\/wp\/v2\/posts\/20262\/revisions"}],"predecessor-version":[{"id":20268,"href":"https:\/\/us.edu.pl\/wydzial\/wh\/wp-json\/wp\/v2\/posts\/20262\/revisions\/20268"}],"wp:featuredmedia":[{"embeddable":true,"href":"https:\/\/us.edu.pl\/wydzial\/wh\/wp-json\/wp\/v2\/media\/6520"}],"wp:attachment":[{"href":"https:\/\/us.edu.pl\/wydzial\/wh\/wp-json\/wp\/v2\/media?parent=20262"}],"wp:term":[{"taxonomy":"category","embeddable":true,"href":"https:\/\/us.edu.pl\/wydzial\/wh\/wp-json\/wp\/v2\/categories?post=20262"},{"taxonomy":"post_tag","embeddable":true,"href":"https:\/\/us.edu.pl\/wydzial\/wh\/wp-json\/wp\/v2\/tags?post=20262"}],"curies":[{"name":"wp","href":"https:\/\/api.w.org\/{rel}","templated":true}]}}