{"id":20269,"date":"2022-05-16T16:49:59","date_gmt":"2022-05-16T14:49:59","guid":{"rendered":"https:\/\/us.edu.pl\/wydzial\/wh\/?p=20269"},"modified":"2022-05-16T16:49:59","modified_gmt":"2022-05-16T14:49:59","slug":"kondolencje-dla-dr-hab-piotra-mameta-prof-pol-sl","status":"publish","type":"post","link":"https:\/\/us.edu.pl\/wydzial\/wh\/2022\/05\/16\/kondolencje-dla-dr-hab-piotra-mameta-prof-pol-sl\/","title":{"rendered":"Kondolencje dla dr. hab. Piotra Mameta, prof. Pol. \u015al."},"content":{"rendered":"<p>[vc_row][vc_column width=&#8221;2\/3&#8243;]\r\n                <div class=\"text-modules\">\r\n                    <div class=\"container\">\r\n                        \r\n                        <div class=\"text-modules__content\"><p><!--break--><\/p>\n<table style=\"margin: auto; border: 3px solid #000000;\" width=\"90%\" cellspacing=\"1\" cellpadding=\"1\">\n<tbody>\n<tr>\n<td style=\"text-align: center;\">&nbsp;<\/p>\n<p style=\"text-align: center;\">Panu<\/p>\n<p style=\"text-align: center;\"><strong>dr. hab. Piotrowi Mametowi, prof. Pol. \u015al. <\/strong><br \/>\n<strong>i Jego Najbli\u017cszym<\/strong><\/p>\n<p style=\"text-align: center;\">wyrazy najg\u0142\u0119bszego wsp\u00f3\u0142czucia po \u015bmierci<\/p>\n<p style=\"text-align: center;\"><strong>Matki<\/strong><\/p>\n<p style=\"text-align: center;\">sk\u0142adaj\u0105<\/p>\n<p style=\"text-align: center;\"><strong>Dyrekcja i Pracownicy Kierunku Filologia Angielska<\/strong><\/p>\n<p>&nbsp;<\/p>\n<p>&nbsp;<\/td>\n<\/tr>\n<\/tbody>\n<\/table>\n<p>\n<\/div>\r\n                    <\/div>\r\n                <\/div>\r\n                <div class=\"text-modules\">\r\n                    <div class=\"container\">\r\n                        \r\n                        <div class=\"text-modules__content\"><p><!--break--><\/p>\n<table style=\"margin: auto; border: 3px solid #000000;\" width=\"90%\" cellspacing=\"1\" cellpadding=\"1\">\n<tbody>\n<tr>\n<td style=\"text-align: center;\">&nbsp;<\/p>\n<p>&nbsp;<\/p>\n<p>W zwi\u0105zku ze \u015bmierci\u0105 Matki<\/p>\n<p>&nbsp;<\/p>\n<p>przekazujemy s\u0142owa g\u0142\u0119bokiego wsp\u00f3\u0142czucia<br \/>\nnaszemu by\u0142emu Koledze i Wsp\u00f3\u0142pracownikowi,<\/p>\n<p>&nbsp;<\/p>\n<p><strong>dr. hab. Piotrowi Mametowi, prof. Pol. \u015al. <\/strong><\/p>\n<p>&nbsp;<\/p>\n<p>O przyj\u0119cie wyraz\u00f3w wsparcia i otuchy prosi<\/p>\n<p>&nbsp;<\/p>\n<p><strong>Dyrekcja Instytutu J\u0119zykoznawstwa <\/strong><\/p>\n<p>&nbsp;<\/td>\n<\/tr>\n<\/tbody>\n<\/table>\n<p>\n<\/div>\r\n                    <\/div>\r\n                <\/div>[\/vc_column][vc_column width=&#8221;1\/3&#8243;]\r\n                <div class=\"text-modules\">\r\n                    <div class=\"container\">\r\n                        \r\n                        <div class=\"text-modules__content\"><\/p>\n<p><img class=\"alignnone wp-image-4519 size-full\" src=\"https:\/\/us.edu.pl\/wydzial\/wh\/wp-content\/uploads\/sites\/15\/obrazki-wyr\u00f3\u017cniaj\u0105ce\/kondolencje.jpg\" alt=\"pal\u0105ce si\u0119 \u015bwiece na czarnym tle\" width=\"400\" height=\"267\" srcset=\"https:\/\/us.edu.pl\/wydzial\/wh\/wp-content\/uploads\/sites\/15\/obrazki-wyr\u00f3\u017cniaj\u0105ce\/kondolencje.jpg 400w, https:\/\/us.edu.pl\/wydzial\/wh\/wp-content\/uploads\/sites\/15\/obrazki-wyr\u00f3\u017cniaj\u0105ce\/kondolencje-300x200.jpg 300w\" sizes=\"(max-width: 400px) 100vw, 400px\" \/><\/p>\n<\/div>\r\n                    <\/div>\r\n                <\/div>[\/vc_column][\/vc_row]<\/p>","protected":false},"excerpt":{"rendered":"<p>[vc_row][vc_column width=&#8221;2\/3&#8243;][\/vc_column][vc_column width=&#8221;1\/3&#8243;][\/vc_column][\/vc_row] [&#8230;]<\/p>\n<p><a class=\"btn btn-secondary understrap-read-more-link\" href=\"https:\/\/us.edu.pl\/wydzial\/wh\/2022\/05\/16\/kondolencje-dla-dr-hab-piotra-mameta-prof-pol-sl\/\">Read More&#8230;<\/a><\/p>\n","protected":false},"author":1,"featured_media":4519,"comment_status":"open","ping_status":"open","sticky":false,"template":"","format":"standard","meta":{"_expiration-date-status":"","_expiration-date":0,"_expiration-date-type":"","_expiration-date-categories":[],"_expiration-date-options":[]},"categories":[6],"tags":[71],"acf":[],"_links":{"self":[{"href":"https:\/\/us.edu.pl\/wydzial\/wh\/wp-json\/wp\/v2\/posts\/20269"}],"collection":[{"href":"https:\/\/us.edu.pl\/wydzial\/wh\/wp-json\/wp\/v2\/posts"}],"about":[{"href":"https:\/\/us.edu.pl\/wydzial\/wh\/wp-json\/wp\/v2\/types\/post"}],"author":[{"embeddable":true,"href":"https:\/\/us.edu.pl\/wydzial\/wh\/wp-json\/wp\/v2\/users\/1"}],"replies":[{"embeddable":true,"href":"https:\/\/us.edu.pl\/wydzial\/wh\/wp-json\/wp\/v2\/comments?post=20269"}],"version-history":[{"count":1,"href":"https:\/\/us.edu.pl\/wydzial\/wh\/wp-json\/wp\/v2\/posts\/20269\/revisions"}],"predecessor-version":[{"id":20270,"href":"https:\/\/us.edu.pl\/wydzial\/wh\/wp-json\/wp\/v2\/posts\/20269\/revisions\/20270"}],"wp:featuredmedia":[{"embeddable":true,"href":"https:\/\/us.edu.pl\/wydzial\/wh\/wp-json\/wp\/v2\/media\/4519"}],"wp:attachment":[{"href":"https:\/\/us.edu.pl\/wydzial\/wh\/wp-json\/wp\/v2\/media?parent=20269"}],"wp:term":[{"taxonomy":"category","embeddable":true,"href":"https:\/\/us.edu.pl\/wydzial\/wh\/wp-json\/wp\/v2\/categories?post=20269"},{"taxonomy":"post_tag","embeddable":true,"href":"https:\/\/us.edu.pl\/wydzial\/wh\/wp-json\/wp\/v2\/tags?post=20269"}],"curies":[{"name":"wp","href":"https:\/\/api.w.org\/{rel}","templated":true}]}}