{"id":21683,"date":"2022-06-10T11:18:53","date_gmt":"2022-06-10T09:18:53","guid":{"rendered":"https:\/\/us.edu.pl\/wydzial\/wh\/?p=21683"},"modified":"2022-06-10T13:17:15","modified_gmt":"2022-06-10T11:17:15","slug":"nabor-na-podyplomowe-studia-z-wiedzy-o-regionie-2","status":"publish","type":"post","link":"https:\/\/us.edu.pl\/wydzial\/wh\/2022\/06\/10\/nabor-na-podyplomowe-studia-z-wiedzy-o-regionie-2\/","title":{"rendered":"Nab\u00f3r na Podyplomowe Studia z Wiedzy o Regionie"},"content":{"rendered":"<p>[vc_row][vc_column width=&#8221;2\/3&#8243;]\r\n                <div class=\"text-modules\">\r\n                    <div class=\"container\">\r\n                        \r\n                        <div class=\"text-modules__content\"><p>Wydzia\u0142 Humanistyczny Uniwersytetu \u015al\u0105skiego we wsp\u00f3\u0142pracy z Urz\u0119dem Marsza\u0142kowskim Wojew\u00f3dztwa \u015al\u0105skiego og\u0142asza nab\u00f3r na sz\u00f3st\u0105 edycj\u0119 2022\/2023 dwusemestralnych, interdyscyplinarnych <strong>Podyplomowych Studi\u00f3w z Wiedzy o Regionie<\/strong><\/p>\n<p>Poprzednie edycje studi\u00f3w cieszy\u0142y si\u0119 ogromnym zainteresowaniem \u2013 uczestniczy\u0142o w nich ju\u017c ponad 100 s\u0142uchaczy. Koszt studi\u00f3w, dzi\u0119ki podpisanemu porozumieniu pomi\u0119dzy Marsza\u0142kiem Wojew\u00f3dztwa \u015al\u0105skiego a Uniwersytetem \u015al\u0105skim, zosta\u0142 podzielony mi\u0119dzy Urz\u0105d Marsza\u0142kowski, dan\u0105 gmin\u0119 deleguj\u0105c\u0105 nauczyciela oraz uczestnika.<\/p>\n<p><strong>\u00a0<\/strong><\/p>\n<p><strong>UWAGA! Nauczyciele ucz\u0105cy w szko\u0142ach na terenie naszego wojew\u00f3dztwa mog\u0105 otrzyma\u0107 dofinansowanie z Urz\u0119du Marsza\u0142kowskiego Wojew\u00f3dztwa \u015al\u0105skiego.<\/strong><\/p>\n<p>Nauczycieli, kt\u00f3rzy chc\u0105 skorzysta\u0107 z dofinansowania Urz\u0119du Marsza\u0142kowskiego i gminy, prosimy o zwr\u00f3cenie si\u0119 do jednostki odpowiedzialnej w gminie za prowadzenie szk\u00f3\u0142 i plac\u00f3wek edukacyjnych z zapytaniem, czy gmina jest w stanie przyj\u0105\u0107 pomoc finansow\u0105 Urz\u0119du Marsza\u0142kowskiego i przekazanie nam tej informacji wraz z dokumentami wymaganymi do przyj\u0119cia na Studia Podyplomowe.<\/p>\n<p>&nbsp;<\/p>\n<p><strong>Na zg\u0142oszenia czekamy <\/strong><span style=\"color: #ff0000;\"><strong><u>od 1 czerwca do<\/u><\/strong> <strong><u>23 wrze\u015bnia 2022 roku<\/u><\/strong><\/span><\/p>\n<p><strong>\u00a0<\/strong><\/p>\n<p><strong>UWAGA! Na studia mo\u017cna zapisa\u0107 si\u0119 online: <\/strong><a href=\"https:\/\/irk2.us.edu.pl\/pl\/offer\/POD-2022\/programme\/W1-NPWR19\/?from=registration:POD-2022\">https:\/\/irk2.us.edu.pl\/pl\/offer\/POD-2022\/programme\/W1-NPWR19\/?from=registration:POD-2022<\/a><\/p>\n<p><strong>\u00a0<\/strong><\/p>\n<p><strong>Szczeg\u00f3\u0142owe informacje<\/strong> znajduj\u0105 si\u0119 na stronie internetowej: <a href=\"https:\/\/www.studiapodyplomowe.us.edu.pl\/podyplomowe-studia-z-wiedzy-o-regionie\/\">https:\/\/www.studiapodyplomowe.us.edu.pl\/podyplomowe-studia-z-wiedzy-o-regionie\/<\/a><\/p>\n<p><strong>\u00a0<\/strong><\/p>\n<p><strong>Po zakwalifikowaniu na studia kandydat sk\u0142ada do 30 wrze\u015bnia 2022 r. nast\u0119puj\u0105ce dokumenty:<\/strong><\/p>\n<ul>\n<li>podanie o przyj\u0119cie na studia adresowane do Rektora,<\/li>\n<li>klauzula RODO dla s\u0142uchaczy studi\u00f3w podyplomowych,<\/li>\n<li>skan dyplomu uko\u0144czenia studi\u00f3w wy\u017cszych,<\/li>\n<li>skierowanie w przypadku kierowania na studia podyplomowe przez instytucj\u0119 zewn\u0119trzn\u0105, z podaniem kwoty dofinansowania oraz adresem i NIP-em instytucji,<\/li>\n<li>podanie z pro\u015bb\u0105 o przyj\u0119cie adresowane do kierowniczki studi\u00f3w, prof. dr hab. Jolanty Tambor,<\/li>\n<li>2 zdj\u0119cia,<\/li>\n<li>\u017cyciorys (CV, resum\u00e9),<\/li>\n<li>kwestionariusz.<\/li>\n<\/ul>\n<p><strong>\u00a0<\/strong><\/p>\n<p><strong>Odp\u0142atno\u015b\u0107: 1800 z\u0142 \/ semestr. P\u0142atno\u015b\u0107 w systemie ratalnym! <\/strong><\/p>\n<p><strong>(dla os\u00f3b korzystaj\u0105cych z dofinansowania p\u0142atno\u015b\u0107 <u>jednorazowa <\/u>ze wzgl\u0119d\u00f3w proceduralnych zwi\u0105zanych z finansami publicznymi)<\/strong><\/p>\n<p>&nbsp;<\/p>\n<p>Fotoreporta\u017ce, raporty i minisprawozdania ze zjazd\u00f3w poprzednich edycji znajduj\u0105 si\u0119 na naszym profilu na <a href=\"https:\/\/www.facebook.com\/regionpodyplomowe\/\">Facebooku<\/a>.<\/p>\n<p><strong>\u00a0<\/strong><\/p>\n<p><strong>Dane kontaktowe:<\/strong><\/p>\n<p>Wydzia\u0142 Humanistyczny Uniwersytet \u015al\u0105ski<\/p>\n<p>Uniwersytecka 4, 40-007 Katowice<\/p>\n<p>pok\u00f3j A07 (sekretariat czynny od poniedzia\u0142ku do pi\u0105tku od 10.00 do 15.00)<\/p>\n<p>tel. 32 2009 424 |\u00a0e-mail: <a href=\"mailto:regionpodyplomowe@us.edu.pl\">regionpodyplomowe@us.edu.pl<\/a><\/p>\n<\/div>\r\n                    <\/div>\r\n                <\/div>[\/vc_column][vc_column width=&#8221;1\/3&#8243;][vc_hoverbox image=&#8221;13204&#8243; primary_title=&#8221;&#8221; hover_title=&#8221;&#8221; hover_align=&#8221;left&#8221; shape=&#8221;square&#8221; hover_background_color=&#8221;custom&#8221; hover_custom_background=&#8221;#0095db&#8221;]<\/p>\n<p style=\"text-align: left;\"><span style=\"font-size: 14pt;\">\u2013 interdyscyplinarno\u015b\u0107, r\u00f3\u017cnorodno\u015b\u0107, wielodyscyplinowo\u015b\u0107,<\/span><\/p>\n<p style=\"text-align: left;\"><span style=\"font-size: 14pt;\">\u2013 \u015al\u0105sk, Zag\u0142\u0119bie, \u017bywiecczyzna, ziemia cz\u0119stochowska,<\/span><\/p>\n<p style=\"text-align: left;\"><span style=\"font-size: 14pt;\">\u2013 wyk\u0142ady, seminaria, wycieczki, gry i zabawy,<\/span><\/p>\n<p style=\"text-align: left;\"><span style=\"font-size: 14pt;\">\u2013 zaj\u0119cia akademickie i praktyczne sprawdzanie nabytych umiej\u0119tno\u015bci,<\/span><\/p>\n<p style=\"text-align: left;\"><span style=\"font-size: 14pt;\">\u2013 nowe kompetencje, interesuj\u0105ce wiadomo\u015bci, nowoczesne podej\u015bcie,<\/span><\/p>\n<p style=\"text-align: left;\"><span style=\"font-size: 14pt;\">\u2013 mo\u017cliwo\u015b\u0107 dofinansowania studi\u00f3w.<\/span><\/p>\n<p>[\/vc_hoverbox][\/vc_column][\/vc_row]<\/p>","protected":false},"excerpt":{"rendered":"<p>[vc_row][vc_column width=&#8221;2\/3&#8243;][\/vc_column][vc_column width=&#8221;1\/3&#8243;][vc_hoverbox image=&#8221;13204&#8243; primary_title=&#8221;&#8221; hover_title=&#8221;&#8221; hover_align=&#8221;left&#8221; shape=&#8221;square&#8221; hover_background_color=&#8221;custom&#8221; hover_custom_background=&#8221;#0095db&#8221;] \u2013 interdyscyplinarno\u015b\u0107, r\u00f3\u017cnorodno\u015b\u0107, wielodyscyplinowo\u015b\u0107, \u2013 \u015al\u0105sk, Zag\u0142\u0119bie, \u017bywiecczyzna, ziemia cz\u0119stochowska, \u2013 wyk\u0142ady, seminaria, wycieczki, gry i zabawy, \u2013 zaj\u0119cia akademickie i praktyczne sprawdzanie nabytych umiej\u0119tno\u015bci, \u2013 nowe kompetencje, interesuj\u0105ce wiadomo\u015bci, nowoczesne podej\u015bcie, \u2013 mo\u017cliwo\u015b\u0107 dofinansowania studi\u00f3w. [\/vc_hoverbox][\/vc_column][\/vc_row] [&#8230;]<\/p>\n<p><a class=\"btn btn-secondary understrap-read-more-link\" href=\"https:\/\/us.edu.pl\/wydzial\/wh\/2022\/06\/10\/nabor-na-podyplomowe-studia-z-wiedzy-o-regionie-2\/\">Read More&#8230;<\/a><\/p>\n","protected":false},"author":1,"featured_media":13205,"comment_status":"open","ping_status":"open","sticky":false,"template":"","format":"standard","meta":{"_expiration-date-status":"","_expiration-date":0,"_expiration-date-type":"","_expiration-date-categories":[],"_expiration-date-options":[]},"categories":[9],"tags":[],"acf":[],"_links":{"self":[{"href":"https:\/\/us.edu.pl\/wydzial\/wh\/wp-json\/wp\/v2\/posts\/21683"}],"collection":[{"href":"https:\/\/us.edu.pl\/wydzial\/wh\/wp-json\/wp\/v2\/posts"}],"about":[{"href":"https:\/\/us.edu.pl\/wydzial\/wh\/wp-json\/wp\/v2\/types\/post"}],"author":[{"embeddable":true,"href":"https:\/\/us.edu.pl\/wydzial\/wh\/wp-json\/wp\/v2\/users\/1"}],"replies":[{"embeddable":true,"href":"https:\/\/us.edu.pl\/wydzial\/wh\/wp-json\/wp\/v2\/comments?post=21683"}],"version-history":[{"count":3,"href":"https:\/\/us.edu.pl\/wydzial\/wh\/wp-json\/wp\/v2\/posts\/21683\/revisions"}],"predecessor-version":[{"id":21691,"href":"https:\/\/us.edu.pl\/wydzial\/wh\/wp-json\/wp\/v2\/posts\/21683\/revisions\/21691"}],"wp:featuredmedia":[{"embeddable":true,"href":"https:\/\/us.edu.pl\/wydzial\/wh\/wp-json\/wp\/v2\/media\/13205"}],"wp:attachment":[{"href":"https:\/\/us.edu.pl\/wydzial\/wh\/wp-json\/wp\/v2\/media?parent=21683"}],"wp:term":[{"taxonomy":"category","embeddable":true,"href":"https:\/\/us.edu.pl\/wydzial\/wh\/wp-json\/wp\/v2\/categories?post=21683"},{"taxonomy":"post_tag","embeddable":true,"href":"https:\/\/us.edu.pl\/wydzial\/wh\/wp-json\/wp\/v2\/tags?post=21683"}],"curies":[{"name":"wp","href":"https:\/\/api.w.org\/{rel}","templated":true}]}}